{"id":240473,"date":"2026-09-05T15:45:11","date_gmt":"2026-09-05T15:45:11","guid":{"rendered":"https:\/\/www.europesays.com\/be-fr\/240473\/"},"modified":"2026-09-05T15:45:11","modified_gmt":"2026-09-05T15:45:11","slug":"touche-davoir-ete-selectionne-par-lui-ce-sculpteur-sur-pierre-choisi-par-philippe-katerine-pour-son-expo-a-niort","status":"publish","type":"post","link":"https:\/\/www.europesays.com\/be-fr\/240473\/","title":{"rendered":"\u00ab\u00a0Touch\u00e9 d\u2019avoir \u00e9t\u00e9 s\u00e9lectionn\u00e9 par lui\u00a0\u00bb\u00a0: ce sculpteur sur pierre choisi par Philippe Katerine pour son expo \u00e0 Niort"},"content":{"rendered":"<p>\n                Article premium,<br \/>\n                    R\u00e9serv\u00e9 aux\u00a0abonn\u00e9s\n            <\/p>\n<p class=\"su-standfirst chapeau\">Fr\u00e9d\u00e9ric Emery, alias Pierre Delinfini, est sculpteur sur pierre \u00e0 Chich\u00e9 pr\u00e8s de Bressuire (Deux-S\u00e8vres). Il cr\u00e9e des \u0153uvres inspir\u00e9es de la pop-culture. L\u2019une d\u2019elles, \u00ab\u00a0Col\u00e8re\u00a0\u00bb, a \u00e9t\u00e9 choisie par Philippe Katerine pour son exposition au mus\u00e9e d\u2019Agesci de Niort.<\/p>\n<p>                                        <img decoding=\"async\" class=\"su-media\" src=\"https:\/\/media.ouest-france.fr\/v1\/pictures\/MjAyNjA5ZWE0NTc2YjJhYWFkMjkxMWI3ZDA1ZGQzN2NhZDYxNDI?width=630&amp;height=354&amp;focuspoint=50%2C25&amp;cropresize=1&amp;client_id=bpeditorial&amp;sign=8e8ef70cafcfec8bdc2fae51e818545917f9728daa452c0edf334f4153393b1e\" alt=\"La statue \u00ab\u00a0Col\u00e8re\u00a0\u00bb est l\u2019une des \u0153uvres les plus originales de Pierre Delinfini. S\u00e9lectionn\u00e9e par Philippe Katerine, elle sera bient\u00f4t expos\u00e9e au mus\u00e9e d\u2019Agesci de Niort.\"  \/><\/p>\n<p>                            La statue \u00ab\u00a0Col\u00e8re\u00a0\u00bb est l\u2019une des \u0153uvres les plus originales de Pierre Delinfini. S\u00e9lectionn\u00e9e par Philippe Katerine, elle sera bient\u00f4t expos\u00e9e au mus\u00e9e d\u2019Agesci de Niort. | DOCUMENT REMIS \u2013 PIERRE DELINFINI<\/p>\n<p>                            fermer<\/p>\n<p><img decoding=\"async\" data-ofmaxheight=\"\" class=\"su-media lazyload\" alt=\"La statue \u00ab\u00a0Col\u00e8re\u00a0\u00bb est l\u2019une des \u0153uvres les plus originales de Pierre Delinfini. S\u00e9lectionn\u00e9e par Philippe Katerine, elle sera bient\u00f4t expos\u00e9e au mus\u00e9e d\u2019Agesci de Niort.\" src=\"data:image\/png;base64,iVBORw0KGgoAAAANSUhEUgAAABAAAAAJCAYAAAA7KqwyAAAAGXRFWHRTb2Z0d2FyZQBBZG9iZSBJbWFnZVJlYWR5ccllPAAAABhJREFUeNpi\/P\/\/PwMlgHHUgFEDgAAgwAD+lBrvy+NcxAAAAABJRU5ErkJggg==\" data-oflazyload=\"{&quot;srcset&quot;:&quot;https:\/\/media.ouest-france.fr\/v1\/pictures\/MjAyNjA5ZWE0NTc2YjJhYWFkMjkxMWI3ZDA1ZGQzN2NhZDYxNDI?width=320&amp;focuspoint=50%2C25&amp;cropresize=1&amp;client_id=bpeditorial&amp;sign=1f57020d133ce9169c10a813c84232a5166a17e3c1eed44d562336e1920a275f 320w,https:\/\/media.ouest-france.fr\/v1\/pictures\/MjAyNjA5ZWE0NTc2YjJhYWFkMjkxMWI3ZDA1ZGQzN2NhZDYxNDI?width=375&amp;focuspoint=50%2C25&amp;cropresize=1&amp;client_id=bpeditorial&amp;sign=3d8c6ec03b6e9558a80c77e3bf6059892b9cad1c0148ffcdd740561bcd59e748 360w,https:\/\/media.ouest-france.fr\/v1\/pictures\/MjAyNjA5ZWE0NTc2YjJhYWFkMjkxMWI3ZDA1ZGQzN2NhZDYxNDI?width=480&amp;focuspoint=50%2C25&amp;cropresize=1&amp;client_id=bpeditorial&amp;sign=ab967566e41f6db7efa65f1daaad2af8a2177d3887d313700bf5e3757ef2c997 480w,https:\/\/media.ouest-france.fr\/v1\/pictures\/MjAyNjA5ZWE0NTc2YjJhYWFkMjkxMWI3ZDA1ZGQzN2NhZDYxNDI?width=630&amp;focuspoint=50%2C25&amp;cropresize=1&amp;client_id=bpeditorial&amp;sign=3965317fa40c778dd1241bf16f41923a2e4d6103fd904677c327461e9beea85c 630w,https:\/\/media.ouest-france.fr\/v1\/pictures\/MjAyNjA5ZWE0NTc2YjJhYWFkMjkxMWI3ZDA1ZGQzN2NhZDYxNDI?width=940&amp;focuspoint=50%2C25&amp;cropresize=1&amp;client_id=bpeditorial&amp;sign=37d2a9dcdd227a95558f34cee2f04346b0da49679abfb77670b411b015247d98 940w,https:\/\/media.ouest-france.fr\/v1\/pictures\/MjAyNjA5ZWE0NTc2YjJhYWFkMjkxMWI3ZDA1ZGQzN2NhZDYxNDI?width=1260&amp;focuspoint=50%2C25&amp;cropresize=1&amp;client_id=bpeditorial&amp;sign=cb2594cb04e3c751aa7c3d137e1b795354fce24ba89827addc41f9d10725f441 1260w&quot;}\"\/>La statue \u00ab\u00a0Col\u00e8re\u00a0\u00bb est l\u2019une des \u0153uvres les plus originales de Pierre Delinfini. S\u00e9lectionn\u00e9e par Philippe Katerine, elle sera bient\u00f4t expos\u00e9e au mus\u00e9e d\u2019Agesci de Niort. | DOCUMENT REMIS \u2013 PIERRE DELINFINI                            <\/p>\n<p data-ofstats-scroll=\"read_depth_10\">On sent la rage s\u2019exprimer en lui. Son intention est ferme et r\u00e9solue\u00a0: le super-h\u00e9ros Hulk veut sortir de la gangue qui l\u2019oppresse, ce buste sans t\u00eate ni membres, et s\u2019extirper de sa peu enviable condition. La \u00ab\u00a0Col\u00e8re\u00a0\u00bb \u2013 nom de cette statue r\u00e9alis\u00e9e par<a href=\"https:\/\/www.ouest-france.fr\/nouvelle-aquitaine\/bressuire-79300\/le-premier-artiste-a-sculpter-en-direct-dans-le-carrousel-du-louvre-a26dbc80-afe8-11f0-a612-0f338f9cdd87\" target=\"_self\" rel=\"nofollow noopener\"> le sculpteur bressuirais Pierre Delinfini<\/a>\u00a0(il s\u2019agit de l\u2019alias de Fr\u00e9d\u00e9ric Emery) en 2023 \u2013 anime le super-h\u00e9ros. Col\u00e8re, car il aurait tant de choses \u00e0 dire, sur son pass\u00e9 notamment et sa vie actuelle. Col\u00e8re aussi devant la difficult\u00e9 \u00e0 r\u00e9aliser son dessein\u2026<\/p>\n<p>C\u2019est l\u2019une de mes statues les plus particuli\u00e8res, en tout cas la plus d\u00e9jant\u00e9e. C\u2019est celle qui interpelle le plus lorsque je l\u2019expose\u00a0: soit les gens adorent, soit ils ha\u00efssent cette cr\u00e9ation. Elle a \u00e9t\u00e9 con\u00e7ue \u00e0 la fa\u00e7on des sculpteurs antiques. C\u2019est un clin d\u2019\u0153il aux sculpteurs d\u2019autrefois. \u00c0 l\u2019int\u00e9rieur des yeux d\u2019Hulk, on&#8230;<\/p>\n<p style=\"text-align: center; background-color: #dbbe4d; padding-top: 5px; padding-bottom: 5px; font-size: 14px;\">D\u00e9j\u00e0 abonn\u00e9 ? <a data-trkartmonet=\"Identification\" data-trk-sipa=\"{\" blockcategory=\"\" paywall=\"\" href=\"http:\/\/www.ouest-france.fr\/login?redirect=https:\/\/www.ouest-france.fr\/culture\/arts\/touche-davoir-ete-selectionne-par-lui-ce-sculpteur-sur-pierre-choisi-par-philippe-katerine-pour-son-expo-a-niort-32a167c0-a845-11f1-a618-771a80631f2f\" rel=\"nofollow noopener\" title=\"Se connecter \u00e0 Ouest-France\" class=\"su-link-light\" target=\"_blank\">Connectez-vous<\/a><\/p>\n<p style=\"text-align: center; padding-top: 15px; padding-bottom: 8px; vertical-align: bottom;\">bloqu\u00e9 Pour lire la suite, abonnez-vous<\/p>\n<p style=\"text-align: center;\">1er mois \u00e0 1\u20ac<\/p>\n<p style=\"text-align: center; margin-top: -5px;\">Annulable \u00e0 tout moment<\/p>\n<p style=\"text-align: center;\">\u00a0<\/p>\n<p style=\"text-align: center;\"><a data-ida=\"\" data-trkartmonet=\"Tunnel OF+\" data-trk-sipa=\"{&#010;\" blockcategory=\"\" paywall=\"\" :=\"\" m=\"\" of=\"\" class=\"su-button su-subscription\" data-trk-bloc=\"paywall\" href=\"https:\/\/abonnement.ouest-france.fr\/le-courrier-de-l-ouest\/tunnel\/pack-essentiel-article\/122096117106?int_medium=lien&amp;int_campaign=PWFR0225-CO&amp;int_content=page-article-payant_boutonjaune-paywall&amp;marquesource=CO&amp;rt=https:\/\/www.ouest-france.fr\/culture\/arts\/touche-davoir-ete-selectionne-par-lui-ce-sculpteur-sur-pierre-choisi-par-philippe-katerine-pour-son-expo-a-niort-32a167c0-a845-11f1-a618-771a80631f2f\" rel=\"nofollow noopener\" target=\"_blank\">Je m&rsquo;abonne<\/a><\/p>\n<p style=\"text-align: center; padding-top: 10px; padding-bottom: 10px;\"><img decoding=\"async\" src=\"https:\/\/media.ouest-france.fr\/v1\/fonts\/be7723fcee3f1866f1ce99184077fc6f-carte-bancaire.svg?height=36\" alt=\"CB\"\/>\u00a0\u00a0<img decoding=\"async\" src=\"https:\/\/media.ouest-france.fr\/v1\/fonts\/1819d54c599d8afa64539cfba4ac9dde-rib.svg?height=36\" alt=\"RIB\"\/><\/p>\n","protected":false},"excerpt":{"rendered":"Article premium, R\u00e9serv\u00e9 aux\u00a0abonn\u00e9s Fr\u00e9d\u00e9ric Emery, alias Pierre Delinfini, est sculpteur sur pierre \u00e0 Chich\u00e9 pr\u00e8s de Bressuire&hellip;\n","protected":false},"author":2,"featured_media":240474,"comment_status":"","ping_status":"","sticky":false,"template":"","format":"standard","meta":{"footnotes":"","_share_on_mastodon":"0"},"categories":[101],"tags":[126,124,125,12,13,18,17,12447,127,5204,96,95,1696,5052,1182],"class_list":["post-240473","post","type-post","status-publish","format-standard","has-post-thumbnail","category-arts-et-design","tag-arts","tag-arts-and-design","tag-arts-et-design","tag-be","tag-be-fr","tag-belgique","tag-belgium","tag-bressuire","tag-design","tag-deux-sevres","tag-divertissement","tag-entertainment","tag-niort","tag-thouars","tag-une"],"share_on_mastodon":{"url":"https:\/\/pubeurope.com\/@be_fr\/117219211779028112","error":""},"_links":{"self":[{"href":"https:\/\/www.europesays.com\/be-fr\/wp-json\/wp\/v2\/posts\/240473","targetHints":{"allow":["GET"]}}],"collection":[{"href":"https:\/\/www.europesays.com\/be-fr\/wp-json\/wp\/v2\/posts"}],"about":[{"href":"https:\/\/www.europesays.com\/be-fr\/wp-json\/wp\/v2\/types\/post"}],"author":[{"embeddable":true,"href":"https:\/\/www.europesays.com\/be-fr\/wp-json\/wp\/v2\/users\/2"}],"replies":[{"embeddable":true,"href":"https:\/\/www.europesays.com\/be-fr\/wp-json\/wp\/v2\/comments?post=240473"}],"version-history":[{"count":0,"href":"https:\/\/www.europesays.com\/be-fr\/wp-json\/wp\/v2\/posts\/240473\/revisions"}],"wp:featuredmedia":[{"embeddable":true,"href":"https:\/\/www.europesays.com\/be-fr\/wp-json\/wp\/v2\/media\/240474"}],"wp:attachment":[{"href":"https:\/\/www.europesays.com\/be-fr\/wp-json\/wp\/v2\/media?parent=240473"}],"wp:term":[{"taxonomy":"category","embeddable":true,"href":"https:\/\/www.europesays.com\/be-fr\/wp-json\/wp\/v2\/categories?post=240473"},{"taxonomy":"post_tag","embeddable":true,"href":"https:\/\/www.europesays.com\/be-fr\/wp-json\/wp\/v2\/tags?post=240473"}],"curies":[{"name":"wp","href":"https:\/\/api.w.org\/{rel}","templated":true}]}}