{"id":240483,"date":"2026-09-05T15:54:11","date_gmt":"2026-09-05T15:54:11","guid":{"rendered":"https:\/\/www.europesays.com\/be-fr\/240483\/"},"modified":"2026-09-05T15:54:11","modified_gmt":"2026-09-05T15:54:11","slug":"etats-unis-un-passager-incontrolable-scotche-a-son-siege-dans-lavion-le-vol-american-airlines-deroute","status":"publish","type":"post","link":"https:\/\/www.europesays.com\/be-fr\/240483\/","title":{"rendered":"\u00c9tats-Unis. Un passager\u00a0incontr\u00f4lable scotch\u00e9 \u00e0 son si\u00e8ge dans l&rsquo;avion, le vol American Airlines d\u00e9rout\u00e9"},"content":{"rendered":"<p>Le voyage ne s\u2019est pas d\u00e9roul\u00e9 comme pr\u00e9vu pour les passagers du vol 618 d\u2019American Airlines. Jeudi 3 septembre, l\u2019avion qui reliait Dallas-Fort Worth, au Texas, \u00e0 Newark, dans le New Jersey, a d\u00fb effectuer un atterrissage impr\u00e9vu \u00e0 Baltimore, dans le Maryland, apr\u00e8s un incident impliquant un passager particuli\u00e8rement agit\u00e9.<\/p>\n<p>Selon les t\u00e9moignages recueillis par CBS News et les informations de <a href=\"https:\/\/www.tmz.com\/2026\/09\/04\/man-gets-duct-taped-on-american-airlines-flight\/\" target=\"_blank\" rel=\"nofollow noopener\">TMZ<\/a>, la situation aurait d\u00e9g\u00e9n\u00e9r\u00e9 environ deux heures apr\u00e8s le d\u00e9collage. Un passager aurait commenc\u00e9 \u00e0 crier et \u00e0 s\u2019en prendre verbalement aux personnes autour de lui. Un t\u00e9moin raconte que la situation est pass\u00e9e \u00ab du calme aux cris et au chaos \u00bb en quelques instants.<\/p>\n<p>  Scotch\u00e9 \u00e0 son si\u00e8ge<\/p>\n<p>Le comportement de l\u2019homme serait ensuite devenu violent. D\u2019apr\u00e8s des t\u00e9moins cit\u00e9s par <a href=\"https:\/\/www.cbsnews.com\/texas\/news\/american-airlines-passenger-duct-taped-to-seat\/\" target=\"_blank\" rel=\"nofollow noopener\">CBS News<\/a>, il aurait agress\u00e9 le passager assis \u00e0 c\u00f4t\u00e9 de lui, notamment en lui saisissant le cou et aurait frapp\u00e9 son ordinateur. Une h\u00f4tesse de l\u2019air aurait tent\u00e9 d\u2019intervenir pour calmer le passager. Celui-ci aurait alors prof\u00e9r\u00e9 une insulte raciste \u00e0 son encontre et tenu des propos homophobes, selon les t\u00e9moignages rapport\u00e9s par les m\u00e9dias am\u00e9ricains.\u00a0<\/p>\n<p>Face \u00e0 la situation, plusieurs voyageurs et membres de l\u2019\u00e9quipage ont d\u00e9cid\u00e9 de l\u2019immobiliser avec des liens de serrage et du ruban adh\u00e9sif pour le maintenir sur son si\u00e8ge. Des images obtenues par TMZ montrent l\u2019homme attach\u00e9 au niveau du corps, des poignets et de la t\u00eate.<\/p>\n<p>Ce contenu est bloqu\u00e9 car vous n&rsquo;avez pas accept\u00e9 les cookies et autres traceurs.<\/p>\n<p>En cliquant sur \u00ab J\u2019accepte \u00bb, les cookies et autres traceurs seront d\u00e9pos\u00e9s et vous pourrez visualiser les contenus  (<a href=\"\" class=\"consentModule_policy\" target=\"_blank\" title=\"Consulter la politique de protection des donn\u00e9es du fournisseur\">plus d&rsquo;informations<\/a>).<\/p>\n<p>En cliquant sur \u00ab J\u2019accepte tous les cookies \u00bb, vous autorisez des d\u00e9p\u00f4ts de cookies et autres traceurs pour le stockage de vos donn\u00e9es sur nos sites et applications \u00e0 des fins de personnalisation et de ciblage publicitaire.<\/p>\n<p class=\"consentModule_secondaryText\">Vous gardez la possibilit\u00e9 de retirer votre consentement \u00e0 tout moment en consultant notre <a href=\"https:\/\/www.ledauphine.com\/protection-des-donnees\" target=\"_blank\" title=\"Consulter notre politique de protection des donn\u00e9es\" rel=\"nofollow noopener\">politique de protection des donn\u00e9es<\/a>. <br \/>&#13;<br \/>\n            <a href=\"https:\/\/www.ledauphine.com\/faits-divers-justice\/2026\/09\/05\/javascript:Didomi.notice.show()\" class=\"consentModule_cmp\" rel=\"nofollow noopener\" target=\"_blank\">G\u00e9rer mes choix<\/a>&#13;\n        <\/p>\n<p>&#13;<br \/>\n                        J&rsquo;accepte&#13;<br \/>\n            J&rsquo;accepte tous les cookies&#13;\n        <\/p>\n<p>  L\u2019avion d\u00e9rout\u00e9 vers Baltimore<\/p>\n<p>Pour des raisons de s\u00e9curit\u00e9, le commandant de bord a finalement d\u00e9cid\u00e9 de <a href=\"https:\/\/www.ledauphine.com\/faits-divers-justice\/2026\/02\/02\/un-vol-air-france-bangkok-paris-deroute-en-urgence-vers-la-georgie-a-cause-d-une-odeur-suspecte\" target=\"_blank\" rel=\"nofollow noopener\">d\u00e9router le vol<\/a> vers l\u2019a\u00e9roport international de Baltimore-Washington. L\u2019appareil a atterri environ quinze minutes plus tard. Les forces de l\u2019ordre attendaient l\u2019avion \u00e0 son arriv\u00e9e et ont interpell\u00e9 le passager. L\u2019homme a \u00e9t\u00e9 plac\u00e9 en garde \u00e0 vue et fait actuellement l\u2019objet de poursuites de la part de l\u2019\u00c9tat du Maryland.<\/p>\n<p>American Airlines a de son c\u00f4t\u00e9 confirm\u00e9 que le vol 618 avait \u00e9t\u00e9 d\u00e9rout\u00e9 en raison d\u2019un \u00ab passager perturbateur \u00bb. Dans un communiqu\u00e9, la compagnie a assur\u00e9 que \u00ab la s\u00e9curit\u00e9 et la s\u00fbret\u00e9 \u00bb de ses clients et de ses \u00e9quipes constituaient sa priorit\u00e9 et qu\u2019elle ne \u00ab tol\u00e8re pas la violence \u00bb. Apr\u00e8s l\u2019intervention des forces de l\u2019ordre, l\u2019avion a pu reprendre sa route vers Newark.<\/p>\n","protected":false},"excerpt":{"rendered":"Le voyage ne s\u2019est pas d\u00e9roul\u00e9 comme pr\u00e9vu pour les passagers du vol 618 d\u2019American Airlines. Jeudi 3&hellip;\n","protected":false},"author":2,"featured_media":240484,"comment_status":"","ping_status":"","sticky":false,"template":"","format":"standard","meta":{"footnotes":"","_share_on_mastodon":"0"},"categories":[9],"tags":[12,13,18,17,6508,288,359,110,31,67,32],"class_list":["post-240483","post","type-post","status-publish","format-standard","has-post-thumbnail","category-international","tag-be","tag-be-fr","tag-belgique","tag-belgium","tag-faits-divers-justice","tag-fil-info","tag-france-monde","tag-insolite","tag-international","tag-transport","tag-world-news"],"share_on_mastodon":{"url":"https:\/\/pubeurope.com\/@be_fr\/117219246881921650","error":""},"_links":{"self":[{"href":"https:\/\/www.europesays.com\/be-fr\/wp-json\/wp\/v2\/posts\/240483","targetHints":{"allow":["GET"]}}],"collection":[{"href":"https:\/\/www.europesays.com\/be-fr\/wp-json\/wp\/v2\/posts"}],"about":[{"href":"https:\/\/www.europesays.com\/be-fr\/wp-json\/wp\/v2\/types\/post"}],"author":[{"embeddable":true,"href":"https:\/\/www.europesays.com\/be-fr\/wp-json\/wp\/v2\/users\/2"}],"replies":[{"embeddable":true,"href":"https:\/\/www.europesays.com\/be-fr\/wp-json\/wp\/v2\/comments?post=240483"}],"version-history":[{"count":0,"href":"https:\/\/www.europesays.com\/be-fr\/wp-json\/wp\/v2\/posts\/240483\/revisions"}],"wp:featuredmedia":[{"embeddable":true,"href":"https:\/\/www.europesays.com\/be-fr\/wp-json\/wp\/v2\/media\/240484"}],"wp:attachment":[{"href":"https:\/\/www.europesays.com\/be-fr\/wp-json\/wp\/v2\/media?parent=240483"}],"wp:term":[{"taxonomy":"category","embeddable":true,"href":"https:\/\/www.europesays.com\/be-fr\/wp-json\/wp\/v2\/categories?post=240483"},{"taxonomy":"post_tag","embeddable":true,"href":"https:\/\/www.europesays.com\/be-fr\/wp-json\/wp\/v2\/tags?post=240483"}],"curies":[{"name":"wp","href":"https:\/\/api.w.org\/{rel}","templated":true}]}}