{"id":240489,"date":"2026-09-05T15:58:11","date_gmt":"2026-09-05T15:58:11","guid":{"rendered":"https:\/\/www.europesays.com\/be-fr\/240489\/"},"modified":"2026-09-05T15:58:11","modified_gmt":"2026-09-05T15:58:11","slug":"des-artistes-cessent-de-vendre-leurs-oeuvres-aux-etats-unis","status":"publish","type":"post","link":"https:\/\/www.europesays.com\/be-fr\/240489\/","title":{"rendered":"Des artistes cessent de vendre leurs \u0153uvres aux \u00c9tats-Unis"},"content":{"rendered":"<p class=\"sc-e5s2wj-7\">Les artistes sont aussi durement touch\u00e9s par les droits de douane de 50\u00a0% d\u00e9cr\u00e9t\u00e9s r\u00e9cemment par les \u00c9tats-Unis sur de nombreux produits canadiens, au point que certaines en Nouvelle-\u00c9cosse cessent de vendre leurs produits dans ce pays.<\/p>\n<p class=\"sc-e5s2wj-7\">L\u2019artiste Chris Warburton Hulme, \u00e0 Eastern Passage, exportait la moiti\u00e9 de ses \u0153uvres de m\u00e9dia mixte vers les \u00c9tats-Unis, mais tout cela a chang\u00e9.<\/p>\n<p class=\"sc-e5s2wj-7\">Mon art n\u2019ira plus aux \u00c9tats-Unis, d\u00e9cr\u00e8te-t-elle, en raison des droits am\u00e9ricains de 50\u00a0% qui s&rsquo;appliquent aux \u0153uvres d&rsquo;art originales.<\/p>\n<p class=\"sc-e5s2wj-7\">Par exemple, explique-t-elle, une peinture qu&rsquo;elle pourrait vendre \u00e0 300\u00a0$ co\u00fbterait 150\u00a0$ de plus. C&rsquo;est un co\u00fbt additionnel que les clients ne veulent pas forc\u00e9ment payer.<\/p>\n<p class=\"sc-e5s2wj-7\">Ces droits de douane font tr\u00e8s mal aux entreprises comme la sienne, ajoute Chris Warburton Hulme.<\/p>\n<p class=\"sc-e5s2wj-7\">L&rsquo;artiste Miranda Jordan, qui peint sur des bouteilles en verre pour cr\u00e9er des lampes d\u00e9coratives aux couleurs vives, a aussi cess\u00e9 de vendre ses \u0153uvres \u00e0 des clients am\u00e9ricains en raison du casse-t\u00eate administratif engendr\u00e9 par la guerre tarifaire.<\/p>\n<p class=\"sc-e5s2wj-7\">Cela n\u2019en vaut pas la peine, alors je ne le fais plus, dit-elle. <\/p>\n<p><img decoding=\"async\" alt=\"Une femme interview\u00e9e dans son studio de peinture.\" class=\"_imgHasBrightnessFilterInDarkMode_uexo0_7 absolute left-0 top-0 size-full object-cover transition-opacity ease-out print:relative\" loading=\"lazy\" src=\"https:\/\/www.europesays.com\/be-fr\/wp-content\/uploads\/2026\/09\/miranda-jordan-artiste-nouvelle-ecosse.jpg\"\/>Ouvrir en mode plein \u00e9cran<\/p>\n<p class=\"mb-0 text-3 leading-6\">L&rsquo;artiste Miranda Jordan cesse aussi de vendre ses \u0153uvres aux \u00c9tats-Unis.<\/p>\n<p class=\"image-credit text-gray600 light:text-gray600 dark:text-gray400 mb-0 text-small uppercase leading-6\">Photo : Radio-Canada<\/p>\n<p class=\"sc-e5s2wj-7\">Les deux artistes se tournent maintenant vers les acheteurs canadiens et esp\u00e8rent qu\u2019ils seront au rendez-vous.<\/p>\n<p class=\"sc-e5s2wj-7\">Les contre-tarifs du Canada entrent en vigueur mardi, mais contrairement aux droits am\u00e9ricains, ils ne s\u2019appliqueront pas aux \u0153uvres d\u2019art originales.<\/p>\n","protected":false},"excerpt":{"rendered":"Les artistes sont aussi durement touch\u00e9s par les droits de douane de 50\u00a0% d\u00e9cr\u00e9t\u00e9s r\u00e9cemment par les \u00c9tats-Unis&hellip;\n","protected":false},"author":2,"featured_media":240490,"comment_status":"","ping_status":"","sticky":false,"template":"","format":"standard","meta":{"footnotes":"","_share_on_mastodon":"0"},"categories":[101],"tags":[126,124,125,12,13,18,17,127,96,95],"class_list":["post-240489","post","type-post","status-publish","format-standard","has-post-thumbnail","category-arts-et-design","tag-arts","tag-arts-and-design","tag-arts-et-design","tag-be","tag-be-fr","tag-belgique","tag-belgium","tag-design","tag-divertissement","tag-entertainment"],"share_on_mastodon":{"url":"https:\/\/pubeurope.com\/@be_fr\/117219263227566155","error":""},"_links":{"self":[{"href":"https:\/\/www.europesays.com\/be-fr\/wp-json\/wp\/v2\/posts\/240489","targetHints":{"allow":["GET"]}}],"collection":[{"href":"https:\/\/www.europesays.com\/be-fr\/wp-json\/wp\/v2\/posts"}],"about":[{"href":"https:\/\/www.europesays.com\/be-fr\/wp-json\/wp\/v2\/types\/post"}],"author":[{"embeddable":true,"href":"https:\/\/www.europesays.com\/be-fr\/wp-json\/wp\/v2\/users\/2"}],"replies":[{"embeddable":true,"href":"https:\/\/www.europesays.com\/be-fr\/wp-json\/wp\/v2\/comments?post=240489"}],"version-history":[{"count":0,"href":"https:\/\/www.europesays.com\/be-fr\/wp-json\/wp\/v2\/posts\/240489\/revisions"}],"wp:featuredmedia":[{"embeddable":true,"href":"https:\/\/www.europesays.com\/be-fr\/wp-json\/wp\/v2\/media\/240490"}],"wp:attachment":[{"href":"https:\/\/www.europesays.com\/be-fr\/wp-json\/wp\/v2\/media?parent=240489"}],"wp:term":[{"taxonomy":"category","embeddable":true,"href":"https:\/\/www.europesays.com\/be-fr\/wp-json\/wp\/v2\/categories?post=240489"},{"taxonomy":"post_tag","embeddable":true,"href":"https:\/\/www.europesays.com\/be-fr\/wp-json\/wp\/v2\/tags?post=240489"}],"curies":[{"name":"wp","href":"https:\/\/api.w.org\/{rel}","templated":true}]}}