{"id":240501,"date":"2026-09-05T16:12:10","date_gmt":"2026-09-05T16:12:10","guid":{"rendered":"https:\/\/www.europesays.com\/be-fr\/240501\/"},"modified":"2026-09-05T16:12:10","modified_gmt":"2026-09-05T16:12:10","slug":"le-futur-musee-des-beaux-arts-de-reims-se-devoile-a-la-foire-de-chalons","status":"publish","type":"post","link":"https:\/\/www.europesays.com\/be-fr\/240501\/","title":{"rendered":"Le futur mus\u00e9e des Beaux-Arts de Reims se d\u00e9voile \u00e0 la Foire de Ch\u00e2lons"},"content":{"rendered":"<p>\tL\u2019ouverture du mus\u00e9e des Beaux-Arts de Reims est d\u00e9sormais pr\u00e9vue pendant la seconde quinzaine de juin 2027. Alors que le chantier bat son plein, le parcours de visite a \u00e9t\u00e9 pr\u00e9sent\u00e9, samedi 5 septembre 2026, sur le stand de la Ville de Reims \u00e0 la Foire de Ch\u00e2lons.<\/p>\n<p>   Article r\u00e9serv\u00e9 aux abonn\u00e9s<\/p>\n<p>                    <a href=\"https:\/\/google.com\/preferences\/source?q=lunion.fr\" target=\"_blank\" class=\"r-btn r-btn--outline-dark r-btn--google js-datalayer-click\" title=\"Ajouter sur Google\" data-clic-category=\"article\" data-clic-component=\"pr\u00e9f\u00e9rences\" data-clic-element-type=\"CTA\" data-clic-element-name=\"source\" pr=\"\" google=\"\" rel=\"nofollow noopener\"><\/p>\n<p>                      Ajouter L&rsquo;union sur Google<br \/>\n                  <\/a><\/p>\n<p>  <img decoding=\"async\" data-copyright=\"Val\u00e9rie Coulet\" class=\"r-img lazy\" data-  src=\"https:\/\/www.europesays.com\/be-fr\/wp-content\/uploads\/2026\/09\/100374611.jpeg\" typeof=\"foaf:Image\" alt=\"La pr\u00e9sentation du futur parcours de visite a \u00e9t\u00e9 faite, samedi 5 septembre 2026, sur le stand de la Ville de Reims, \u00e0 la Foire de Ch\u00e2lons-en-Champagne.\"\/><img decoding=\"async\" class=\"r-img\" src=\"https:\/\/www.europesays.com\/be-fr\/wp-content\/uploads\/2026\/09\/100374611.jpeg\" alt=\"La pr\u00e9sentation du futur parcours de visite a \u00e9t\u00e9 faite, samedi 5 septembre 2026, sur le stand de la Ville de Reims, \u00e0 la Foire de Ch\u00e2lons-en-Champagne.\"\/>  <\/p>\n<p>Article<\/p>\n<p>  <img decoding=\"async\" class=\"r-img lazyloaded\" src=\"https:\/\/www.europesays.com\/be-fr\/wp-content\/uploads\/2026\/09\/coulet_valerie_ok.png\" alt=\"\"\/><\/p>\n<p>\tPubli\u00e9: 5 septembre 2026 \u00e0 17h16<\/p>\n<p>Temps de lecture:<br \/>\n3 min<\/p>\n<p>Voil\u00e0 d\u00e9j\u00e0 sept ans que le mus\u00e9e des Beaux-Arts de Reims est ferm\u00e9 au public pour de lourds travaux de r\u00e9novation et d\u2019agrandissement. Sept ans, c\u2019est long\u00a0! Mais il va falloir encore patienter pendant exactement un an et neuf mois.<\/p>\n<p>&#13;<br \/>\n&#13;<\/p>\n<p>&#13;<br \/>\n&#13;<\/p>\n<p>      Article r\u00e9serv\u00e9 aux abonn\u00e9s<\/p>\n<p>Pour lire la suite de cet article :<\/p>\n<p>Abonnez-vous \u00e0 notre offre num\u00e9rique. <\/p>\n<p>        <a onclick=\"dataLayer.push({&#039;event&#039;: &#039;PWClick&#039;,&#039;PWVersion&#039;: &#039;PW_en_dur&#039;,&#039;CTAClass&#039;:&#039;En profiter_https:\/\/espace-abonnement.lunion.fr\/offre-article-union&#039;})\" class=\"r-btn r-btn--secondary js-sso--url\" target=\"_self\" id=\"btn_paywall_subscribe\" href=\"https:\/\/espace-abonnement.lunion.fr\/abonnement\/lunion-de-reims\" rel=\"nofollow noopener\">En profiter<\/a><\/p>\n<p>        Vous \u00eates d\u00e9j\u00e0 abonn\u00e9 ou inscrit ?<br \/><a onclick=\"dataLayer.push({&#039;event&#039;: &#039;PWClick&#039;,&#039;PWVersion&#039;: &#039;PW_en_dur&#039;,&#039;CTAClass&#039;:&#039;Connectez vous_https:\/\/login.lavoix.com\/html\/login&#039;});\" class=\"js-sso--url\" href=\"https:\/\/ssov3.lunion.fr\/product\/redirect?product_id=fr_lunion&amp;return_to=http:\/\/www.lunion.fr\/id826190\/article\/2026-09-05\/le-futur-musee-des-beaux-arts-de-reims-se-devoile-la-foire-de-chalons\" id=\"btn_paywall_login\" rel=\"nofollow noopener\" target=\"_blank\">Connectez-vous<\/a><\/p>\n<p>&#13;<br \/>\n&#13;<\/p>\n<p>&#13;<br \/>\n&#13;<\/p>\n<p>                          Juste pour vous<\/p>\n","protected":false},"excerpt":{"rendered":"L\u2019ouverture du mus\u00e9e des Beaux-Arts de Reims est d\u00e9sormais pr\u00e9vue pendant la seconde quinzaine de juin 2027. Alors&hellip;\n","protected":false},"author":2,"featured_media":240502,"comment_status":"","ping_status":"","sticky":false,"template":"","format":"standard","meta":{"footnotes":"","_share_on_mastodon":"0"},"categories":[101],"tags":[126,124,125,12,13,18,17,127,96,95],"class_list":["post-240501","post","type-post","status-publish","format-standard","has-post-thumbnail","category-arts-et-design","tag-arts","tag-arts-and-design","tag-arts-et-design","tag-be","tag-be-fr","tag-belgique","tag-belgium","tag-design","tag-divertissement","tag-entertainment"],"share_on_mastodon":{"url":"https:\/\/pubeurope.com\/@be_fr\/117219318125215910","error":""},"_links":{"self":[{"href":"https:\/\/www.europesays.com\/be-fr\/wp-json\/wp\/v2\/posts\/240501","targetHints":{"allow":["GET"]}}],"collection":[{"href":"https:\/\/www.europesays.com\/be-fr\/wp-json\/wp\/v2\/posts"}],"about":[{"href":"https:\/\/www.europesays.com\/be-fr\/wp-json\/wp\/v2\/types\/post"}],"author":[{"embeddable":true,"href":"https:\/\/www.europesays.com\/be-fr\/wp-json\/wp\/v2\/users\/2"}],"replies":[{"embeddable":true,"href":"https:\/\/www.europesays.com\/be-fr\/wp-json\/wp\/v2\/comments?post=240501"}],"version-history":[{"count":0,"href":"https:\/\/www.europesays.com\/be-fr\/wp-json\/wp\/v2\/posts\/240501\/revisions"}],"wp:featuredmedia":[{"embeddable":true,"href":"https:\/\/www.europesays.com\/be-fr\/wp-json\/wp\/v2\/media\/240502"}],"wp:attachment":[{"href":"https:\/\/www.europesays.com\/be-fr\/wp-json\/wp\/v2\/media?parent=240501"}],"wp:term":[{"taxonomy":"category","embeddable":true,"href":"https:\/\/www.europesays.com\/be-fr\/wp-json\/wp\/v2\/categories?post=240501"},{"taxonomy":"post_tag","embeddable":true,"href":"https:\/\/www.europesays.com\/be-fr\/wp-json\/wp\/v2\/tags?post=240501"}],"curies":[{"name":"wp","href":"https:\/\/api.w.org\/{rel}","templated":true}]}}