{"id":240509,"date":"2026-09-05T16:25:13","date_gmt":"2026-09-05T16:25:13","guid":{"rendered":"https:\/\/www.europesays.com\/be-fr\/240509\/"},"modified":"2026-09-05T16:25:13","modified_gmt":"2026-09-05T16:25:13","slug":"bagnols-sur-ceze-retrouve-son-blason-avec-un-nouveau-logo","status":"publish","type":"post","link":"https:\/\/www.europesays.com\/be-fr\/240509\/","title":{"rendered":"Bagnols-sur-C\u00e8ze retrouve son blason avec un nouveau logo"},"content":{"rendered":"<p class=\"wp-block-paragraph\">La Ville de Bagnols-sur-C\u00e8ze change d\u2019identit\u00e9 visuelle. La municipalit\u00e9 a d\u00e9voil\u00e9 un nouveau logo qui marque un retour assum\u00e9 aux symboles historiques de la commune, avec une version modernis\u00e9e de son blason.<\/p>\n<p class=\"wp-block-paragraph\">\u00ab Je n\u2019aimais pas le logo pr\u00e9c\u00e9dent, ni le rose, ni le bleu ciel, dont la signification \u00e9tait finalement assez peu connue \u00bb, explique la maire Pascale Bordes. La municipalit\u00e9 a donc choisi de \u00ab revenir aux fondamentaux \u00bb, en puisant dans l\u2019histoire de Bagnols-sur-C\u00e8ze et dans un blason qui a accompagn\u00e9 la ville durant plusieurs si\u00e8cles.<\/p>\n<p class=\"wp-block-paragraph\">Cette nouvelle identit\u00e9 graphique reprend ainsi les principaux \u00e9l\u00e9ments historiques : la fleur de lys, les ruches, la couronne ou encore les feuilles d\u2019olivier. L\u2019ensemble a toutefois \u00e9t\u00e9 retravaill\u00e9 pour offrir une lecture plus contemporaine. Le contour int\u00e9rieur reprend le bleu, le blanc et le rouge, tandis que le bleu marine, d\u00e9j\u00e0 associ\u00e9 \u00e0 la Ville, structure l\u2019ext\u00e9rieur du blason.<\/p>\n<p class=\"wp-block-paragraph\">Le nouveau logo a \u00e9t\u00e9 con\u00e7u en interne par le service communication de la commune. \u00c9milie Marlot, ancienne graphiste du service, et Nathan Casano ont notamment particip\u00e9 \u00e0 la cr\u00e9ation de cette nouvelle version, pens\u00e9e comme un blason plus \u00e9pur\u00e9 et plus moderne.<\/p>\n<p class=\"wp-block-paragraph\">\u00ab C\u2019est l\u2019identit\u00e9 de la ville \u00bb, insiste Pascale Bordes, qui souhaite \u00e9galement, \u00e0 travers ce changement, faire \u00e9voluer l\u2019image de Bagnols-sur-C\u00e8ze. La maire assume ainsi la volont\u00e9 de rompre avec certains choix graphiques pr\u00e9c\u00e9dents : \u00ab Avoir un surfeur sur un document officiel alors que nous ne sommes pas la ville de Biarritz, c\u2019\u00e9tait difficile \u00e0 comprendre. \u00bb<\/p>\n<p class=\"wp-block-paragraph\">Le d\u00e9ploiement de cette nouvelle identit\u00e9 se fera progressivement. Signature \u00e9lectronique, documents administratifs, supports de communication, signal\u00e9tique ou encore \u00e9quipements municipaux adopteront peu \u00e0 peu le nouveau blason. L\u2019objectif est de le rendre visible rapidement afin que les habitants puissent se l\u2019approprier pleinement d\u2019ici le d\u00e9but de l\u2019ann\u00e9e prochaine.<\/p>\n<p class=\"wp-block-paragraph\">La nouvelle identit\u00e9 sera \u00e9galement d\u00e9clin\u00e9e lors des \u00e9v\u00e9nements de la commune. Pour la f\u00eate de Bagnols, diff\u00e9rents objets aux couleurs de la ville sont ainsi pr\u00e9vus, notamment des tote bags et un bandana rouge sp\u00e9cialement imagin\u00e9 pour l\u2019occasion.<\/p>\n<p class=\"wp-block-paragraph\">Avec cette nouvelle charte graphique, la municipalit\u00e9 entend ainsi conjuguer patrimoine et modernit\u00e9 : faire appel au pass\u00e9 de Bagnols-sur-C\u00e8ze tout en donnant \u00e0 la ville une identit\u00e9 visuelle plus actuelle, identifiable et durable.<\/p>\n<p>\t\t\t\t\t<a href=\"https:\/\/annoncelegale.tvsudmagazine.fr\/\" title=\"\" target=\"_blank\" rel=\"nofollow noopener\"><br \/>\n\t\t\t\t\t\t<img loading=\"lazy\" alt=\"\" width=\"728\" height=\"91\" src=\"https:\/\/www.europesays.com\/be-fr\/wp-content\/uploads\/2026\/09\/TVSUD_bandeau-site-annonces-legales-01-1.jpg\" decoding=\"async\" class=\"lazyload\" data-eio-rwidth=\"1920\" data-eio-rheight=\"450\"\/><img loading=\"lazy\" decoding=\"async\" src=\"https:\/\/www.europesays.com\/be-fr\/wp-content\/uploads\/2026\/09\/TVSUD_bandeau-site-annonces-legales-01-1.jpg\" alt=\"\" width=\"728\" height=\"91\" data-eio=\"l\"\/><br \/>\n\t\t\t\t\t<\/a><\/p>\n","protected":false},"excerpt":{"rendered":"La Ville de Bagnols-sur-C\u00e8ze change d\u2019identit\u00e9 visuelle. La municipalit\u00e9 a d\u00e9voil\u00e9 un nouveau logo qui marque un retour&hellip;\n","protected":false},"author":2,"featured_media":240510,"comment_status":"","ping_status":"","sticky":false,"template":"","format":"standard","meta":{"footnotes":"","_share_on_mastodon":"0"},"categories":[101],"tags":[126,124,125,12,13,18,17,127,96,95],"class_list":["post-240509","post","type-post","status-publish","format-standard","has-post-thumbnail","category-arts-et-design","tag-arts","tag-arts-and-design","tag-arts-et-design","tag-be","tag-be-fr","tag-belgique","tag-belgium","tag-design","tag-divertissement","tag-entertainment"],"share_on_mastodon":{"url":"https:\/\/pubeurope.com\/@be_fr\/117219369259620078","error":""},"_links":{"self":[{"href":"https:\/\/www.europesays.com\/be-fr\/wp-json\/wp\/v2\/posts\/240509","targetHints":{"allow":["GET"]}}],"collection":[{"href":"https:\/\/www.europesays.com\/be-fr\/wp-json\/wp\/v2\/posts"}],"about":[{"href":"https:\/\/www.europesays.com\/be-fr\/wp-json\/wp\/v2\/types\/post"}],"author":[{"embeddable":true,"href":"https:\/\/www.europesays.com\/be-fr\/wp-json\/wp\/v2\/users\/2"}],"replies":[{"embeddable":true,"href":"https:\/\/www.europesays.com\/be-fr\/wp-json\/wp\/v2\/comments?post=240509"}],"version-history":[{"count":0,"href":"https:\/\/www.europesays.com\/be-fr\/wp-json\/wp\/v2\/posts\/240509\/revisions"}],"wp:featuredmedia":[{"embeddable":true,"href":"https:\/\/www.europesays.com\/be-fr\/wp-json\/wp\/v2\/media\/240510"}],"wp:attachment":[{"href":"https:\/\/www.europesays.com\/be-fr\/wp-json\/wp\/v2\/media?parent=240509"}],"wp:term":[{"taxonomy":"category","embeddable":true,"href":"https:\/\/www.europesays.com\/be-fr\/wp-json\/wp\/v2\/categories?post=240509"},{"taxonomy":"post_tag","embeddable":true,"href":"https:\/\/www.europesays.com\/be-fr\/wp-json\/wp\/v2\/tags?post=240509"}],"curies":[{"name":"wp","href":"https:\/\/api.w.org\/{rel}","templated":true}]}}