{"id":240511,"date":"2026-09-05T16:27:15","date_gmt":"2026-09-05T16:27:15","guid":{"rendered":"https:\/\/www.europesays.com\/be-fr\/240511\/"},"modified":"2026-09-05T16:27:15","modified_gmt":"2026-09-05T16:27:15","slug":"alcest-repart-en-tournee-avec-agriculture-trois-concerts-en-france-annonces-pour-2027","status":"publish","type":"post","link":"https:\/\/www.europesays.com\/be-fr\/240511\/","title":{"rendered":"Alcest repart en tourn\u00e9e avec Agriculture : trois concerts en France annonc\u00e9s pour 2027"},"content":{"rendered":"<p><a href=\"https:\/\/www.metalzone.fr\/alcest\/\" rel=\"nofollow noopener\" target=\"_blank\">Alcest<\/a> reprendra la route au printemps 2027. Au programme : 22 concerts en Europe et au Royaume-Uni avec Agriculture, formation californienne qui revendique l\u2019\u00e9tiquette \u00ab ecstatic <a href=\"https:\/\/www.metalzone.fr\/black-metal\/\" rel=\"nofollow noopener\" target=\"_blank\">black metal<\/a> \u00bb.<\/p>\n<p>Trois rendez-vous sont pr\u00e9vus en France, \u00e0 Annecy, Orl\u00e9ans et Tourcoing. La tourn\u00e9e d\u00e9butera le 12 mars et s\u2019ach\u00e8vera pr\u00e8s d\u2019un mois plus tard, le 10 avril, au Portugal.<\/p>\n<p>Alcest et Agriculture : trois passages en France<\/p>\n<p>Premier arr\u00eat : Le Brise Glace d\u2019Annecy, le 12 mars. Alcest jouera ensuite \u00e0 L\u2019Astrolabe d\u2019Orl\u00e9ans le 14, puis traversera la Manche pour trois concerts \u00e0 Southampton, Bristol et Birmingham. Retour en France le 19 mars, cette fois au Grand Mix de Tourcoing.<\/p>\n<p>Agriculture accompagnera Alcest sur l\u2019ensemble de cette tourn\u00e9e. Apr\u00e8s la France et le Royaume-Uni, l\u2019itin\u00e9raire passera notamment par le Luxembourg, les Pays-Bas, la Pologne, l\u2019Autriche et l\u2019Allemagne ; deux derni\u00e8res soir\u00e9es au Portugal, \u00e0 Lisbonne puis Porto, fermeront la marche.<\/p>\n<p>Alcest reste ainsi lanc\u00e9 dans un cycle sc\u00e9nique particuli\u00e8rement fourni. En 2025, le groupe avait d\u00e9j\u00e0 multipli\u00e9 <a href=\"https:\/\/www.metalzone.fr\/news\/211239-alcest-bruit-tournee-europeenne-2025-concerts-france\/\" rel=\"nofollow noopener\" target=\"_blank\">les concerts en France avec Bruit \u2264<\/a>. Leur passage \u00e0 Nancy avait notamment donn\u00e9 lieu \u00e0 <a href=\"https:\/\/www.metalzone.fr\/live-reports\/222871-alcest-bruit-i-ii-i-autre-canal-nancy\/\" rel=\"nofollow noopener\" target=\"_blank\">une soir\u00e9e \u00e0 L\u2019Autre Canal avec Bruit \u2264 et I -II- I<\/a>.<\/p>\n<p>Les 22 dates annonc\u00e9es pour 202712 mars \u2013 Annecy, France \u2013 Le Brise Glace14 mars \u2013 Orl\u00e9ans, France \u2013 L\u2019Astrolabe16 mars \u2013 Southampton, Royaume-Uni \u2013 The Brook17 mars \u2013 Bristol, Royaume-Uni \u2013 Electric Bristol18 mars \u2013 Birmingham, Royaume-Uni \u2013 O2 Institute19 mars \u2013 Tourcoing, France \u2013 Le Grand Mix20 mars \u2013 Esch-sur-Alzette, Luxembourg \u2013 Kulturfabrik21 mars \u2013 Tilburg, Pays-Bas \u2013 O1323 mars \u2013 Cracovie, Pologne \u2013 Kwadrat24 mars \u2013 Wroclaw, Pologne \u2013 Zaklete Rewiry25 mars \u2013 Brno, R\u00e9publique tch\u00e8que \u2013 Fleda26 mars \u2013 Kosice, Slovaquie \u2013 Colosseum27 mars \u2013 Salzbourg, Autriche \u2013 Rockhouse28 mars \u2013 Nuremberg, Allemagne \u2013 Hirsch30 mars \u2013 Hanovre, Allemagne \u2013 Capitol31 mars \u2013 Leipzig, Allemagne \u2013 Felsenkeller1er avril \u2013 Wiesbaden, Allemagne \u2013 Schlachthof2 avril \u2013 Groningue, Pays-Bas \u2013 Oosterpoort3 avril \u2013 Cologne, Allemagne \u2013 Tapedeck Music Fest4 avril \u2013 Anvers, Belgique \u2013 Samhain Festival9 avril \u2013 Lisbonne, Portugal \u2013 Lisboa ao Vivo10 avril \u2013 Porto, Portugal \u2013 Casa da Musica<\/p>\n<p>Les billets sont propos\u00e9s via le lien partag\u00e9 par Alcest dans sa biographie sur les r\u00e9seaux sociaux.<\/p>\n<p><a href=\"https:\/\/www.metalzone.fr\/auteur\/team-metalzone\/\" rel=\"author nofollow noopener\" target=\"_blank\"><\/p>\n<p><img loading=\"lazy\" decoding=\"async\" alt=\"Team MetalZone\" src=\"https:\/\/www.europesays.com\/be-fr\/wp-content\/uploads\/2026\/09\/1788625635_95_team_metalzone.jpg\" height=\"48\" width=\"48\"\/><\/p>\n<p><\/a><br \/>\n<a href=\"https:\/\/www.metalzone.fr\/auteur\/team-metalzone\/\" rel=\"author nofollow noopener\" class=\"auteur-name\" target=\"_blank\"><br \/>\nTeam MetalZone<br \/>\n<\/a><br \/>\nR\u00e9dacteur en chef<\/p>\n<p>L\u2019\u00e9quipe MetalZone couvre chaque jour l\u2019actualit\u00e9 rock et metal avec news, interviews, chroniques et reportages.<\/p>\n","protected":false},"excerpt":{"rendered":"Alcest reprendra la route au printemps 2027. Au programme : 22 concerts en Europe et au Royaume-Uni avec&hellip;\n","protected":false},"author":2,"featured_media":240512,"comment_status":"","ping_status":"","sticky":false,"template":"","format":"standard","meta":{"footnotes":"","_share_on_mastodon":"0"},"categories":[98],"tags":[12,13,18,17,96,95,107,108],"class_list":["post-240511","post","type-post","status-publish","format-standard","has-post-thumbnail","category-musique","tag-be","tag-be-fr","tag-belgique","tag-belgium","tag-divertissement","tag-entertainment","tag-music","tag-musique"],"share_on_mastodon":{"url":"https:\/\/pubeurope.com\/@be_fr\/117219377504723243","error":""},"_links":{"self":[{"href":"https:\/\/www.europesays.com\/be-fr\/wp-json\/wp\/v2\/posts\/240511","targetHints":{"allow":["GET"]}}],"collection":[{"href":"https:\/\/www.europesays.com\/be-fr\/wp-json\/wp\/v2\/posts"}],"about":[{"href":"https:\/\/www.europesays.com\/be-fr\/wp-json\/wp\/v2\/types\/post"}],"author":[{"embeddable":true,"href":"https:\/\/www.europesays.com\/be-fr\/wp-json\/wp\/v2\/users\/2"}],"replies":[{"embeddable":true,"href":"https:\/\/www.europesays.com\/be-fr\/wp-json\/wp\/v2\/comments?post=240511"}],"version-history":[{"count":0,"href":"https:\/\/www.europesays.com\/be-fr\/wp-json\/wp\/v2\/posts\/240511\/revisions"}],"wp:featuredmedia":[{"embeddable":true,"href":"https:\/\/www.europesays.com\/be-fr\/wp-json\/wp\/v2\/media\/240512"}],"wp:attachment":[{"href":"https:\/\/www.europesays.com\/be-fr\/wp-json\/wp\/v2\/media?parent=240511"}],"wp:term":[{"taxonomy":"category","embeddable":true,"href":"https:\/\/www.europesays.com\/be-fr\/wp-json\/wp\/v2\/categories?post=240511"},{"taxonomy":"post_tag","embeddable":true,"href":"https:\/\/www.europesays.com\/be-fr\/wp-json\/wp\/v2\/tags?post=240511"}],"curies":[{"name":"wp","href":"https:\/\/api.w.org\/{rel}","templated":true}]}}