{"id":240569,"date":"2026-09-05T17:30:16","date_gmt":"2026-09-05T17:30:16","guid":{"rendered":"https:\/\/www.europesays.com\/be-fr\/240569\/"},"modified":"2026-09-05T17:30:16","modified_gmt":"2026-09-05T17:30:16","slug":"piastri-menace-par-une-enquete-apres-les-qualifs-a-monza","status":"publish","type":"post","link":"https:\/\/www.europesays.com\/be-fr\/240569\/","title":{"rendered":"Piastri menac\u00e9 par une enqu\u00eate apr\u00e8s les qualifs \u00e0 Monza"},"content":{"rendered":"<p>Bien que tous les regards soient \u00e9videmment tourn\u00e9s vers <a href=\"https:\/\/fr.motorsport.com\/driver\/pierre-gasly\/95098\/\" target=\"_blank\" rel=\"noopener nofollow\">Pierre Gasly<\/a>, auteur d&rsquo;une incroyable premi\u00e8re pole position en F1 \u00e0 Monza, <a href=\"https:\/\/fr.motorsport.com\/driver\/oscar-piastri\/835356\/\" target=\"_blank\" rel=\"noopener nofollow\">Oscar Piastri<\/a> a sign\u00e9 une belle performance en se hissant au troisi\u00e8me rang sur la grille de d\u00e9part provisoire du Grand Prix d&rsquo;Italie 2026.<\/p>\n<p>Toutefois, l&rsquo;Australien &#8211; qui a vite d\u00fb avorter son ultime tentative et n&rsquo;a pas pu pr\u00e9tendre \u00e0 mieux en Q3 &#8211; est sous la menace. Il est en effet sous enqu\u00eate des commissaires pour un incident qui s&rsquo;est d\u00e9roul\u00e9 en Q2.<\/p>\n<p>Alors que les <a href=\"https:\/\/fr.motorsport.com\/team\/red-bull\/553\/\" target=\"_blank\" rel=\"noopener nofollow\">Red Bull<\/a> se mettaient en ordre de bataille, <a href=\"https:\/\/fr.motorsport.com\/driver\/max-verstappen\/93029\/\" target=\"_blank\" rel=\"noopener nofollow\">Max Verstappen<\/a> endossant l&rsquo;inhabituel costume du lieutenant de luxe pour tenter d&rsquo;aider <a href=\"https:\/\/fr.motorsport.com\/driver\/liam-lawson\/826061\/\" target=\"_blank\" rel=\"noopener nofollow\">Liam Lawson<\/a> \u00e0 se hisser en Q3, Piastri s&rsquo;est retrouv\u00e9 en f\u00e2cheuse posture.<\/p>\n<p>\u00a0<\/p>\n<p>La <a href=\"https:\/\/fr.motorsport.com\/team\/mclaren\/609\/\" target=\"_blank\" rel=\"noopener nofollow\">McLaren<\/a> frapp\u00e9e du num\u00e9ro 81 sortait de son c\u00f4t\u00e9 des stands et a \u00e9norm\u00e9ment ralenti pour tenter de g\u00eaner le moins possible les concurrents dans un tour lanc\u00e9. S&rsquo;il a pu suffisamment ralentir pour que Verstappen aborde la premi\u00e8re chicane sans blocage, il n&rsquo;a en revanche pas pu se mettre rapidement hors du chemin de Lawson.<\/p>\n<p>Le N\u00e9o-Z\u00e9landais a \u00e9t\u00e9 g\u00ean\u00e9 et n&rsquo;a ensuite pas pu am\u00e9liorer son temps. Piastri a \u00e9t\u00e9 plac\u00e9 sous enqu\u00eate et devra s&rsquo;expliquer devant les commissaires \u00e0 17h40 du c\u00f4t\u00e9 du paddock de Monza. Il risque, selon les standards, une p\u00e9nalit\u00e9 de trois places sur la grille.<\/p>\n<p>Pour rappel,\u00a0Lawson &#8211; <a href=\"https:\/\/fr.motorsport.com\/f1\/news\/lawson-penalite-moteur-monza-red-bull\/10852563\/\" data-custom-text=\"1\" rel=\"nofollow noopener\" target=\"_blank\">p\u00e9nalis\u00e9 pour changements moteur<\/a> &#8211; \u00e9tait assur\u00e9 de s&rsquo;\u00e9lancer depuis le fond de grille mais Red Bull souhaitait le faire passer en Q3 pour qu&rsquo;il aide Verstappen dans la lutte pour la pole.<\/p>\n<p>Lire aussi :<\/p>\n<p>            Votre avis nous int\u00e9resse !<\/p>\n<p class=\"mt-auto\">Qu&rsquo;aimeriez-vous voir sur Motorsport.com ?<\/p>\n<p>            <a href=\"#\" class=\"ms-link text-link font-bold\">R\u00e9pondez \u00e0 notre enqu\u00eate en 5 minutes.<\/a><\/p>\n<p class=\"mt-1 text-body\">&#8211; L&rsquo;\u00e9quipe Motorsport.com<\/p>\n","protected":false},"excerpt":{"rendered":"Bien que tous les regards soient \u00e9videmment tourn\u00e9s vers Pierre Gasly, auteur d&rsquo;une incroyable premi\u00e8re pole position en&hellip;\n","protected":false},"author":2,"featured_media":240570,"comment_status":"","ping_status":"","sticky":false,"template":"","format":"standard","meta":{"footnotes":"","_share_on_mastodon":"0"},"categories":[8],"tags":[10,72978,12,13,18,17,649,43520,17911,388,11,648,74885,1832],"class_list":["post-240569","post","type-post","status-publish","format-standard","has-post-thumbnail","category-actualites","tag-actualites","tag-autodromo-nazionale-monza","tag-be","tag-be-fr","tag-belgique","tag-belgium","tag-formule-1","tag-gp-ditalie","tag-liam-lawson","tag-mclaren","tag-news","tag-oscar-piastri","tag-piastri-menacu00e9-par-une-enquu00eate-apru00e8s-les-qualifs-u00e0-monza","tag-red-bull"],"share_on_mastodon":{"url":"https:\/\/pubeurope.com\/@be_fr\/117219624800458588","error":""},"_links":{"self":[{"href":"https:\/\/www.europesays.com\/be-fr\/wp-json\/wp\/v2\/posts\/240569","targetHints":{"allow":["GET"]}}],"collection":[{"href":"https:\/\/www.europesays.com\/be-fr\/wp-json\/wp\/v2\/posts"}],"about":[{"href":"https:\/\/www.europesays.com\/be-fr\/wp-json\/wp\/v2\/types\/post"}],"author":[{"embeddable":true,"href":"https:\/\/www.europesays.com\/be-fr\/wp-json\/wp\/v2\/users\/2"}],"replies":[{"embeddable":true,"href":"https:\/\/www.europesays.com\/be-fr\/wp-json\/wp\/v2\/comments?post=240569"}],"version-history":[{"count":0,"href":"https:\/\/www.europesays.com\/be-fr\/wp-json\/wp\/v2\/posts\/240569\/revisions"}],"wp:featuredmedia":[{"embeddable":true,"href":"https:\/\/www.europesays.com\/be-fr\/wp-json\/wp\/v2\/media\/240570"}],"wp:attachment":[{"href":"https:\/\/www.europesays.com\/be-fr\/wp-json\/wp\/v2\/media?parent=240569"}],"wp:term":[{"taxonomy":"category","embeddable":true,"href":"https:\/\/www.europesays.com\/be-fr\/wp-json\/wp\/v2\/categories?post=240569"},{"taxonomy":"post_tag","embeddable":true,"href":"https:\/\/www.europesays.com\/be-fr\/wp-json\/wp\/v2\/tags?post=240569"}],"curies":[{"name":"wp","href":"https:\/\/api.w.org\/{rel}","templated":true}]}}