{"id":240575,"date":"2026-09-05T17:34:08","date_gmt":"2026-09-05T17:34:08","guid":{"rendered":"https:\/\/www.europesays.com\/be-fr\/240575\/"},"modified":"2026-09-05T17:34:08","modified_gmt":"2026-09-05T17:34:08","slug":"je-suis-naturellement-reservee-et-discrete-alizee-fete-les-25-ans-de-moi-lolita-sur-scene-a-montpellier","status":"publish","type":"post","link":"https:\/\/www.europesays.com\/be-fr\/240575\/","title":{"rendered":"\u00ab\u00a0Je suis naturellement\u00a0r\u00e9serv\u00e9e et discr\u00e8te\u00a0\u00bb, Aliz\u00e9e f\u00eate les 25 ans de \u00ab\u00a0Moi\u2026 Lolita\u00a0\u00bb sur sc\u00e8ne \u00e0 Montpellier"},"content":{"rendered":"<p>\n                                                                Vingt-cinq ans apr\u00e8s \u00ab\u00a0Moi\u2026 Lolita\u00a0\u00bb, Aliz\u00e9e retrouve la sc\u00e8ne avec une tourn\u00e9e anniversaire plac\u00e9e sous le signe de la nostalgie. La chanteuse revisite \u00e0 Montpellier les titres qui ont marqu\u00e9 sa carri\u00e8re, entour\u00e9e des \u00e9quipes de ses d\u00e9buts et de nombreux danseurs.\n                            <\/p>\n<p class=\"txt-question\">Vous avez expliqu\u00e9 ne pas vouloir faire un simple copier-coller du show de l\u2019\u00e9poque de votre premier succ\u00e8s. De quoi est fait votre concert aujourd\u2019hui\u00a0?<\/p>\n<p>Mon concert sera surtout fait de nostalgie. On revisite un peu les titres qui ont fait partie de ma vie de chanteuse. J\u2019ai repris les m\u00eames \u00e9quipes que sur la premi\u00e8re tourn\u00e9e. \u00c7a me tenait \u00e0 c\u0153ur qu\u2019ils soient l\u00e0 pour f\u00eater cet anniversaire.\u00a0\u00c0 l\u2019\u00e9poque, quand on \u00e9tait ensemble sur les concerts, les autres albums n\u2019existaient pas encore. Donc l\u00e0, on revisite un peu les titres. Il y a \u00e9norm\u00e9ment de danse sur sc\u00e8ne. C\u2019\u00e9tait important pour moi qu\u2019il y ait beaucoup de danse. Et comme \u00e7a, je peux partager la sc\u00e8ne et la tourn\u00e9e avec mon mari, qui est le chor\u00e9graphe du spectacle.<\/p>\n<p class=\"txt-question\">Est-ce que vous avez l\u2019impression que vous chantez aujourd\u2019hui pour le m\u00eame public qu\u2019il y a 25 ans, ou pour une g\u00e9n\u00e9ration diff\u00e9rente\u00a0?<\/p>\n<p>J\u2019ai l\u2019impression que c\u2019est un peu des deux. Je pense qu\u2019il y a des gens qui \u00e9taient l\u00e0 au d\u00e9but, qui ont grandi avec moi, qui ont \u00e9volu\u00e9 et qui viennent justement pour ce c\u00f4t\u00e9 nostalgique. Je pense qu\u2019il y en a aussi qui sont l\u00e0 parce qu\u2019ils m\u2019ont peut-\u00eatre d\u00e9couverte en cours de route. Et s\u2019il y a des nouveaux, ce sont peut-\u00eatre les enfants de ceux qui m\u2019\u00e9coutaient \u00e0 l\u2019\u00e9poque et qui viennent avec leurs parents pour d\u00e9couvrir ce que leurs parents \u00e9coutaient quand ils avaient leur \u00e2ge.<\/p>\n<p>                    <img decoding=\"async\" class=\"responsive-img\" src=\"https:\/\/www.europesays.com\/be-fr\/wp-content\/uploads\/2026\/09\/1788629648_57_hqdefault.jpg\"\/><br \/>\n                <a class=\"stretched-link\" href=\"#paywall\" rel=\"js-anchor\"><\/p>\n<p>        <\/a><\/p>\n<p class=\"txt-question\">Apr\u00e8s les premiers concerts, qu\u2019est-ce qui vous a le plus surprise dans la r\u00e9action du public\u00a0?<\/p>\n<p>Le fait que le public connaisse les paroles sur le bout des l\u00e8vres, vraiment du d\u00e9but \u00e0 la fin. Que ce soit les singles ou m\u00eame les chansons d\u2019albums, c\u2019est vrai que j\u2019avais l\u2019impression que le public chantait plus fort que moi.<\/p>\n<p class=\"txt-question\">Cette tourn\u00e9e vous a rassur\u00e9e sur votre place de chanteuse\u00a0?<\/p>\n<p>Oui, totalement, bien s\u00fbr. Parce que forc\u00e9ment, quand on ne fait plus ce m\u00e9tier et qu\u2019on est un peu en retrait, on ne sait pas si les gens sont toujours pr\u00e9sents. M\u00eame si on est tr\u00e8s suivie sur les r\u00e9seaux sociaux, parfois, \u00e7a ne refl\u00e8te pas la r\u00e9alit\u00e9.\u00a0Et l\u00e0, pour le coup, c\u2019est rassurant et plaisant aussi de voir que les gens sont toujours l\u00e0 et \u00e9coutent toujours notre musique.<\/p>\n<p>Aussi discr\u00e8te que Myl\u00e8ne Farmer<\/p>\n<p class=\"txt-question\">Votre premier succ\u00e8s est devenu un classique, mais vous n\u2019avez jamais cherch\u00e9 \u00e0 entretenir en permanence la nostalgie autour d\u2019Aliz\u00e9e. Il y a une forme de discr\u00e9tion, peut-\u00eatre inspir\u00e9e de Myl\u00e8ne Farmer\u00a0?<\/p>\n<p>En fait, je n\u2019ai pas eu besoin d\u2019\u00eatre inspir\u00e9e de Myl\u00e8ne pour la discr\u00e9tion. Je suis naturellement comme \u00e7a. Et c\u2019est aussi pour \u00e7a qu\u2019on s\u2019est bien entendues d\u00e8s le d\u00e9but et qu\u2019on a pu travailler ensemble\u00a0: je suis naturellement\u00a0r\u00e9serv\u00e9e et discr\u00e8te.\u00a0Donc je suis rest\u00e9e moi-m\u00eame. \u00ab\u00a0Moi\u2026 Lolita\u00a0\u00bb a \u00e9t\u00e9 reprise plusieurs fois ces derni\u00e8res ann\u00e9es sans que moi je fasse quoi que ce soit. Donc la nostalgie \u00e9tait l\u00e0 naturellement, sans qu\u2019on essaye de la fabriquer ou de l\u2019entretenir.<\/p>\n<p>                    <img decoding=\"async\" class=\"responsive-img\" src=\"https:\/\/www.europesays.com\/be-fr\/wp-content\/uploads\/2026\/09\/1788629648_568_hqdefault.jpg\"\/><br \/>\n                <a class=\"stretched-link\" href=\"#paywall\" rel=\"js-anchor\"><\/p>\n<p>        <\/a><\/p>\n<p class=\"txt-question\">Justement, parlons de ces reprises. Il y a eu celle de Dua Lipa, il y a aussi la g\u00e9n\u00e9ration TikTok qui s\u2019approprie vos titres. \u00c7a vous fait quoi\u00a0?<\/p>\n<p>\u00c7a fait plaisir que les nouvelles g\u00e9n\u00e9rations appr\u00e9cient aussi ma musique. Et puis surtout, je m\u2019estime chanceuse d\u2019avoir au moins cette chanson qui est vraiment intemporelle et qui traverse les g\u00e9n\u00e9rations. Si elle ressortait maintenant, elle serait encore \u00e0 la mode.<\/p>\n<p class=\"txt-question\">La communaut\u00e9 LGBTQIA +\u00a0vous t\u00e9moigne un attachement tr\u00e8s fort depuis vos d\u00e9buts. Comment vous expliquez ce lien particulier et durable\u00a0?<\/p>\n<p>Alors, je ne sais pas. Je pense que c\u2019est aussi un public tr\u00e8s fid\u00e8le. Il y a d\u2019abord eu, gr\u00e2ce \u00e0 Myl\u00e8ne [Farmer], une partie de ce public qui m\u2019a suivie au d\u00e9but, notamment \u00e0 travers notre collaboration. Et puis il m\u2019a suivie par la suite.<\/p>\n<p class=\"txt-question\">Si vous pouviez rencontrer l\u2019Aliz\u00e9e de 2000, juste avant qu\u2019elle connaisse le succ\u00e8s de \u00ab\u00a0Moi\u2026 Lolita\u00a0\u00bb, qu\u2019est-ce que vous lui diriez\u00a0?<\/p>\n<p>De faire confiance \u00e0 son destin. Parce que moi, je crois au destin. Donc je lui dirais juste \u00e7a.<\/p>\n<p>Vendredi 11\u00a0septembre \u00e0 20\u00a0h. Corum, Esplanade Charles de Gaulle, Montpellier. Tarif\u00a0: 44 \u00e0 64\u00a0\u20ac.<\/p>\n","protected":false},"excerpt":{"rendered":"Vingt-cinq ans apr\u00e8s \u00ab\u00a0Moi\u2026 Lolita\u00a0\u00bb, Aliz\u00e9e retrouve la sc\u00e8ne avec une tourn\u00e9e anniversaire plac\u00e9e sous le signe de&hellip;\n","protected":false},"author":2,"featured_media":240576,"comment_status":"","ping_status":"","sticky":false,"template":"","format":"standard","meta":{"footnotes":"","_share_on_mastodon":"0"},"categories":[98],"tags":[12,13,18,17,191,96,95,319,4099,107,108],"class_list":["post-240575","post","type-post","status-publish","format-standard","has-post-thumbnail","category-musique","tag-be","tag-be-fr","tag-belgique","tag-belgium","tag-culture-et-loisirs","tag-divertissement","tag-entertainment","tag-herault","tag-montpellier","tag-music","tag-musique"],"share_on_mastodon":{"url":"https:\/\/pubeurope.com\/@be_fr\/117219640721308136","error":""},"_links":{"self":[{"href":"https:\/\/www.europesays.com\/be-fr\/wp-json\/wp\/v2\/posts\/240575","targetHints":{"allow":["GET"]}}],"collection":[{"href":"https:\/\/www.europesays.com\/be-fr\/wp-json\/wp\/v2\/posts"}],"about":[{"href":"https:\/\/www.europesays.com\/be-fr\/wp-json\/wp\/v2\/types\/post"}],"author":[{"embeddable":true,"href":"https:\/\/www.europesays.com\/be-fr\/wp-json\/wp\/v2\/users\/2"}],"replies":[{"embeddable":true,"href":"https:\/\/www.europesays.com\/be-fr\/wp-json\/wp\/v2\/comments?post=240575"}],"version-history":[{"count":0,"href":"https:\/\/www.europesays.com\/be-fr\/wp-json\/wp\/v2\/posts\/240575\/revisions"}],"wp:featuredmedia":[{"embeddable":true,"href":"https:\/\/www.europesays.com\/be-fr\/wp-json\/wp\/v2\/media\/240576"}],"wp:attachment":[{"href":"https:\/\/www.europesays.com\/be-fr\/wp-json\/wp\/v2\/media?parent=240575"}],"wp:term":[{"taxonomy":"category","embeddable":true,"href":"https:\/\/www.europesays.com\/be-fr\/wp-json\/wp\/v2\/categories?post=240575"},{"taxonomy":"post_tag","embeddable":true,"href":"https:\/\/www.europesays.com\/be-fr\/wp-json\/wp\/v2\/tags?post=240575"}],"curies":[{"name":"wp","href":"https:\/\/api.w.org\/{rel}","templated":true}]}}