{"id":240589,"date":"2026-09-05T17:57:19","date_gmt":"2026-09-05T17:57:19","guid":{"rendered":"https:\/\/www.europesays.com\/be-fr\/240589\/"},"modified":"2026-09-05T17:57:19","modified_gmt":"2026-09-05T17:57:19","slug":"rentree-sous-haute-securite-pour-le-prince-george-voici-les-importants-moyens-deployes-pour-proteger-le-fils-aine-du-couple-de-galles","status":"publish","type":"post","link":"https:\/\/www.europesays.com\/be-fr\/240589\/","title":{"rendered":"Rentr\u00e9e sous haute s\u00e9curit\u00e9 pour le prince George\u00a0: voici les importants moyens d\u00e9ploy\u00e9s pour prot\u00e9ger le fils a\u00een\u00e9 du couple de Galles"},"content":{"rendered":"<p class=\"ap-StoryElement ap-StoryElement--mb ap-StoryText\">Ce mois de septembre est d\u00e9cid\u00e9ment particulier pour les Windsor. Apr\u00e8s le retour fracassant du prince Harry et de Meghan Markle, la famille de Galles fait d\u00e9sormais face \u00e0 une rentr\u00e9e toute sp\u00e9ciale. Le prince George, a\u00een\u00e9 de la fratrie et h\u00e9ritier du tr\u00f4ne, rentre cette ann\u00e9e au coll\u00e8ge. Une \u00e9tape significative pour laquelle <a href=\"https:\/\/www.parismatch.be\/actualites\/people\/2026\/08\/05\/kate-middleton-et-le-prince-william-prets-a-passer-un-accord-pour-proteger-la-vie-privee-de-george-a-eton-5Q72MPYYBVB2PNZIDXOAK2OE3Y\/\" target=\"_self\" rel=\"nofollow noopener\">ses parents n&rsquo;ont rien laiss\u00e9 au hasard<\/a>.<\/p>\n<p class=\"ap-StoryElement ap-StoryElement--mb ap-StoryText\">\u00c0 Eton, l&rsquo;\u00e9tablissement fr\u00e9quent\u00e9 auparavant par le prince William et le prince Harry, le jeune George portera l&rsquo;uniforme et sera priv\u00e9 de t\u00e9l\u00e9phone portable, tout comme ses camarades. <a href=\"https:\/\/www.parismatch.be\/actualites\/people\/2026\/08\/20\/prince-george-cette-nouvelle-regle-mise-en-place-par-le-college-eton-pour-larrivee-du-fils-de-kate-et-william-MNASK5XOBNGUTIBT3CKLMLIHEE\/\" target=\"_self\" rel=\"nofollow noopener\">Une mesure rassurante pour le couple de Galles<\/a>, qui souhaite pr\u00e9server le prince des \u00e9ventuelles menaces li\u00e9es \u00e0 son statut. Mais d&rsquo;un point de vue personnel, l&rsquo;adolescent sera \u00e9galement bien \u00e9quip\u00e9 pour assurer sa s\u00e9curit\u00e9.<\/p>\n","protected":false},"excerpt":{"rendered":"Ce mois de septembre est d\u00e9cid\u00e9ment particulier pour les Windsor. Apr\u00e8s le retour fracassant du prince Harry et&hellip;\n","protected":false},"author":2,"featured_media":240590,"comment_status":"","ping_status":"","sticky":false,"template":"","format":"standard","meta":{"footnotes":"","_share_on_mastodon":"0"},"categories":[102],"tags":[12,13,18,17,129,128,8974,96,95,62713,109,45983,651],"class_list":["post-240589","post","type-post","status-publish","format-standard","has-post-thumbnail","category-people","tag-be","tag-be-fr","tag-belgique","tag-belgium","tag-celebrities","tag-celebrity","tag-college","tag-divertissement","tag-entertainment","tag-eton","tag-people","tag-prince-george","tag-securite"],"share_on_mastodon":{"url":"https:\/\/pubeurope.com\/@be_fr\/117219730822479737","error":""},"_links":{"self":[{"href":"https:\/\/www.europesays.com\/be-fr\/wp-json\/wp\/v2\/posts\/240589","targetHints":{"allow":["GET"]}}],"collection":[{"href":"https:\/\/www.europesays.com\/be-fr\/wp-json\/wp\/v2\/posts"}],"about":[{"href":"https:\/\/www.europesays.com\/be-fr\/wp-json\/wp\/v2\/types\/post"}],"author":[{"embeddable":true,"href":"https:\/\/www.europesays.com\/be-fr\/wp-json\/wp\/v2\/users\/2"}],"replies":[{"embeddable":true,"href":"https:\/\/www.europesays.com\/be-fr\/wp-json\/wp\/v2\/comments?post=240589"}],"version-history":[{"count":0,"href":"https:\/\/www.europesays.com\/be-fr\/wp-json\/wp\/v2\/posts\/240589\/revisions"}],"wp:featuredmedia":[{"embeddable":true,"href":"https:\/\/www.europesays.com\/be-fr\/wp-json\/wp\/v2\/media\/240590"}],"wp:attachment":[{"href":"https:\/\/www.europesays.com\/be-fr\/wp-json\/wp\/v2\/media?parent=240589"}],"wp:term":[{"taxonomy":"category","embeddable":true,"href":"https:\/\/www.europesays.com\/be-fr\/wp-json\/wp\/v2\/categories?post=240589"},{"taxonomy":"post_tag","embeddable":true,"href":"https:\/\/www.europesays.com\/be-fr\/wp-json\/wp\/v2\/tags?post=240589"}],"curies":[{"name":"wp","href":"https:\/\/api.w.org\/{rel}","templated":true}]}}