{"id":240627,"date":"2026-09-05T18:48:39","date_gmt":"2026-09-05T18:48:39","guid":{"rendered":"https:\/\/www.europesays.com\/be-fr\/240627\/"},"modified":"2026-09-05T18:48:39","modified_gmt":"2026-09-05T18:48:39","slug":"extreme-gauche-extreme-droite-meme-volonte-de-les-combattre","status":"publish","type":"post","link":"https:\/\/www.europesays.com\/be-fr\/240627\/","title":{"rendered":"Extr\u00eame gauche, extr\u00eame droite: m\u00eame volont\u00e9 de les combattre"},"content":{"rendered":"<p class=\"ap-StoryElement ap-StoryElement--mb ap-StoryText\">Il ne s&rsquo;agit pas de faire un concours d&rsquo;horreur entre le nazisme et le communisme mais bien de rappeler que l&rsquo;un ET l&rsquo;autre ont d\u00e9j\u00e0 \u00e9t\u00e9 test\u00e9s. Sans aucun succ\u00e8s et avec des cons\u00e9quences particuli\u00e8rement n\u00e9fastes pour les populations.<\/p>\n<p><a href=\"https:\/\/www.dhnet.be\/actu\/belgique\/2025\/09\/23\/cest-indigne-dune-representante-politique-diana-nikolic-sen-prend-a-sarah-schlitz-apres-ses-propos-sur-les-incidents-a-liege-EPXWYYEWURHCVIVXQV76MLJZLI\/\" target=\"_self\" class=\"ap-StoryInterstitialLink ap-StoryElement ap-StoryElement--mb\" rel=\"nofollow noopener\">\u00ab\u00a0C&rsquo;est indigne d&rsquo;une repr\u00e9sentante politique\u00a0\u00bb : Diana Nikolic s&rsquo;en prend \u00e0 Sarah Schlitz apr\u00e8s ses propos sur les incidents \u00e0 Li\u00e8ge<\/a><\/p>\n<p class=\"ap-StoryElement ap-StoryElement--mb ap-StoryText\">De Maduro \u00e0 Fidel Castro en passant par Staline et Ceausescu, personne ne peut saluer les \u00ab\u00a0bienfaits\u00a0\u00bb du communisme. Pourtant, d\u00e8s que l&rsquo;on ose parler d&rsquo;immigration, de s\u00e9curit\u00e9, de lutte contre les narcotrafiquants, on est qualifi\u00e9 d&rsquo;extr\u00eame droite ; a contrario l&rsquo;extr\u00eame gauche parvient \u00e0 charrier une image plus soft, presque sympa. Notamment aupr\u00e8s de jeunes qui peuvent \u00eatre s\u00e9duits par des discours intermondialistes, d&rsquo;\u00e9galit\u00e9 sociale et de lutte contre le capitalisme.<\/p>\n<p class=\"ap-StoryElement ap-StoryElement--mb ap-StoryText\">Voter en \u00e9tant inform\u00e9 des d\u00e9rives que les extr\u00eames, une fois au pouvoir, d\u00e9veloppent n&rsquo;est pas un luxe dans un apprentissage scolaire qui est aussi cens\u00e9 former des citoyens. Extr\u00eame gauche, extr\u00eame droite : m\u00eame combat. M\u00eame volont\u00e9 de les combattre.<\/p>\n","protected":false},"excerpt":{"rendered":"Il ne s&rsquo;agit pas de faire un concours d&rsquo;horreur entre le nazisme et le communisme mais bien de&hellip;\n","protected":false},"author":2,"featured_media":240628,"comment_status":"","ping_status":"","sticky":false,"template":"","format":"standard","meta":{"footnotes":"","_share_on_mastodon":"0"},"categories":[2],"tags":[12,13,18,17,26523,45261,4484,1431,1433,104],"class_list":["post-240627","post","type-post","status-publish","format-standard","has-post-thumbnail","category-belgique","tag-be","tag-be-fr","tag-belgique","tag-belgium","tag-federation-wallonie-bruxelles","tag-fedwalbru","tag-parlement","tag-plenaire","tag-pleniere","tag-politics"],"share_on_mastodon":{"url":"https:\/\/pubeurope.com\/@be_fr\/117219931418552263","error":""},"_links":{"self":[{"href":"https:\/\/www.europesays.com\/be-fr\/wp-json\/wp\/v2\/posts\/240627","targetHints":{"allow":["GET"]}}],"collection":[{"href":"https:\/\/www.europesays.com\/be-fr\/wp-json\/wp\/v2\/posts"}],"about":[{"href":"https:\/\/www.europesays.com\/be-fr\/wp-json\/wp\/v2\/types\/post"}],"author":[{"embeddable":true,"href":"https:\/\/www.europesays.com\/be-fr\/wp-json\/wp\/v2\/users\/2"}],"replies":[{"embeddable":true,"href":"https:\/\/www.europesays.com\/be-fr\/wp-json\/wp\/v2\/comments?post=240627"}],"version-history":[{"count":0,"href":"https:\/\/www.europesays.com\/be-fr\/wp-json\/wp\/v2\/posts\/240627\/revisions"}],"wp:featuredmedia":[{"embeddable":true,"href":"https:\/\/www.europesays.com\/be-fr\/wp-json\/wp\/v2\/media\/240628"}],"wp:attachment":[{"href":"https:\/\/www.europesays.com\/be-fr\/wp-json\/wp\/v2\/media?parent=240627"}],"wp:term":[{"taxonomy":"category","embeddable":true,"href":"https:\/\/www.europesays.com\/be-fr\/wp-json\/wp\/v2\/categories?post=240627"},{"taxonomy":"post_tag","embeddable":true,"href":"https:\/\/www.europesays.com\/be-fr\/wp-json\/wp\/v2\/tags?post=240627"}],"curies":[{"name":"wp","href":"https:\/\/api.w.org\/{rel}","templated":true}]}}