{"id":240641,"date":"2026-09-05T19:02:29","date_gmt":"2026-09-05T19:02:29","guid":{"rendered":"https:\/\/www.europesays.com\/be-fr\/240641\/"},"modified":"2026-09-05T19:02:29","modified_gmt":"2026-09-05T19:02:29","slug":"donald-trump-menace-darreter-de-commercer-avec-certains-pays-si-la-fed-ne-baisse-pas-les-taux-dinteret-2","status":"publish","type":"post","link":"https:\/\/www.europesays.com\/be-fr\/240641\/","title":{"rendered":"Donald Trump menace d\u2019arr\u00eater de commercer avec certains pays si la Fed ne baisse pas les taux d\u2019int\u00e9r\u00eat"},"content":{"rendered":"<p>\n    Le pr\u00e9sident am\u00e9ricain a appel\u00e9 les banquiers centraux am\u00e9ricains \u00e0 \u00eatre \u00abpatriotes\u00bb.<\/p>\n<p class=\"fig-paragraph\">Le pr\u00e9sident Donald Trump a appel\u00e9 vendredi<a href=\"http:\/\/www.lefigaro.fr\/conjoncture\/donald-trump-et-le-patron-de-la-fed-dans-le-piege-preoccupant-de-l-inflation-20260828\" target=\"_blank\" data-fig-type=\"Article\" rel=\"noopener nofollow\" data-gtm-custom-categorie=\"navigation\" data-gtm-custom-action=\"crossclick\" data-gtm-custom-label=\"Contextuel\" data-gtm-event=\"customEventSPE\" data-fig-domain=\"LEFIGARO\">\u00a0les banquiers centraux am\u00e9ricains<\/a>\u00a0\u00e0 \u00eatre \u00abpatriotes\u00bb et menac\u00e9, s&rsquo;ils ne baissent pas les taux directeurs, d&rsquo;arr\u00eater de commercer avec certains pays.<\/p>\n<p class=\"fig-paragraph\">\u00abBAISSEZ LES TAUX OU J&rsquo;ARR\u00caTERAI D&rsquo;\u00c9CHANGER AVEC LES PAYS AVEC LESQUELS ON A UN D\u00c9FICIT\u00bb commercial, a \u00e9crit le chef de l&rsquo;\u00c9tat sur sa plateforme Truth Social.<\/p>\n<p>                                            <a class=\"fig-a11y-skip\" href=\"#fig-a11y-skip-main-inarticle\" is=\"fig-a11y-skip\" data-trigger-mode=\"visible-once\"><br \/>\n    Passer la publicit\u00e9<br \/>\n<\/a>            <\/p>\n<p class=\"fig-paragraph\">Plus d\u2019informations \u00e0 venir&#8230;<\/p>\n","protected":false},"excerpt":{"rendered":"Le pr\u00e9sident am\u00e9ricain a appel\u00e9 les banquiers centraux am\u00e9ricains \u00e0 \u00eatre \u00abpatriotes\u00bb. Le pr\u00e9sident Donald Trump a appel\u00e9&hellip;\n","protected":false},"author":2,"featured_media":240642,"comment_status":"","ping_status":"","sticky":false,"template":"","format":"standard","meta":{"footnotes":"","_share_on_mastodon":"0"},"categories":[8],"tags":[10,12,13,18,17,2899,34,377,24072,11],"class_list":["post-240641","post","type-post","status-publish","format-standard","has-post-thumbnail","category-actualites","tag-actualites","tag-be","tag-be-fr","tag-belgique","tag-belgium","tag-commerce","tag-donald-trump","tag-etats-unis","tag-fed","tag-news"],"share_on_mastodon":{"url":"https:\/\/pubeurope.com\/@be_fr\/117219986571587300","error":""},"_links":{"self":[{"href":"https:\/\/www.europesays.com\/be-fr\/wp-json\/wp\/v2\/posts\/240641","targetHints":{"allow":["GET"]}}],"collection":[{"href":"https:\/\/www.europesays.com\/be-fr\/wp-json\/wp\/v2\/posts"}],"about":[{"href":"https:\/\/www.europesays.com\/be-fr\/wp-json\/wp\/v2\/types\/post"}],"author":[{"embeddable":true,"href":"https:\/\/www.europesays.com\/be-fr\/wp-json\/wp\/v2\/users\/2"}],"replies":[{"embeddable":true,"href":"https:\/\/www.europesays.com\/be-fr\/wp-json\/wp\/v2\/comments?post=240641"}],"version-history":[{"count":0,"href":"https:\/\/www.europesays.com\/be-fr\/wp-json\/wp\/v2\/posts\/240641\/revisions"}],"wp:featuredmedia":[{"embeddable":true,"href":"https:\/\/www.europesays.com\/be-fr\/wp-json\/wp\/v2\/media\/240642"}],"wp:attachment":[{"href":"https:\/\/www.europesays.com\/be-fr\/wp-json\/wp\/v2\/media?parent=240641"}],"wp:term":[{"taxonomy":"category","embeddable":true,"href":"https:\/\/www.europesays.com\/be-fr\/wp-json\/wp\/v2\/categories?post=240641"},{"taxonomy":"post_tag","embeddable":true,"href":"https:\/\/www.europesays.com\/be-fr\/wp-json\/wp\/v2\/tags?post=240641"}],"curies":[{"name":"wp","href":"https:\/\/api.w.org\/{rel}","templated":true}]}}