{"id":240645,"date":"2026-09-05T19:06:13","date_gmt":"2026-09-05T19:06:13","guid":{"rendered":"https:\/\/www.europesays.com\/be-fr\/240645\/"},"modified":"2026-09-05T19:06:13","modified_gmt":"2026-09-05T19:06:13","slug":"quand-dominique-a-chante-une-tempete-franceinfo","status":"publish","type":"post","link":"https:\/\/www.europesays.com\/be-fr\/240645\/","title":{"rendered":"Quand Dominique A chante une temp\u00eate \u2013 franceinfo"},"content":{"rendered":"<p class=\"c-chapo \">\n  Un signe du changement dans la perception des \u00e9v\u00e9nements climatiques extr\u00eames\u00a0: sa nouvelle chanson \u00ab\u00a0La Terre \u00e0 personne\u00a0\u00bb met en sc\u00e8ne une histoire d&rsquo;amour sur fond de catastrophe m\u00e9t\u00e9orologique.\n<\/p>\n<p>    Publi\u00e9 le 05\/09\/2026 18:00<\/p>\n<p>        Temps de lecture : 1min<\/p>\n<p>    <img decoding=\"async\"  alt=\"Dominique A, chanteur et \u00e9crivain (ici au Livre sur la place, \u00e0 Nancy) (ALEXANDRE MARCHI \/ MAXPPP)\" width=\"432\" height=\"243\" src=\"https:\/\/www.europesays.com\/be-fr\/wp-content\/uploads\/2026\/09\/6a9aac2e0d621895630974.jpg\" fetchpriority=\"high\"\/><\/p>\n<p>      Dominique A, chanteur et \u00e9crivain (ici au Livre sur la place, \u00e0 Nancy) (ALEXANDRE MARCHI \/ MAXPPP)<\/p>\n<p>Un homme marche dans la temp\u00eate, \u00ab\u00a0tout \u00e0 fait sale\u00a0\u00bb, on voit bien de quoi il parle. La chanson de Dominique A La terre \u00e0 personne est sortie au mois de juillet, quand nous cheminions de canicule en canicule. On en avait presque oubli\u00e9 le vent et la pluie d\u00e9r\u00e9gl\u00e9s qui, de plus en plus souvent, ravagent la France \u2013\u00a0comme le 24\u00a0ao\u00fbt \u00e0 Pomas, dans l\u2019Aude\u00a0: une commune ravag\u00e9e par un de ces al\u00e9as climatiques de plus en plus fr\u00e9quents.<\/p>\n<p>Suffisamment fr\u00e9quents pour que Dominique A en fasse le d\u00e9cor d\u2019une rencontre entre un homme et une femme \u2013\u00a0des retrouvailles entre amants, une histoire sentimentale qui commence, tout autre chose, on ne sait pas.<\/p>\n<p>Dans le premier \u00e9pisode de Ces chansons qui font l\u2019actu de ce week-end, vous entendez des extraits de :<\/p>\n<p>Dominique A, La Terre \u00e0 personne, 2026<\/p>\n<p>Georges Brassens, L&rsquo;Orage, 1960<\/p>\n<p>Mickey 3D, La Temp\u00eate, 2001<\/p>\n<p>Thomas Fersen, Hugo, la chanson du cyclone, 1995<\/p>\n<p>Arthur H, A la crini\u00e8re du cyclone, 2012<\/p>\n<p>Serge Lebrasse, A cause sa cyclone la, 1964<\/p>\n<p>DP Express, David, 1979<\/p>\n<p>Dieudonn\u00e9 Larose et Missile 727, Cyclone Iris, 1996<\/p>\n<p>Dominique A, La Terre \u00e0 personne, 2026<\/p>\n<p>Vous pouvez \u00e9galement suivre l&rsquo;actualit\u00e9 de cette chronique\u00a0<a href=\"https:\/\/bsky.app\/profile\/bertranddicale.bsky.social\" target=\"_blank\" rel=\"noopener nofollow\" data-tooltip-url=\"https:\/\/bsky.app\/profile\/bertranddicale.bsky.social\">sur BlueSky<\/a>\u00a0et\u00a0<a href=\"https:\/\/twitter.com\/BertrandDicale\" rel=\"noopener noreferrer nofollow\" data-tooltip-url=\"https:\/\/twitter.com\/BertrandDicale\" target=\"_blank\">sur X (ex-Twitter).<\/a><\/p>\n<p><script async src=\"https:\/\/platform.twitter.com\/widgets.js\" charset=\"utf-8\"><\/script><\/p>\n","protected":false},"excerpt":{"rendered":"Un signe du changement dans la perception des \u00e9v\u00e9nements climatiques extr\u00eames\u00a0: sa nouvelle chanson \u00ab\u00a0La Terre \u00e0 personne\u00a0\u00bb&hellip;\n","protected":false},"author":2,"featured_media":240646,"comment_status":"","ping_status":"","sticky":false,"template":"","format":"standard","meta":{"footnotes":"","_share_on_mastodon":"0"},"categories":[98],"tags":[12,13,18,17,96,95,107,108],"class_list":["post-240645","post","type-post","status-publish","format-standard","has-post-thumbnail","category-musique","tag-be","tag-be-fr","tag-belgique","tag-belgium","tag-divertissement","tag-entertainment","tag-music","tag-musique"],"share_on_mastodon":{"url":"https:\/\/pubeurope.com\/@be_fr\/117220002253253716","error":""},"_links":{"self":[{"href":"https:\/\/www.europesays.com\/be-fr\/wp-json\/wp\/v2\/posts\/240645","targetHints":{"allow":["GET"]}}],"collection":[{"href":"https:\/\/www.europesays.com\/be-fr\/wp-json\/wp\/v2\/posts"}],"about":[{"href":"https:\/\/www.europesays.com\/be-fr\/wp-json\/wp\/v2\/types\/post"}],"author":[{"embeddable":true,"href":"https:\/\/www.europesays.com\/be-fr\/wp-json\/wp\/v2\/users\/2"}],"replies":[{"embeddable":true,"href":"https:\/\/www.europesays.com\/be-fr\/wp-json\/wp\/v2\/comments?post=240645"}],"version-history":[{"count":0,"href":"https:\/\/www.europesays.com\/be-fr\/wp-json\/wp\/v2\/posts\/240645\/revisions"}],"wp:featuredmedia":[{"embeddable":true,"href":"https:\/\/www.europesays.com\/be-fr\/wp-json\/wp\/v2\/media\/240646"}],"wp:attachment":[{"href":"https:\/\/www.europesays.com\/be-fr\/wp-json\/wp\/v2\/media?parent=240645"}],"wp:term":[{"taxonomy":"category","embeddable":true,"href":"https:\/\/www.europesays.com\/be-fr\/wp-json\/wp\/v2\/categories?post=240645"},{"taxonomy":"post_tag","embeddable":true,"href":"https:\/\/www.europesays.com\/be-fr\/wp-json\/wp\/v2\/tags?post=240645"}],"curies":[{"name":"wp","href":"https:\/\/api.w.org\/{rel}","templated":true}]}}