{"id":240653,"date":"2026-09-05T19:13:20","date_gmt":"2026-09-05T19:13:20","guid":{"rendered":"https:\/\/www.europesays.com\/be-fr\/240653\/"},"modified":"2026-09-05T19:13:20","modified_gmt":"2026-09-05T19:13:20","slug":"homicides-a-gy-lautopsie-precise-les-causes-des-deces","status":"publish","type":"post","link":"https:\/\/www.europesays.com\/be-fr\/240653\/","title":{"rendered":"Homicides \u00e0 Gy : l\u2019autopsie pr\u00e9cise les causes des d\u00e9c\u00e8s"},"content":{"rendered":"<p>  <img decoding=\"async\" class=\"r-img lazyloaded\" src=\"https:\/\/www.europesays.com\/be-fr\/wp-content\/uploads\/2026\/09\/1788635599_610_dalessandra.jpg\" alt=\"Thomas D'Alessandro\"\/><\/p>\n<p>par <a href=\"https:\/\/www.rtl.be\/373137\/dpi-authors\/thomas-dalessandro\" rel=\"nofollow noopener\" target=\"_blank\">Thomas D&rsquo;Alessandro<\/a><\/p>\n<p>\tPubli\u00e9 le 05 septembre \u00e0 12h39<\/p>\n<p>  <a href=\"https:\/\/www.google.com\/preferences\/source?q=rtl%20info\" class=\"r-link--google-favorites\" role=\"button\">Ajoutez-nous \u00e0 vos favoris Google<\/a><br \/>\n\tUne famille de Gy, en Haute-Sa\u00f4ne, a \u00e9t\u00e9 retrouv\u00e9e morte mercredi soir apr\u00e8s un drame familial impliquant un p\u00e8re, ses deux enfants et leur grand-m\u00e8re, victimes de coups violents et de tirs d\u2019arme \u00e0 feu.<\/p>\n<p>&#13;<br \/>\n&#13;<\/p>\n<p>La grand-m\u00e8re des deux enfants retrouv\u00e9s morts \u00e0 Gy (Haute-Sa\u00f4ne) aux c\u00f4t\u00e9s de leur p\u00e8re suspect\u00e9 de les avoir tu\u00e9s, est d\u00e9c\u00e9d\u00e9e apr\u00e8s avoir re\u00e7u des coups de couteau d\u2019une \u00ab\u00a0grande violence\u00a0\u00bb, a indiqu\u00e9 le procureur de la R\u00e9publique de Vesoul samedi. Le d\u00e9c\u00e8s de cette femme de 74 ans \u00ab\u00a0est la cons\u00e9quence d\u2019une h\u00e9morragie majeure, cons\u00e9cutive \u00e0 trois coups de couteau port\u00e9s dans le thorax et l\u2019abdomen\u00a0\u00bb, a pr\u00e9cis\u00e9 le procureur, Arnaud Gr\u00e9court, dans un communiqu\u00e9.<\/p>\n<p>\u00ab\u00a0Le m\u00e9decin l\u00e9giste rel\u00e8ve que ces coups ont \u00e9t\u00e9 port\u00e9s avec une grande violence\u00a0\u00bb, a poursuivi le procureur, ajoutant que le m\u00e9decin a \u00e9galement constat\u00e9 \u00ab\u00a0sur le visage, les membres sup\u00e9rieurs et le thorax des ecchymoses cons\u00e9cutives \u00e0 des coups port\u00e9s ou \u00e0 des saisies\u00a0\u00bb. \u00ab\u00a0Par ailleurs, les constatations effectu\u00e9es au niveau du cou sont fortement \u00e9vocatrices d\u2019une strangulation manuelle, qui a pu participer au d\u00e9c\u00e8s dans une moindre mesure\u00a0\u00bb, a-t-il pr\u00e9cis\u00e9.<\/p>\n<p>&#13;<br \/>\n&#13;<\/p>\n<p>&#13;<br \/>\n&#13;<\/p>\n<p>L\u2019autopsie des quatre corps a \u00e9t\u00e9 r\u00e9alis\u00e9e vendredi. Ses r\u00e9sultats indiquent que le d\u00e9c\u00e8s des deux enfants, \u00e2g\u00e9s de six et 10 ans, est \u00ab\u00a0directement en rapport avec un tir d\u2019arme \u00e0 feu unique sur chacun des enfants, port\u00e9 \u00e0 la face post\u00e9rieure du tronc\u00a0\u00bb. Les constatations du m\u00e9decin l\u00e9giste \u00ab\u00a0permettent d\u2019envisager un tir \u00e0 courte distance\u00a0\u00bb, ajoute le procureur, qui pr\u00e9cise qu\u2019\u00ab\u00a0aucune autre l\u00e9sion suspecte sur le corps des enfants\u00a0\u00bb n\u2019a \u00e9t\u00e9 relev\u00e9e.<\/p>\n<p>\u00ab\u00a0Il a film\u00e9 la sc\u00e8ne\u00a0\u00bb<\/p>\n<p>Le d\u00e9c\u00e8s du p\u00e8re de famille est lui aussi d\u00fb \u00e0 un tir d\u2019arme \u00e0 feu unique, port\u00e9 au menton, du bas vers le haut et qui a \u00ab\u00a0probablement \u00e9t\u00e9 effectu\u00e9 \u00e0 bout touchant\u00a0\u00bb. \u00ab\u00a0L\u2019hypoth\u00e8se privil\u00e9gi\u00e9e \u00e0 ce stade de l\u2019enqu\u00eate est que le p\u00e8re de famille, en instance de s\u00e9paration, aurait donn\u00e9 la mort aux trois autres personnes avant de retourner l\u2019arme contre lui\u00a0\u00bb, rappelle le procureur.<\/p>\n<p>Cet homme de 42 ans n\u2019avait jamais \u00e9t\u00e9 condamn\u00e9 pour des atteintes aux personnes. Le drame s\u2019est d\u00e9roul\u00e9 mercredi soir au domicile de la famille, qui vivait dans un bungalow situ\u00e9 \u00e0 c\u00f4t\u00e9 de sa maison en construction, sur les hauteurs de Gy, commune situ\u00e9e \u00e0 une trentaine de kilom\u00e8tres de Besan\u00e7on.<\/p>\n<p>\n  &#13;<br \/>\n  \u00c0 lire aussi&#13;<br \/>\n  &#13;<\/p>\n<p>  <img decoding=\"async\" data-copyright=\"AFP\" class=\"r-img\"  typeof=\"foaf:Image\" src=\"https:\/\/www.europesays.com\/be-fr\/wp-content\/uploads\/2026\/09\/1788635600_78_100329439.jpeg\" alt=\"Lindsay Clancy, accus\u00e9e de meurtre, regarde le jury \u00e0 la fin de son proc\u00e8s au tribunal sup\u00e9rieur du comt\u00e9 de Plymouth, \u00e0 Plymouth (Massachusetts), le 4 septembre 2026.\"\/><br \/>\n        <a class=\"r-stories--link\" href=\"https:\/\/www.rtl.be\/actu\/monde\/international\/laffaire-secoue-les-etats-unis-jusqua-donald-trump-lindsay-clancy-tue-ses-trois\/2026-09-05\/article\/799321\" rel=\"nofollow noopener\" target=\"_blank\">L\u2019affaire secoue les \u00c9tats-Unis jusqu\u2019\u00e0 Donald Trump\u00a0: Lindsay Clancy a tu\u00e9 ses trois enfants, pourquoi son proc\u00e8s s\u2019est-il termin\u00e9 sans verdict\u00a0?<\/a>&#13;<br \/>\n  &#13;<br \/>\n&#13;\n<\/p>\n<p>Selon un cousin du p\u00e8re de famille, qui appartenait \u00e0 la communaut\u00e9 des gens du voyage, ce dernier a commis le crime alors que sa belle-m\u00e8re venait chercher les enfants. \u00ab\u00a0Il a film\u00e9 la sc\u00e8ne et l\u2019a envoy\u00e9e \u00e0 sa femme en lui disant\u00a0: voil\u00e0 ce que tu m\u00e9rites\u00a0\u00bb, a-t-il relat\u00e9.<\/p>\n<p>&#13;<br \/>\n&#13;<\/p>\n<p>&#13;<br \/>\n&#13;<\/p>\n<p><a class=\"r-btn r-btn--tag\" href=\"https:\/\/www.rtl.be\/1642\/locations\/france\" title=\"France\" rel=\"nofollow noopener\" target=\"_blank\">France<\/a><br \/>\n<a class=\"r-btn r-btn--tag\" href=\"https:\/\/www.rtl.be\/386944\/locations\/gy-haute-saone\" title=\"Gy (Haute-Sa\u00f4ne)\" rel=\"nofollow noopener\" target=\"_blank\">Gy (Haute-Sa\u00f4ne)<\/a><br \/>\n<a class=\"r-btn r-btn--tag\" href=\"https:\/\/www.rtl.be\/337501\/locations\/haute-saone\" title=\"Haute-Sa\u00f4ne\" rel=\"nofollow noopener\" target=\"_blank\">Haute-Sa\u00f4ne<\/a><br \/>\n<a class=\"r-btn r-btn--tag\" href=\"https:\/\/www.rtl.be\/334043\/locations\/besancon-doubs\" title=\"Besan\u00e7on (Doubs)\" rel=\"nofollow noopener\" target=\"_blank\">Besan\u00e7on (Doubs)<\/a><\/p>\n","protected":false},"excerpt":{"rendered":"par Thomas D&rsquo;Alessandro Publi\u00e9 le 05 septembre \u00e0 12h39 Ajoutez-nous \u00e0 vos favoris Google Une famille de Gy,&hellip;\n","protected":false},"author":2,"featured_media":240654,"comment_status":"","ping_status":"","sticky":false,"template":"","format":"standard","meta":{"footnotes":"","_share_on_mastodon":"0"},"categories":[9],"tags":[66942,74894,13158,12,13,18,17,74893,40664,56961,18400,17633,31,74892,54233,32],"class_list":["post-240653","post","type-post","status-publish","format-standard","has-post-thumbnail","category-international","tag-arme-a-feu","tag-arnaud-grecourt","tag-autopsie","tag-be","tag-be-fr","tag-belgique","tag-belgium","tag-coups-de-couteau","tag-drame-familial","tag-gens-du-voyage","tag-gy","tag-haute-saone","tag-international","tag-meurtre-familial","tag-thomas-dalessandro","tag-world-news"],"share_on_mastodon":{"url":"https:\/\/pubeurope.com\/@be_fr\/117220029808020319","error":""},"_links":{"self":[{"href":"https:\/\/www.europesays.com\/be-fr\/wp-json\/wp\/v2\/posts\/240653","targetHints":{"allow":["GET"]}}],"collection":[{"href":"https:\/\/www.europesays.com\/be-fr\/wp-json\/wp\/v2\/posts"}],"about":[{"href":"https:\/\/www.europesays.com\/be-fr\/wp-json\/wp\/v2\/types\/post"}],"author":[{"embeddable":true,"href":"https:\/\/www.europesays.com\/be-fr\/wp-json\/wp\/v2\/users\/2"}],"replies":[{"embeddable":true,"href":"https:\/\/www.europesays.com\/be-fr\/wp-json\/wp\/v2\/comments?post=240653"}],"version-history":[{"count":0,"href":"https:\/\/www.europesays.com\/be-fr\/wp-json\/wp\/v2\/posts\/240653\/revisions"}],"wp:featuredmedia":[{"embeddable":true,"href":"https:\/\/www.europesays.com\/be-fr\/wp-json\/wp\/v2\/media\/240654"}],"wp:attachment":[{"href":"https:\/\/www.europesays.com\/be-fr\/wp-json\/wp\/v2\/media?parent=240653"}],"wp:term":[{"taxonomy":"category","embeddable":true,"href":"https:\/\/www.europesays.com\/be-fr\/wp-json\/wp\/v2\/categories?post=240653"},{"taxonomy":"post_tag","embeddable":true,"href":"https:\/\/www.europesays.com\/be-fr\/wp-json\/wp\/v2\/tags?post=240653"}],"curies":[{"name":"wp","href":"https:\/\/api.w.org\/{rel}","templated":true}]}}