{"id":240775,"date":"2026-09-05T21:49:19","date_gmt":"2026-09-05T21:49:19","guid":{"rendered":"https:\/\/www.europesays.com\/be-fr\/240775\/"},"modified":"2026-09-05T21:49:19","modified_gmt":"2026-09-05T21:49:19","slug":"en-saxe-anhalt-lextreme-droite-a-dores-et-deja-marque-lhistoire","status":"publish","type":"post","link":"https:\/\/www.europesays.com\/be-fr\/240775\/","title":{"rendered":"En Saxe-Anhalt, l&rsquo;extr\u00eame droite \u00ab\u00a0a d&rsquo;ores et d\u00e9j\u00e0 marqu\u00e9 l&rsquo;Histoire\u00a0\u00bb"},"content":{"rendered":"<p><a href=\"\" target=\"_self\" rel=\"noopener noreferrer\" class=\"ap-StoryInterstitialLink ap-StoryElement ap-StoryElement--mb js-paywall-target\">Ulrich Siegmund affiche le visage rassurant d&rsquo;une extr\u00eame droite allemande d\u00e9complex\u00e9e : \u00ab\u00a0Il faut regarder entre les lignes\u00a0\u00bb<\/a><\/p>\n<p class=\"ap-StoryElement ap-StoryElement--mb ap-StoryText\">\u00ab\u00a0Les sondages sont bons, mais \u00e7a ne suffit pas\u00a0\u00bb, reconnaissait-il \u00e0 La Libre Belgique en d\u00e9but de semaine, lors d&rsquo;un meeting \u00e9lectoral dans la petite commune de Wolmirstedt. \u00ab\u00a0Le r\u00e9sultat risque d&rsquo;\u00eatre tr\u00e8s serr\u00e9. Nous investissons chaque seconde pour convaincre les ind\u00e9cis\u00a0\u00bb, confirme ce politicien de 35 ans, entre deux selfies avec ses fans.<\/p>\n<p class=\"ap-StoryElement ap-StoryElement--mb ap-StoryText\">Craint-il n\u00e9anmoins que la bataille soit perdue d&rsquo;avance ? Lors de ses meetings, comme s&rsquo;il voulait pr\u00e9venir ses \u00e9lecteurs d&rsquo;une d\u00e9ception \u00e0 venir, cet homme \u00e9lanc\u00e9 au sourire d&rsquo;acteur de cin\u00e9ma assure que, \u00ab\u00a0quelle que soit l&rsquo;issue du scrutin\u00a0\u00bb, lui et son parti \u00ab\u00a0ont d\u00e9j\u00e0 marqu\u00e9 l&rsquo;Histoire\u00a0\u00bb. Car c&rsquo;est un fait : jamais depuis sa cr\u00e9ation en 2013, le parti d&rsquo;extr\u00eame droite n&rsquo;a \u00e9t\u00e9 aussi proche du pouvoir que dans cette r\u00e9gion de l&rsquo;ex-Allemagne de l&rsquo;Est, forte de deux millions d&rsquo;habitants. S&rsquo;il y parvenait ce dimanche, ce serait une premi\u00e8re en Allemagne depuis 1945, et un v\u00e9ritable s\u00e9isme politique.<\/p>\n<p>Une base \u00e9lectorale d\u00e9j\u00e0 solide, un candidat qui rassure<\/p>\n<p class=\"ap-StoryElement ap-StoryElement--mb ap-StoryText\">L&rsquo;une des raisons de la vague bleue annonc\u00e9e en Saxe-Anhalt est la personnalit\u00e9 m\u00eame d&rsquo;Ulrich Siegmund. \u00ab\u00a0L&rsquo;AfD en Saxe-Anhalt dispose d&rsquo;une base \u00e9lectorale tr\u00e8s importante, de l&rsquo;ordre de 30 % quelles que soient les \u00e9lections. Elle s&rsquo;est normalis\u00e9e et est repr\u00e9sent\u00e9e dans les communes\u00a0\u00bb, constate Marc Rath, r\u00e9dacteur en chef du journal Volksstimme. \u00ab\u00a0Avec Ulrich Siegmund, elle s&rsquo;est donn\u00e9 un visage amical. Il est l&rsquo;homme id\u00e9al pour rallier les 5 % manquants\u00a0\u00bb, estime le journaliste.<\/p>\n<p class=\"ap-StoryElement ap-StoryElement--mb ap-StoryText\">Commercial de profession, Ulrich Siegmund \u00e9vite en effet de faire des vagues, malgr\u00e9 la radicalit\u00e9 de son programme de gouvernement, et joue la carte de l&rsquo;optimisme, promettant que \u00ab\u00a0tout est possible\u00a0\u00bb. \u00ab\u00a0Nous ne nous battons pas seulement pour la Saxe-Anhalt, insiste-t-il. La Saxe-Anhalt sera la premi\u00e8re \u00e9tape. Pour r\u00e9soudre les probl\u00e8mes du pays, nous avons besoin d&rsquo;un gouvernement f\u00e9d\u00e9ral men\u00e9 par l&rsquo;AfD.\u00a0\u00bb<\/p>\n<p><a href=\"https:\/\/www.lalibre.be\/international\/europe\/2025\/02\/22\/en-allemagne-face-a-lextreme-droite-le-desarroi-des-partis-du-centre-NZLQ4WBNMFBV3BFLUHWWWYT7KE\/\" target=\"_self\" class=\"ap-StoryInterstitialLink ap-StoryElement ap-StoryElement--mb\" rel=\"nofollow noopener\">En Allemagne, face \u00e0 l&rsquo;extr\u00eame droite, le d\u00e9sarroi des partis du centre<\/a><\/p>\n<p class=\"ap-StoryElement ap-StoryElement--mb ap-StoryText\">Cela explique qu&rsquo;il ait fait des th\u00e8mes nationaux le c\u0153ur de sa campagne : hausse des <a href=\"https:\/\/www.lalibre.be\/economie\/conjoncture\/2026\/09\/02\/lessence-navait-plus-ete-aussi-chere-depuis-juillet-2022-UYV2HJX3MFHX7DOOISICSKY4IU\/\" target=\"_self\" rel=\"nofollow noopener\">prix de l&rsquo;essence<\/a>, immigration et guerre en Ukraine. Sur le terrain, les supporters de l&rsquo;AfD le suivent, dirigeant leurs critiques contre le tr\u00e8s impopulaire chancelier <a href=\"https:\/\/www.lalibre.be\/international\/europe\/2026\/08\/07\/video-falsifiee-annoncant-la-demission-du-chancelier-merz-les-services-de-securite-allemands-tiennent-le-coupable-GFIIUBUAJRHNZAHJAKNM57PFKA\/\" target=\"_self\" rel=\"nofollow noopener\">Friedrich Merz<\/a>, chef d&rsquo;une coalition r\u00e9unissantt les chr\u00e9tiens-d\u00e9mocrates et les sociaux-d\u00e9mocrates, accus\u00e9 de \u00ab\u00a0d\u00e9sindustrialiser le pays\u00a0\u00bb, de verser \u00ab\u00a0des milliards \u00e0 l&rsquo;Ukraine\u00a0\u00bb et de \u00ab\u00a0faire crouler l&rsquo;Allemagne sous les dettes\u00a0\u00bb.<\/p>\n<p>L&rsquo;impact de la crise de l&rsquo;industrie automobile<\/p>\n<p class=\"ap-StoryElement ap-StoryElement--mb ap-StoryText\">\u00c0 cela s&rsquo;ajoute l&rsquo;ins\u00e9curit\u00e9 \u00e9conomique dans un Land o\u00f9 les industries, singuli\u00e8rement automobile et \u00e9nerg\u00e9tique, souffrent. Ainsi, dans la r\u00e9gion du Harz, trois \u00e9quipementiers, clients de <a href=\"https:\/\/www.lalibre.be\/economie\/entreprises-startup\/2026\/09\/04\/volkswagen-evite-lexplosion-sociale-mais-quatre-usines-restent-sur-la-sellette-4XJIIWXXK5G65IBR6GV2M5USZQ\/\" target=\"_self\" rel=\"nofollow noopener\">Volkswagen <\/a>et employant plus d&rsquo;un millier de personnes, ont \u00e9t\u00e9 plac\u00e9s en redressement judiciaire. \u00ab\u00a0L&rsquo;inqui\u00e9tude est grande parmi les coll\u00e8gues, avoue Sven Fricke, repr\u00e9sentant du comit\u00e9 d&rsquo;entreprise chez GAW, bas\u00e9 \u00e0 Wernigerode. Que se passera-t-il si on ne trouve pas d&rsquo;investisseur ? Sans production, nos comp\u00e9tences sont perdues.\u00a0\u00bb<\/p>\n<p class=\"ap-StoryElement ap-StoryElement--mb ap-StoryText\">Quant aux quelques bonnes nouvelles, comme les embauches suppl\u00e9mentaires chez le fabricant d&rsquo;armes <a href=\"https:\/\/www.lalibre.be\/economie\/placements\/2026\/06\/26\/pourquoi-rheinmetall-ne-profite-plus-du-rearmement-europeen-Z35UEMG7ZVDHNJJELYCQZW5KRE\/\" target=\"_self\" rel=\"nofollow noopener\">Rheinmetall<\/a> dans une commune voisine, elles ne \u00ab\u00a0compensent pas l&rsquo;insatisfaction g\u00e9n\u00e9rale\u00a0\u00bb.<\/p>\n<p>Inqui\u00e9tude des grandes entreprises<\/p>\n<p class=\"ap-StoryElement ap-StoryElement--mb ap-StoryText\">Face \u00e0 la tr\u00e8s probable vague bleue, les autres partis politiques et la soci\u00e9t\u00e9 civile tentent le tout pour le tout. \u00ab\u00a0Cette \u00e9lection d\u00e9terminera la direction que prendront la r\u00e9gion et toute l&rsquo;Allemagne\u00a0\u00bb, constate solennellement Sven Schulze, l&rsquo;actuel ministre-pr\u00e9sident chr\u00e9tien-d\u00e9mocrate, lors d&rsquo;une rencontre \u00e0 Magdebourg.<\/p>\n<p><img loading=\"lazy\" decoding=\"async\" class=\"w-full lazyload lazyload--opacity object-contain\" style=\"aspect-ratio:81 \/ 100;opacity:1\" alt=\"Le Land de Saxe-Anhalt,  le chef-lieu Magdebourg et la ville de Wolmirstedt\" width=\"768\" height=\"944\" fetchpriority=\"auto\" src=\"https:\/\/www.europesays.com\/be-fr\/wp-content\/uploads\/2026\/09\/1788644957_609_S5VKD3X55FFF3BW6V4SEHXNP7I.png\"  data- data-optimumx=\"1\"\/><img loading=\"lazy\" decoding=\"async\" src=\"https:\/\/www.europesays.com\/be-fr\/wp-content\/uploads\/2026\/09\/EALSDEBODNBGJFRR2SHEIJRCXY.jpg\" width=\"768\" height=\"944\" alt=\"Le Land de Saxe-Anhalt,  le chef-lieu Magdebourg et la ville de Wolmirstedt\" class=\"absolute inset-0 w-full\"\/>Le Land de Saxe-Anhalt,  le chef-lieu Magdebourg et la ville de Wolmirstedt \u00a9IPM Graphics<\/p>\n<p class=\"ap-StoryElement ap-StoryElement--mb ap-StoryText\">L&rsquo;importance du scrutin est aussi soulign\u00e9e par Friedrich Merz en personne : \u00ab\u00a0Je ne peux pas imaginer que des investisseurs internationaux aient envie de venir inaugurer une nouvelle usine aux c\u00f4t\u00e9s d&rsquo;un ministre-pr\u00e9sident de l&rsquo;AfD\u00a0\u00bb, a-t-il lanc\u00e9 \u00e0 la t\u00e9l\u00e9vision publique.<\/p>\n<p><a href=\"https:\/\/www.lalibre.be\/international\/2024\/01\/17\/en-allemagne-les-projets-secrets-de-remigration-de-lextreme-droite-font-scandale-une-deuxieme-conference-de-wannsee-7SYYWIX66BFZNGIHF5HR56I2Q4\/\" target=\"_self\" class=\"ap-StoryInterstitialLink ap-StoryElement ap-StoryElement--mb\" rel=\"nofollow noopener\">En Allemagne, les projets secrets de \u00ab\u00a0remigration\u00a0\u00bb de l&rsquo;extr\u00eame droite rappellent le nazisme<\/a><\/p>\n<p class=\"ap-StoryElement ap-StoryElement--mb ap-StoryText\">Sur le terrain, les repr\u00e9sentants de grandes entreprises s&rsquo;inqui\u00e8tent surtout de la politique migratoire de l&rsquo;AfD, qui promet des \u00ab\u00a0expulsions de masse\u00a0\u00bb et le d\u00e9part des \u00ab\u00a0soignants de cultures \u00e9trang\u00e8res\u00a0\u00bb, jug\u00e9s \u00ab\u00a0un danger pour les patients\u00a0\u00bb.<\/p>\n<p class=\"ap-StoryElement ap-StoryElement--mb ap-StoryText\">\u00ab\u00a0Nos performances \u00e9conomiques sont en partie li\u00e9es au fait qu&rsquo;on a r\u00e9ussi \u00e0 attirer de la main-d&rsquo;\u0153uvre \u00e9trang\u00e8re et des jeunes dans des formations techniques, argumente Thomas Brockmeier, pr\u00e9sident de la chambre r\u00e9gionale de l&rsquo;industrie et du commerce. Cela doit se poursuivre. Ceux qui s&rsquo;isolent, perdent.\u00a0\u00bb. Les inqui\u00e9tudes sont telles qu&rsquo;une centaine de magasins et restaurants, g\u00e9r\u00e9s par des personnes d&rsquo;origine \u00e9trang\u00e8re, ont tir\u00e9 le rideau de leurs \u00e9tablissements la semaine derni\u00e8re.<\/p>\n<p>Le secteur culturel, les Eglises\u2026 organisent la r\u00e9sistance<\/p>\n<p class=\"ap-StoryElement ap-StoryElement--mb ap-StoryText\">Dans les milieux culturels, qui rel\u00e8vent des comp\u00e9tences des r\u00e9gions, la mobilisation grandit aussi. Car l&rsquo;AfD promet un \u00ab\u00a0tournant culturel patriotique\u00a0\u00bb et une nouvelle doctrine, \u00ab\u00a0penser allemand\u00a0\u00bb, qui impliquerait de r\u00e9server les subventions aux seules institutions jug\u00e9es \u00ab\u00a0patriotiques\u00a0\u00bb.<\/p>\n<p class=\"ap-StoryElement ap-StoryElement--mb ap-StoryText\">M\u00eame les \u00c9glises, catholique et protestante, sont prises pour cibles par une AfD qui leur reproche, entre autres, leur aide aux r\u00e9fugi\u00e9s. En r\u00e9ponse, le dioc\u00e8se de Magdebourg a lanc\u00e9 une campagne intitul\u00e9e \u00ab\u00a0Voter en conscience\u00a0\u00bb, pour inciter les \u00e9lecteurs \u00e0 \u00ab\u00a0ne pas voter avec leurs \u00e9motions mais avec des valeurs\u00a0\u00bb. \u00ab\u00a0En tant qu&rsquo;\u00e9v\u00eaque, je dois donner une orientation, mais je ne me fais pas d&rsquo;illusions. Nous ne convaincrons pas les partisans les plus durs de l&rsquo;AfD\u00a0\u00bb, reconna\u00eet Mgr Gerhard Feige.<\/p>\n<p><a href=\"https:\/\/www.lalibre.be\/international\/2026\/06\/13\/en-allemagne-du-porte-a-porte-pour-contrer-la-montee-de-lextreme-droite-nous-sommes-la-majorite-agissez-BVIPHA5MENCDFMUDD47YVO7IBY\/\" target=\"_self\" class=\"ap-StoryInterstitialLink ap-StoryElement ap-StoryElement--mb\" rel=\"nofollow noopener\">En Allemagne, du porte-\u00e0-porte pour contrer la mont\u00e9e de l&rsquo;extr\u00eame droite : \u00ab\u00a0Nous sommes la majorit\u00e9 ! Agissez !\u00a0\u00bb<\/a><\/p>\n<p class=\"ap-StoryElement ap-StoryElement--mb ap-StoryText\">Freiner la pouss\u00e9e de l&rsquo;extr\u00eame droite passe aussi par un appel au \u00ab\u00a0vote utile\u00a0\u00bb, afin de permettre au plus grand nombre de partis d&rsquo;entrer au Parlement et d&#8217;emp\u00eacher qu&rsquo;elle obtienne une majorit\u00e9 absolue. Une tactique d\u00e9nonc\u00e9e par l&rsquo;AfD, qui \u00e9voque de son c\u00f4t\u00e9 des cas de fraude via le vote par correspondance, et appelle d&rsquo;ores et d\u00e9j\u00e0 ses partisans \u00e0 \u00ab\u00a0la plus grande vigilance\u00a0\u00bb dimanche.<\/p>\n","protected":false},"excerpt":{"rendered":"Ulrich Siegmund affiche le visage rassurant d&rsquo;une extr\u00eame droite allemande d\u00e9complex\u00e9e : \u00ab\u00a0Il faut regarder entre les lignes\u00a0\u00bb&hellip;\n","protected":false},"author":2,"featured_media":240776,"comment_status":"","ping_status":"","sticky":false,"template":"","format":"standard","meta":{"footnotes":"","_share_on_mastodon":"0"},"categories":[9],"tags":[12,13,18,17,1276,31,32],"class_list":["post-240775","post","type-post","status-publish","format-standard","has-post-thumbnail","category-international","tag-be","tag-be-fr","tag-belgique","tag-belgium","tag-conflit-russie-ukraine","tag-international","tag-world-news"],"share_on_mastodon":{"url":"https:\/\/pubeurope.com\/@be_fr\/117220643356990555","error":""},"_links":{"self":[{"href":"https:\/\/www.europesays.com\/be-fr\/wp-json\/wp\/v2\/posts\/240775","targetHints":{"allow":["GET"]}}],"collection":[{"href":"https:\/\/www.europesays.com\/be-fr\/wp-json\/wp\/v2\/posts"}],"about":[{"href":"https:\/\/www.europesays.com\/be-fr\/wp-json\/wp\/v2\/types\/post"}],"author":[{"embeddable":true,"href":"https:\/\/www.europesays.com\/be-fr\/wp-json\/wp\/v2\/users\/2"}],"replies":[{"embeddable":true,"href":"https:\/\/www.europesays.com\/be-fr\/wp-json\/wp\/v2\/comments?post=240775"}],"version-history":[{"count":0,"href":"https:\/\/www.europesays.com\/be-fr\/wp-json\/wp\/v2\/posts\/240775\/revisions"}],"wp:featuredmedia":[{"embeddable":true,"href":"https:\/\/www.europesays.com\/be-fr\/wp-json\/wp\/v2\/media\/240776"}],"wp:attachment":[{"href":"https:\/\/www.europesays.com\/be-fr\/wp-json\/wp\/v2\/media?parent=240775"}],"wp:term":[{"taxonomy":"category","embeddable":true,"href":"https:\/\/www.europesays.com\/be-fr\/wp-json\/wp\/v2\/categories?post=240775"},{"taxonomy":"post_tag","embeddable":true,"href":"https:\/\/www.europesays.com\/be-fr\/wp-json\/wp\/v2\/tags?post=240775"}],"curies":[{"name":"wp","href":"https:\/\/api.w.org\/{rel}","templated":true}]}}