{"id":240823,"date":"2026-09-05T22:56:11","date_gmt":"2026-09-05T22:56:11","guid":{"rendered":"https:\/\/www.europesays.com\/be-fr\/240823\/"},"modified":"2026-09-05T22:56:11","modified_gmt":"2026-09-05T22:56:11","slug":"memorial-ivo-van-damme-la-liste-des-records-continue-de-sallonger-voici-les-resultats-de-la-soiree","status":"publish","type":"post","link":"https:\/\/www.europesays.com\/be-fr\/240823\/","title":{"rendered":"M\u00e9morial Ivo Van Damme : la liste des records continue de s&rsquo;allonger, voici les r\u00e9sultats de la soir\u00e9e"},"content":{"rendered":"<p class=\"ap-StoryElement ap-StoryElement--mb ap-StoryText\">Helena Ponette repr\u00e9sentait la Belgique en tant qu&rsquo;invit\u00e9e dans cette finale, mais elle a couru sous ses standards avec un chrono de 51.41.<\/p>\n<p class=\"ap-StoryElement ap-StoryElement--mb ap-StoryText\">Un peu plus t\u00f4t, Yan Ziyi a parfaitement lanc\u00e9 samedi la seconde soir\u00e9e du M\u00e9morial Van Damme, la finale de la Ligue de Diamant d&rsquo;athl\u00e9tisme, au lancer du javelot. La pr\u00e9coce Chinoise de 18 ans, d\u00e9j\u00e0 laur\u00e9ate \u00e0 quatre reprises en Ligue de Diamant cette saison, a couronn\u00e9 son parcours sur le circuit par un record du meeting \u00e0 Bruxelles avec un 5e lancer \u00e0 68m42.<\/p>\n<p class=\"ap-StoryElement ap-StoryElement--mb ap-StoryText\">Elle a ainsi effac\u00e9 la marque de l&rsquo;Am\u00e9ricaine Kara Winger, qui avait atteint 68m11 le 2 septembre 2022.<\/p>\n<p class=\"ap-StoryElement ap-StoryElement--mb ap-StoryText\">Sur le lancer du poids, Le Jama\u00efcain Rajindra Campbell s&rsquo;est impos\u00e9 avec un nouveau record du meeting \u00e0 23m08, synonyme de record national et de meilleure performance mondiale, Campbell a ponctu\u00e9 la comp\u00e9tition qu&rsquo;il dominait depuis le premier lancer \u00e0 22m25.<\/p>\n<p class=\"ap-StoryElement ap-StoryElement--mb ap-StoryText\">A son tour, le favori Andy Diaz Hernandez a tenu son rang et plus encore dans le concours de triple saut qui faisait office de finale de la Ligue de Diamant d&rsquo;athl\u00e9tisme. L&rsquo;Italien de 30 ans a non seulement remport\u00e9 la comp\u00e9tition en atteignant 17m74 d\u00e8s son premier plongeon dans le bac \u00e0 sable, mais il a \u00e9galement sign\u00e9 le record du meeting, qui appartenait depuis 2019 \u00e0 l&rsquo;Am\u00e9ricain Christian Taylor (17m66).<\/p>\n<p>Delphine Nkansa 4e du 100m <\/p>\n<p class=\"ap-StoryElement ap-StoryElement--mb ap-StoryText\">Tina Clayton a r\u00e9gl\u00e9 la finale de la Ligue de Diamant sur 100 m, samedi lors de la seconde soir\u00e9e du M\u00e9morial Van Damme. La Jama\u00efcaine a \u00e9t\u00e9 la seule \u00e0 courir sous les 11 secondes (10.93) sur le tartan du stade Roi Baudouin.<\/p>\n<p class=\"ap-StoryElement ap-StoryElement--mb ap-StoryText\">Delphine Nkansa, invit\u00e9e \u00e0 la suite de sa m\u00e9daille de bronze \u00e0 l&rsquo;Euro de Birmingham, a quant \u00e0 elle termin\u00e9 \u00e0 la 9e et derni\u00e8re place en 11.29. La repr\u00e9sentante belge n&rsquo;a pas approch\u00e9 son record personnel de 11.06, ni le record de Belgique de Kim Gevaert en 11.02.<\/p>\n<p>Les Rockets mises \u00e0 l&rsquo;honneur<\/p>\n<p class=\"ap-StoryElement ap-StoryElement--mb ap-StoryText\">La Jama\u00efcaine Sabrina Dockery a remport\u00e9 un 100 m de gala, organis\u00e9 samedi lors de la seconde soir\u00e9e du M\u00e9morial Van Damme, \u00e0 Bruxelles. Quatre membres du relais f\u00e9minin 4&#215;100 m belge, les Belgian Rockets, \u00e9taient au d\u00e9part de cette course tenue en marge de la comp\u00e9tition officielle, mais elles se sont class\u00e9es au quatre derni\u00e8res places du classement.<\/p>\n<p class=\"ap-StoryElement ap-StoryElement--mb ap-StoryText\">Dans la foul\u00e9e de la course f\u00e9minine, un 100 m masculin de gala a \u00e9t\u00e9 disput\u00e9 samedi lors de la seconde soir\u00e9e du M\u00e9morial Van Damme, au stade Roi Baudouin. Les Belgian Falcons qui ont conquis la m\u00e9daille de bronze en finale du relais 4&#215;100 m masculin des championnats d&rsquo;Europe de Birmingham \u00e9taient au d\u00e9part de cette course en marge de la comp\u00e9tition officielle.<\/p>\n<p>L\u00e9a Bayekula s&rsquo;impose sur le 400m<\/p>\n<p class=\"ap-StoryElement ap-StoryElement--mb ap-StoryText\">L\u00e9a Bayekula a remport\u00e9 samedi le 400 m en chaise (classe T54), tenu lors de la seconde soir\u00e9e du M\u00e9morial Van Damme, au stade Roi Baudouin. Dans cette course de gala tenue en marge de la finale de la Ligue de Diamant d&rsquo;athl\u00e9tisme, la double championne paralympique (100 m et 400 m) de Paris 2024 et double championne du monde (400 m et 800 m) 2025 a brill\u00e9 avec un chrono de 52.62. Elle n&rsquo;a pas pour autant approch\u00e9 son record d&rsquo;Europe de 50.50. La Finlandaise Amanda Kotaja (54.32) et la Suissesse Patricia Eachus (56.58) ont compl\u00e9t\u00e9 le podium.<\/p>\n<p class=\"ap-StoryElement ap-StoryElement--mb ap-StoryText\">Lore Hens, championne de Belgique 2026 sur 400 m en T54, a d\u00fb se contenter de la 6e et derni\u00e8re place.<\/p>\n<p class=\"ap-StoryElement ap-StoryElement--mb ap-StoryText\">La cat\u00e9gorie T54 est destin\u00e9e aux athl\u00e8tes en fauteuil roulant qui ont le plein usage du corps avec une limitation de mouvement des jambes \u00e0 un degr\u00e9 mod\u00e9r\u00e9 ou fort, ou l&rsquo;absence de membres.<\/p>\n<p>Kenny Bednarek exp\u00e9die le 200 m et \u00e9gale sa propre meilleure performance mondiale<\/p>\n<p class=\"ap-StoryElement ap-StoryElement--mb ap-StoryText\">L&rsquo;Am\u00e9ricain Kenneth Bednarek a domin\u00e9 le 200 m en \u00e9galant sa propre meilleure performance mondiale de la saison (19.62), samedi lors de la seconde soir\u00e9e du M\u00e9morial Van Damme, la finale de la Ligue de Diamant d&rsquo;athl\u00e9tisme. Bednarek a couru le m\u00eame chrono que la semaine derni\u00e8re \u00e0 Z\u00fcrich en Suisse, et a laiss\u00e9 dans son sillage le Sud-Africain Sinesipho Dambile (19.89) et le Zimbabw\u00e9en Makanakaishe Charamba (19.99).<\/p>\n<p>Meilleure performance mondiale sur 5.000 m pour le Bahre\u00efni Birhanu Balew \u00e0 Bruxelles<\/p>\n<p class=\"ap-StoryElement ap-StoryElement--mb ap-StoryText\">Une meilleure performance mondiale de la saison a \u00e9t\u00e9 \u00e9tablie sur le 5.000 m masculin, samedi lors de la seconde soir\u00e9e du M\u00e9morial Van Damme, la finale de la Ligue de Diamant d&rsquo;athl\u00e9tisme. Le Bahre\u00efni Birhanu Balew s&rsquo;est offert une large victoire et un record d&rsquo;Asie, de surcro\u00eet, en terminant la course en 12:45.70.<\/p>\n<p class=\"ap-StoryElement ap-StoryElement--mb ap-StoryText\">Jusqu&rsquo;aujourd&rsquo;hui, la MPM \u00e9tait celle de l&rsquo;Ethiopien Addisu Yihune (12:47.62, le 10 juin \u00e0 Oslo). Le record du meeting appartient toujours au K\u00e9nyan Daniel Komen, qui avait \u00e9tabli une marque de 12:39.74 le 22 ao\u00fbt 1997, il y a plus de 19 ans.<\/p>\n<p>Klaudia Kazimierska signe le record du meeting et la performance de l&rsquo;ann\u00e9e sur 1.500 m<\/p>\n<p class=\"ap-StoryElement ap-StoryElement--mb ap-StoryText\">La Polonaise Klaudia Kazimierska a cumul\u00e9 un record national, une meilleure performance de l&rsquo;ann\u00e9e et un record du meeting, en plus de remporter le 1.500 m au M\u00e9morial Van Damme, samedi. En finale de la Ligue de Diamant, Kazimierska a sign\u00e9 un chrono de 3:54.05, tenant la distance dans la derni\u00e8re ligne droite devant la K\u00e9nyane Dorcus Ewoi (3:54.72) et l&rsquo;Australienne Jessica Hull (3:54.73), qui n&rsquo;avaient qu&rsquo;un centi\u00e8me d&rsquo;\u00e9cart.<\/p>\n<p class=\"ap-StoryElement ap-StoryElement--mb ap-StoryText\">Mariska Parewyck a jou\u00e9 son r\u00f4le dans ce record, en tant que li\u00e8vre, quelques semaines apr\u00e8s avoir v\u00e9cu, \u00e0 37 ans, sa premi\u00e8re exp\u00e9rience en grand championnat. A l&rsquo;Euro de Birmingham, la maman de trois filles a disput\u00e9 le 800 m, avant d&rsquo;\u00eatre honor\u00e9e par une premi\u00e8re apparition au M\u00e9morial Van Damme. Elle a tir\u00e9 le peloton jusqu&rsquo;\u00e0 un peu moins de deux tours de l&rsquo;arriv\u00e9e.<\/p>\n<p>Meilleure performance mondiale sur 5.000 m pour le Bahre\u00efni Birhanu Balew \u00e0 Bruxelles<\/p>\n<p class=\"ap-StoryElement ap-StoryElement--mb ap-StoryText\">Une meilleure performance mondiale de la saison a \u00e9t\u00e9 \u00e9tablie sur le 5.000 m masculin, samedi lors de la seconde soir\u00e9e du M\u00e9morial Van Damme, la finale de la Ligue de Diamant d&rsquo;athl\u00e9tisme. Le Bahre\u00efni Birhanu Balew s&rsquo;est offert une large victoire et un record d&rsquo;Asie, de surcro\u00eet, en terminant la course en 12:45.70.<\/p>\n<p>Ruben Querinjean 4e du 3.000 m steeple, R\u00e9mi Schyns 11e<\/p>\n<p class=\"ap-StoryElement ap-StoryElement--mb ap-StoryText\">Le Belgo-Luxembourgeois Ruben Querinjean a pris la 4e place de l&rsquo;\u00e9preuve de 3000 m steeple, samedi lors de la seconde soir\u00e9e du M\u00e9morial Van Damme, la finale de la Ligue de Diamant d&rsquo;athl\u00e9tisme. Son compagnon d&rsquo;entra\u00eenement R\u00e9my Schyns, qui court sous les couleurs de la Belgique, a pris la 11e place de cette course remport\u00e9e par l&rsquo;\u00c9thiopien Gemechu Godana.<\/p>\n<p class=\"ap-StoryElement ap-StoryElement--mb ap-StoryText\">Godana a domin\u00e9 le final et a coup\u00e9 la ligne en 8:08.67, devant le Marocain Soufiane El Bakkali (8:10.03), le d\u00e9tenteur de la meilleure performance mondiale de la saison avec son chrono de 7:57.25 \u00e9tabli \u00e0 domicile, \u00e0 Rabat, le 31 mai dernier. Le K\u00e9nyan Simon Koech s&rsquo;est class\u00e9 3e en 8:11.15.<\/p>\n<p class=\"ap-StoryElement ap-StoryElement--mb ap-StoryText\">Querinjean a sign\u00e9 un chrono de 8:11.97, loin de son record de Belgique de 8:05.36. Schyns a termin\u00e9 en 8:21.53.<\/p>\n<p>Yanla Ndjip-Nyemeck se m\u00eale au gratin mais finit 8e du 100 m haies, Russell l&#8217;emporte<\/p>\n<p class=\"ap-StoryElement ap-StoryElement--mb ap-StoryText\">Yanla Ndjip-Nyemeck s&rsquo;est class\u00e9e 8e et derni\u00e8re du 100 m haies en 12.93, samedi lors de la seconde soir\u00e9e du M\u00e9morial Van Damme, la finale de la Ligue de Diamant d&rsquo;athl\u00e9tisme. Invit\u00e9e apr\u00e8s avoir atteint la finale du dernier Euro, la hurdleuse de 24 ans pr\u00e9sentait le moins bon record personnel du plateau, bien qu&rsquo;elle partage le record de Belgique en 12.71 avec Anne Zagr\u00e9.<\/p>\n<p>Audrey Werro r\u00e8gle le duel avec Femke Broeders-Bol dans le &lsquo;main event&rsquo; sur 800 m<\/p>\n<p class=\"ap-StoryElement ap-StoryElement--mb ap-StoryText\">Audrey Werro a remport\u00e9 une nouvelle victoire sur 800 m face \u00e0 sa rivale Femke Broeders-Bol, samedi en finale de la Ligue de Diamant d&rsquo;athl\u00e9tisme dans le cadre du M\u00e9morial Van Damme. La Suissesse, championne d&rsquo;Europe et reine du double tour de piste cette saison, a domin\u00e9 la course et a tenu bon dans la derni\u00e8re ligne droite pour s&rsquo;imposer avec un record du meeting en 1:54.75. Malgr\u00e9 sa r\u00e9sistance et un dernier assaut, Broeders-Bol a fini en 1:54.81. Loin derri\u00e8re, l&rsquo;\u00c9thiopienne Saida Tsehaye a compl\u00e9t\u00e9 le podium en 1:57.87.<\/p>\n<p class=\"ap-StoryElement ap-StoryElement--mb ap-StoryText\">Audrey Werro s&rsquo;est montr\u00e9e intraitable avec Femke Broeders-Bol depuis le passage de la N\u00e9erlandaise du 400 m haies au 800 m. Elle a tout simplement remport\u00e9 les six courses que les deux athl\u00e8tes ont courues ensemble. La Suissesse pr\u00e9sente un bilan immacul\u00e9 en Ligue de Diamant cette saison avec six victoires, et renouvelle ainsi sa couronne de championne conquise l&rsquo;ann\u00e9e derni\u00e8re. Outre sa demi-finale \u00e0 l&rsquo;Euro de Birmingham, o\u00f9 elle a tr\u00e9buch\u00e9 et a \u00e9t\u00e9 rep\u00each\u00e9e ensuite, Werro a tout simplement remport\u00e9 tous les 800 m en ext\u00e9rieur qu&rsquo;elle a d\u00e9but\u00e9s cette saison et d\u00e9tient la meilleure performance mondiale (1:53.70), \u00e9tablie la semaine derni\u00e8re \u00e0 domicile, \u00e0 Z\u00fcrich. En salle, elle a \u00e9t\u00e9 battue deux fois par la Britannique Keely Hodgkinson.<\/p>\n<p class=\"ap-StoryElement ap-StoryElement--mb ap-StoryText\">Camille Laus a b\u00e9n\u00e9fici\u00e9 d&rsquo;une invitation dans cette finale du 800 m, de laquelle elle a termin\u00e9 7e en 2:01.63, sans approcher son record personnel de 1:59.43 r\u00e9ussi \u00e0 Birmingham.<\/p>\n<p>Nafi Thiam et Merel Maes ne d\u00e9passent pas 1m84 \u00e0 la hauteur, Patterson surpasse Mahuchikh<\/p>\n<p class=\"ap-StoryElement ap-StoryElement--mb ap-StoryText\">Nafi Thiam et Merel Maes, les deux repr\u00e9sentantes belges align\u00e9es sur le saut en hauteur au M\u00e9morial Van Damme, samedi, n&rsquo;ont pas d\u00e9pass\u00e9 la barre \u00e0 1m84 au stade Roi Baudouin. Au sommet, l&rsquo;Australienne Eleanor Patterson et l&rsquo;Ukrainienne Yaroslava Mahuchikh se sont livr\u00e9 un duel qui a souri \u00e0 la premi\u00e8re, la seule \u00e0 sauter 2m01, tandis que la seconde a cal\u00e9 apr\u00e8s 1m99. Une autre Australienne, Nicola Olyslagers, a pris la 3e place avec un essai de moins que la Serbe Angelina Topic pour r\u00e9ussir le saut \u00e0 1m95.<\/p>\n<p class=\"ap-StoryElement ap-StoryElement--mb ap-StoryText\">Mahuchikh demeure titulaire de la meilleure performance mondiale \u00e0 2m03 depuis le 17 janvier 2026 \u00e0 Lviv (Ukraine), et d\u00e9tient \u00e9galement le record du meeting depuis le 2 septembre 2022 avec une marque \u00e0 2m05.<\/p>\n<p class=\"ap-StoryElement ap-StoryElement--mb ap-StoryText\">Nafi Thiam voulait se jauger \u00e0 Bruxelles, alors qu&rsquo;approche le D\u00e9castar de Talence les 18 et 19 septembre prochains. La triple championne olympique y disputera un heptathlon pour la premi\u00e8re fois depuis son abandon au cours des Mondiaux de Tokyo, il y a pr\u00e8s d&rsquo;un an. Elle n&rsquo;a pu qu&rsquo;\u00e9galer son &lsquo;season best&rsquo;, et est rest\u00e9e tr\u00e8s loin de son record personnel de 2m02 qu&rsquo;elle avait accompli en 2019 \u00e0 Talence, justement.<\/p>\n<p class=\"ap-StoryElement ap-StoryElement--mb ap-StoryText\">Merel Maes (21 ans), finaliste des derniers championnats d&rsquo;Europe d&rsquo;athl\u00e9tisme au mois d&rsquo;ao\u00fbt dernier, n&rsquo;a pas \u00e9t\u00e9 \u00e0 la hauteur de son bond de 1m91 \u00e0 Birmingham, ni de son record personnel de 1m97, r\u00e9ussi l&rsquo;ann\u00e9e derni\u00e8re aux championnats de Belgique.<\/p>\n<p>Monae&rsquo; Nichols remporte le saut en longueur, Noor Vidts saute un &lsquo;season best&rsquo; \u00e0 6m23<\/p>\n<p class=\"ap-StoryElement ap-StoryElement--mb ap-StoryText\">L&rsquo;Am\u00e9ricaine Monae&rsquo; Nichols a d\u00e9croch\u00e9 le titre du saut en longueur, samedi lors de la finale de la Ligue de Diamant d&rsquo;athl\u00e9tisme disput\u00e9e dans le cadre du M\u00e9morial Van Damme. Un saut \u00e0 6m91, dans un concours o\u00f9 le vent presque nul n&rsquo;a fluctu\u00e9 qu&rsquo;entre -0,4 et +0,3 m\/s, a offert \u00e0 Nichols son premier sacre final en Diamond League, o\u00f9 elle succ\u00e8de \u00e0 la double tenante du titre italienne Larissa Iapichino.<\/p>\n<p>Timothy Herman se retire bless\u00e9 d&rsquo;un concours du javelot domin\u00e9 par Pathirage<\/p>\n<p class=\"ap-StoryElement ap-StoryElement--mb ap-StoryText\">Timothy Herman a d\u00fb se retirer, bless\u00e9, du concours de javelot organis\u00e9 samedi lors de la seconde soir\u00e9e du M\u00e9morial Van Damme, dans le cadre de la finale de la Ligue de Diamant d&rsquo;athl\u00e9tisme. L&rsquo;athl\u00e8te belge avait lanc\u00e9 l&rsquo;engin \u00e0 71m79 lors de son deuxi\u00e8me essai, mais il s&rsquo;est arr\u00eat\u00e9 apr\u00e8s sa troisi\u00e8me tentative et a termin\u00e9 6e au classement. Il a d\u00fb \u00eatre emmen\u00e9 en chaise roulante, visiblement touch\u00e9 \u00e0 la cheville gauche.<\/p>\n<p>Le roi du 400 m haies Alison Dos Santos referme le M\u00e9morial avec un record du meeting<\/p>\n<p class=\"ap-StoryElement ap-StoryElement--mb ap-StoryText\">Le recordman du monde du 400 m haies Alison Dos Santos a referm\u00e9 le M\u00e9morial Van Damme avec un record du meeting en 46.70, samedi, \u00e0 l&rsquo;issue de la seconde soir\u00e9e de la finale de la Ligue de Diamant d&rsquo;athl\u00e9tisme. Le Br\u00e9silien, titulaire de la meilleure marque de l&rsquo;histoire en 45.80 depuis la manche de Zurich en Suisse la semaine derni\u00e8re, a survol\u00e9 la course. Il a pu lever le pied dans la derni\u00e8re ligne droite et s&rsquo;est impos\u00e9 avec 1.33 seconde d&rsquo;avance sur l&rsquo;Am\u00e9ricain Trevor Bassitt (48.03), suivi du Br\u00e9silien Matheus Lima (48.18).<\/p>\n<p class=\"ap-StoryElement ap-StoryElement--mb ap-StoryText\">D\u00e9j\u00e0 vainqueur de la Ligue de Diamant en 2022 et en 2024, Dos Santos ajoute une troisi\u00e8me couronne \u00e0 son palmar\u00e8s, \u00e9gale et d\u00e9tr\u00f4ne son rival norv\u00e9gien Karsten Warholm, titr\u00e9 en 2025 pour la troisi\u00e8me fois apr\u00e8s 2019 et 2021. Le vice-champion olympique sortant n&rsquo;\u00e9tait pas pr\u00e9sent \u00e0 Bruxelles pour mettre Alison Dos Santos \u00e0 l&rsquo;\u00e9preuve.<\/p>\n<p class=\"ap-StoryElement ap-StoryElement--mb ap-StoryText\">Le chrono du vainqueur br\u00e9silien efface des tablettes une marque qui f\u00eatait ses 40 ans aujourd&rsquo;hui: le 5 septembre 1986, l&rsquo;Am\u00e9ricain Andr\u00e9 Philipps avait couru le tour de piste en 47.51. Le M\u00e9morial Van Damme f\u00eatait alors sa 10e \u00e9dition, alors qu&rsquo;il en est aujourd&rsquo;hui \u00e0 sa 50e.<\/p>\n","protected":false},"excerpt":{"rendered":"Helena Ponette repr\u00e9sentait la Belgique en tant qu&rsquo;invit\u00e9e dans cette finale, mais elle a couru sous ses standards&hellip;\n","protected":false},"author":2,"featured_media":240824,"comment_status":"","ping_status":"","sticky":false,"template":"","format":"standard","meta":{"footnotes":"","_share_on_mastodon":"0"},"categories":[8],"tags":[10,12,13,18,17,28,4211,1276,11],"class_list":["post-240823","post","type-post","status-publish","format-standard","has-post-thumbnail","category-actualites","tag-actualites","tag-be","tag-be-fr","tag-belgique","tag-belgium","tag-bruxelles-villes","tag-championnat-deurope-de-football-euro","tag-conflit-russie-ukraine","tag-news"],"share_on_mastodon":{"url":"https:\/\/pubeurope.com\/@be_fr\/117220906656808650","error":""},"_links":{"self":[{"href":"https:\/\/www.europesays.com\/be-fr\/wp-json\/wp\/v2\/posts\/240823","targetHints":{"allow":["GET"]}}],"collection":[{"href":"https:\/\/www.europesays.com\/be-fr\/wp-json\/wp\/v2\/posts"}],"about":[{"href":"https:\/\/www.europesays.com\/be-fr\/wp-json\/wp\/v2\/types\/post"}],"author":[{"embeddable":true,"href":"https:\/\/www.europesays.com\/be-fr\/wp-json\/wp\/v2\/users\/2"}],"replies":[{"embeddable":true,"href":"https:\/\/www.europesays.com\/be-fr\/wp-json\/wp\/v2\/comments?post=240823"}],"version-history":[{"count":0,"href":"https:\/\/www.europesays.com\/be-fr\/wp-json\/wp\/v2\/posts\/240823\/revisions"}],"wp:featuredmedia":[{"embeddable":true,"href":"https:\/\/www.europesays.com\/be-fr\/wp-json\/wp\/v2\/media\/240824"}],"wp:attachment":[{"href":"https:\/\/www.europesays.com\/be-fr\/wp-json\/wp\/v2\/media?parent=240823"}],"wp:term":[{"taxonomy":"category","embeddable":true,"href":"https:\/\/www.europesays.com\/be-fr\/wp-json\/wp\/v2\/categories?post=240823"},{"taxonomy":"post_tag","embeddable":true,"href":"https:\/\/www.europesays.com\/be-fr\/wp-json\/wp\/v2\/tags?post=240823"}],"curies":[{"name":"wp","href":"https:\/\/api.w.org\/{rel}","templated":true}]}}