{"id":240837,"date":"2026-09-05T23:10:14","date_gmt":"2026-09-05T23:10:14","guid":{"rendered":"https:\/\/www.europesays.com\/be-fr\/240837\/"},"modified":"2026-09-05T23:10:14","modified_gmt":"2026-09-05T23:10:14","slug":"mostra-de-venise-robert-pattinson-en-animateur-tele-piegeur-de-pedophiles-dans-primetime-actualites","status":"publish","type":"post","link":"https:\/\/www.europesays.com\/be-fr\/240837\/","title":{"rendered":"Mostra de Venise: Robert Pattinson en animateur t\u00e9l\u00e9 pi\u00e9geur de p\u00e9dophiles dans \u00ab\u00a0Primetime\u00a0\u00bb : Actualit\u00e9s"},"content":{"rendered":"<p class=\"lead \">La star britannique Robert Pattinson cherchera \u00e0 prolonger son remarquable parcours au box-office en 2026 en incarnant un pr\u00e9sentateur t\u00e9l\u00e9 pi\u00e9geant des p\u00e9dophiles en direct dans le film \u00ab\u00a0Primetime\u00a0\u00bb inspir\u00e9 d&rsquo;une \u00e9mission am\u00e9ricaine controvers\u00e9e, pr\u00e9sent\u00e9 en avant-premi\u00e8re au Festival du film de Venise samedi.<\/p>\n<p class=\"lead \">En salle le 23 septembre en France, le film est aussi son tout premier en tant que producteur, ainsi que le premier long-m\u00e9trage de fiction du r\u00e9alisateur am\u00e9ricain Lance Oppenheim. <\/p>\n<p class=\"lead \">\u00ab\u00a0J&rsquo;ai \u00e9t\u00e9 extr\u00eamement attach\u00e9 \u00e0 ce projet d\u00e8s le d\u00e9but et attach\u00e9 \u00e0 toutes les personnes impliqu\u00e9es dedans\u00a0\u00bb, a d\u00e9clar\u00e9 l&rsquo;acteur de 40 ans lors d&rsquo;une conf\u00e9rence de presse organis\u00e9e \u00e0 Venise en amont de la projection du film.<\/p>\n<p class=\"lead \">\u00ab\u00a0Primetime\u00a0\u00bb s&rsquo;inspire du programme t\u00e9l\u00e9vis\u00e9 \u00ab\u00a0To Catch a Predator\u00a0\u00bb diffus\u00e9 sur NBC entre 2004 et 2007 et pr\u00e9sent\u00e9 par Chris Hansen, dont la sp\u00e9cialit\u00e9 \u00e9tait de pi\u00e9ger des p\u00e9docriminels.<\/p>\n<p class=\"lead \">L&rsquo;\u00e9mission s&rsquo;\u00e9tait fait une sp\u00e9cialit\u00e9 de d\u00e9masquer des hommes entretenant des conversations \u00e0 caract\u00e8re sexuel en ligne avec des mineurs en les attirant dans des rendez-vous fictifs avec des acteurs.<\/p>\n<p class=\"lead \">Une fois pris au pi\u00e8ge, les cam\u00e9ras de t\u00e9l\u00e9vision apparaissaient avec Chris Hansen pour interroger le \u00ab\u00a0pr\u00e9dateur\u00a0\u00bb. Le programme est entour\u00e9 d&rsquo;un parfum de scandale pour ses m\u00e9thodes contest\u00e9es et avait \u00e9t\u00e9 interrompu quelques mois apr\u00e8s le suicide d&rsquo;un homme pi\u00e9g\u00e9 par l&rsquo;\u00e9mission.<\/p>\n<p class=\"lead \">Apr\u00e8s avoir vu la bande-annonce du film, Chris Hansen a salu\u00e9 l\u2019interpr\u00e9tation inqui\u00e9tante qu\u2019en donne Robert Pattinson, tout en laissant entendre qu&rsquo;il envisageait une action judiciaire face \u00e0 ce qui ressemble \u00e0 un portrait tr\u00e8s peu \u00e9logieux. <\/p>\n<p class=\"lead \">\u00ab\u00a0De toute \u00e9vidence, il s\u2019est entra\u00een\u00e9 \u00e0 m\u2019imiter et, m\u00eame si je pense que c\u2019est excessivement dramatique, je trouve que c\u2019est une assez bonne imitation dans la bande-annonce\u00a0\u00bb, a d\u00e9clar\u00e9 le pr\u00e9sentateur dans l\u2019\u00e9mission am\u00e9ricaine \u00ab\u00a0Entertainment Tonight\u00a0\u00bb le mois dernier.<\/p>\n<p class=\"lead \">Pattinson a tourn\u00e9 le film juste avant \u00ab\u00a0L&rsquo;Odyss\u00e9e\u00a0\u00bb, l&rsquo;un des succ\u00e8s de l&rsquo;\u00e9t\u00e9 au box-office. \u00ab\u00a0J&rsquo;ai trouv\u00e9 l&rsquo;accent tr\u00e8s difficile\u00a0\u00bb \u00e0 faire, a-t-il exprim\u00e9. \u00ab\u00a0J&rsquo;entends clairement un peu de Chris Hansen dans +L&rsquo;Odyss\u00e9e+ quand je le regarde\u00a0\u00bb, s&rsquo;est-il amus\u00e9.<\/p>\n<p class=\"lead \">Robert Pattinson a investi dans la production de \u00ab\u00a0Primetime\u00a0\u00bb via sa soci\u00e9t\u00e9 Icki Eneo Arlo, lui offrant un certain contr\u00f4le sur le film.<\/p>\n<p class=\"lead \">\u00ab\u00a0Il n&rsquo;\u00e9tait pas simplement mon acteur principal. C\u2019\u00e9tait un v\u00e9ritable collaborateur, \u00e9prouv\u00e9, et nous avons forg\u00e9 ce projet ensemble\u00a0\u00bb, a d\u00e9clar\u00e9 \u00e0 l&rsquo;AFP Lance Oppenheim, expliquant que Pattinson avait particip\u00e9 au choix du casting, \u00e0 la production et au montage. <\/p>\n<p class=\"lead \">Le film, produit par le studio ind\u00e9pendant A24, est en lice pour le Lion d&rsquo;or \u00e0 Venise et est l&rsquo;un des plus attendus sur le Lido.<\/p>\n<p class=\"small font-weight-bold text-gray3 \"> publi\u00e9 le 5 septembre \u00e0 18h42, AFP<\/p>\n<p>                             Partager<\/p>\n","protected":false},"excerpt":{"rendered":"La star britannique Robert Pattinson cherchera \u00e0 prolonger son remarquable parcours au box-office en 2026 en incarnant un&hellip;\n","protected":false},"author":2,"featured_media":240838,"comment_status":"","ping_status":"","sticky":false,"template":"","format":"standard","meta":{"footnotes":"","_share_on_mastodon":"0"},"categories":[102],"tags":[12,13,18,17,2763,129,128,2762,96,95,2673,174,109,3977,567],"class_list":["post-240837","post","type-post","status-publish","format-standard","has-post-thumbnail","category-people","tag-be","tag-be-fr","tag-belgique","tag-belgium","tag-clbrits","tag-celebrities","tag-celebrity","tag-cinma","tag-divertissement","tag-entertainment","tag-festival","tag-italie","tag-people","tag-tlvision","tag-usa"],"share_on_mastodon":{"url":"https:\/\/pubeurope.com\/@be_fr\/117220961454147622","error":""},"_links":{"self":[{"href":"https:\/\/www.europesays.com\/be-fr\/wp-json\/wp\/v2\/posts\/240837","targetHints":{"allow":["GET"]}}],"collection":[{"href":"https:\/\/www.europesays.com\/be-fr\/wp-json\/wp\/v2\/posts"}],"about":[{"href":"https:\/\/www.europesays.com\/be-fr\/wp-json\/wp\/v2\/types\/post"}],"author":[{"embeddable":true,"href":"https:\/\/www.europesays.com\/be-fr\/wp-json\/wp\/v2\/users\/2"}],"replies":[{"embeddable":true,"href":"https:\/\/www.europesays.com\/be-fr\/wp-json\/wp\/v2\/comments?post=240837"}],"version-history":[{"count":0,"href":"https:\/\/www.europesays.com\/be-fr\/wp-json\/wp\/v2\/posts\/240837\/revisions"}],"wp:featuredmedia":[{"embeddable":true,"href":"https:\/\/www.europesays.com\/be-fr\/wp-json\/wp\/v2\/media\/240838"}],"wp:attachment":[{"href":"https:\/\/www.europesays.com\/be-fr\/wp-json\/wp\/v2\/media?parent=240837"}],"wp:term":[{"taxonomy":"category","embeddable":true,"href":"https:\/\/www.europesays.com\/be-fr\/wp-json\/wp\/v2\/categories?post=240837"},{"taxonomy":"post_tag","embeddable":true,"href":"https:\/\/www.europesays.com\/be-fr\/wp-json\/wp\/v2\/tags?post=240837"}],"curies":[{"name":"wp","href":"https:\/\/api.w.org\/{rel}","templated":true}]}}