{"id":240851,"date":"2026-09-05T23:31:32","date_gmt":"2026-09-05T23:31:32","guid":{"rendered":"https:\/\/www.europesays.com\/be-fr\/240851\/"},"modified":"2026-09-05T23:31:32","modified_gmt":"2026-09-05T23:31:32","slug":"on-a-passe-des-moments-difficiles-philippe-etchebest-se-confie-sur-son-couple-avec-sa-femme-dominique","status":"publish","type":"post","link":"https:\/\/www.europesays.com\/be-fr\/240851\/","title":{"rendered":"\u00ab\u00a0On a pass\u00e9 des moments difficiles\u00a0\u00bb : Philippe Etchebest se confie sur son couple avec sa femme Dominique"},"content":{"rendered":"<p>Philippe Etchebest reprend du service\u00a0! Ce vendredi 4\u00a0septembre, dans <a href=\"https:\/\/www.programme-tv.net\/news\/tv\/386145-cauchemar-en-cuisine-pret-bancaire-coaching-voici-comment-sont-aides-les-restaurateurs-apres-le-tournage\/\" data-api-deeplink=\"teleloisirs:\/\/news\/386145\" rel=\"nofollow noopener\" target=\"_blank\">Cauchemar en cuisine<\/a>, le chef de 59 ans vole aux secours de St\u00e9phane, 56 ans, et B\u00e9atrice, 50 ans, un couple de restaurateurs install\u00e9 \u00e0 Saint-Bonnet-en-Champsaur dans les Hautes-Alpes. Ensemble depuis six ans, ils ont repris L&rsquo;Auberge de Marie il y a trois ans, un projet qu&rsquo;ils consid\u00e8rent comme \u00ab\u00a0leur b\u00e9b\u00e9\u00a0\u00bb. Et depuis, ils encha\u00eenent les d\u00e9convenues et ont du mal \u00e0 joindre les deux bouts.<\/p>\n<p>Ils esp\u00e8rent donc que l&rsquo;intervention du Meilleur ouvrier de France les aidera \u00e0 sortir la t\u00eate de l&rsquo;eau. Un \u00e9pisode de Cauchemar en cuisine diffus\u00e9 ce soir sur M6 mais qui est d\u00e9j\u00e0 disponible en avant-premi\u00e8re sur M6+ pour les plus impatients. L&rsquo;occasion, pour Philippe Etchebest, de faire quelques confidences sur sa situation personnelle.<\/p>\n<p>                        \u00ab\u00a0Je sais ce que c&rsquo;est de travailler en couple\u00a0\u00bb\u00a0: Philippe Etchebest \u00e9voque sa femme Dominique dans Cauchemar en cuisine<\/p>\n<p>Lorsqu&rsquo;il les voit en action sur le service du soir, Philippe Etchebest se rend vite compte que le couple fait face \u00e0 une petite crise. \u00ab\u00a0Si rien ne change, B\u00e9atrice va exploser\u00a0\u00bb, constate-t-il. Apr\u00e8s coup, la quinquag\u00e9naire craque et confesse qu&rsquo;elle est \u00e0 bout et \u00ab\u00a0ne se reconna\u00eet plus\u00a0\u00bb. Il d\u00e9cide alors de convoquer son conjoint pour que les deux tourtereaux cr\u00e8vent l&rsquo;abc\u00e8s.<\/p>\n<p>\u00ab\u00a0Je sais ce que c&rsquo;est de travailler en couple. Je travaille avec ma femme depuis des ann\u00e9es\u00a0\u00bb, explique-t-il. <a href=\"https:\/\/www.programme-tv.net\/news\/people\/78924-philippe-etchebest-qui-est-sa-femme-dominique\/\" data-api-deeplink=\"teleloisirs:\/\/news\/78924\" rel=\"nofollow noopener\" target=\"_blank\">Ensemble depuis trente ans, Philippe Etchebest et Dominique<\/a> forment aussi un bin\u00f4me professionnel puisqu&rsquo;elle est la directrice g\u00e9n\u00e9rale du groupe fond\u00e9 par le chef. \u00ab\u00a0<a href=\"https:\/\/www.programme-tv.net\/news\/tv\/396236-exclu-il-ny-a-pas-une-decision-qui-se-prend-sans-elle-philippe-etchebest-evoque-le-role-tres-important-de-sa-femme-dominique-dans-sa-carriere\/\" data-api-deeplink=\"teleloisirs:\/\/news\/396236\" rel=\"nofollow noopener\" target=\"_blank\">Il n&rsquo;y a pas une d\u00e9cision qui se prend sans elle<\/a>\u00ab\u00a0, avait-il d&rsquo;ailleurs confess\u00e9 en d\u00e9but d&rsquo;ann\u00e9e dans En Apart\u00e9 sur Canal+.<\/p>\n<p>            \u00ab\u00a0On \u00e9tait toujours soud\u00e9s\u00a0\u00bb\u00a0: Philippe Etchebest \u00e9voque les \u00ab\u00a0moments difficiles\u00a0\u00bb qu&rsquo;il a parfois rencontr\u00e9s avec son \u00e9pouse Dominique<\/p>\n<p>Un bin\u00f4me solide qui a d\u00fb parfois affronter des moments de doutes. \u00ab\u00a0On a pass\u00e9 des \u00e9tapes, des moments difficiles, mais on \u00e9tait toujours ensemble et toujours soud\u00e9s. C&rsquo;est ce qui nous a permis de r\u00e9ussir et de passer tous les obstacles. \u00c0 chaque fois. Mais on s&rsquo;investissait tous les deux\u00a0\u00bb, conclut-il.<\/p>\n<p>Plut\u00f4t pudique sur sa vie priv\u00e9e, Philippe Etchebest ne manque pas une occasion de faire une belle d\u00e9claration \u00e0 celle qui partage sa vie et de la remercier <a href=\"https:\/\/www.programme-tv.net\/news\/people\/374908-cetait-pour-moi-obligatoire-de-le-faire-philippe-etchebest-decroche-sa-deuxieme-etoile-au-guide-michelin-ses-mots-touchants-pour-sa-femme-dominique\/\" data-api-deeplink=\"teleloisirs:\/\/news\/374908\" rel=\"nofollow noopener\" target=\"_blank\">pour son implication \u00e0 ses c\u00f4t\u00e9s et son soutien inconditionnel<\/a>.<\/p>\n","protected":false},"excerpt":{"rendered":"Philippe Etchebest reprend du service\u00a0! Ce vendredi 4\u00a0septembre, dans Cauchemar en cuisine, le chef de 59 ans vole&hellip;\n","protected":false},"author":2,"featured_media":240852,"comment_status":"","ping_status":"","sticky":false,"template":"","format":"standard","meta":{"footnotes":"","_share_on_mastodon":"0"},"categories":[83],"tags":[12,13,18,17,3186,118,96,95,1084,1713],"class_list":["post-240851","post","type-post","status-publish","format-standard","has-post-thumbnail","category-divertissement","tag-be","tag-be-fr","tag-belgique","tag-belgium","tag-cauchemar-en-cuisine","tag-commentaire","tag-divertissement","tag-entertainment","tag-m6","tag-philippe-etchebest"],"share_on_mastodon":{"url":"https:\/\/pubeurope.com\/@be_fr\/117221043805747263","error":""},"_links":{"self":[{"href":"https:\/\/www.europesays.com\/be-fr\/wp-json\/wp\/v2\/posts\/240851","targetHints":{"allow":["GET"]}}],"collection":[{"href":"https:\/\/www.europesays.com\/be-fr\/wp-json\/wp\/v2\/posts"}],"about":[{"href":"https:\/\/www.europesays.com\/be-fr\/wp-json\/wp\/v2\/types\/post"}],"author":[{"embeddable":true,"href":"https:\/\/www.europesays.com\/be-fr\/wp-json\/wp\/v2\/users\/2"}],"replies":[{"embeddable":true,"href":"https:\/\/www.europesays.com\/be-fr\/wp-json\/wp\/v2\/comments?post=240851"}],"version-history":[{"count":0,"href":"https:\/\/www.europesays.com\/be-fr\/wp-json\/wp\/v2\/posts\/240851\/revisions"}],"wp:featuredmedia":[{"embeddable":true,"href":"https:\/\/www.europesays.com\/be-fr\/wp-json\/wp\/v2\/media\/240852"}],"wp:attachment":[{"href":"https:\/\/www.europesays.com\/be-fr\/wp-json\/wp\/v2\/media?parent=240851"}],"wp:term":[{"taxonomy":"category","embeddable":true,"href":"https:\/\/www.europesays.com\/be-fr\/wp-json\/wp\/v2\/categories?post=240851"},{"taxonomy":"post_tag","embeddable":true,"href":"https:\/\/www.europesays.com\/be-fr\/wp-json\/wp\/v2\/tags?post=240851"}],"curies":[{"name":"wp","href":"https:\/\/api.w.org\/{rel}","templated":true}]}}