{"id":240877,"date":"2026-09-06T00:44:09","date_gmt":"2026-09-06T00:44:09","guid":{"rendered":"https:\/\/www.europesays.com\/be-fr\/240877\/"},"modified":"2026-09-06T00:44:09","modified_gmt":"2026-09-06T00:44:09","slug":"etats-unis-la-justice-inflige-un-nouveau-revers-a-donald-trump-qui-voulait-remettre-en-cause-le-droit-du-sol","status":"publish","type":"post","link":"https:\/\/www.europesays.com\/be-fr\/240877\/","title":{"rendered":"\u00c9tats-Unis\u00a0: la justice inflige un nouveau revers \u00e0 Donald Trump, qui voulait remettre en cause le droit du sol"},"content":{"rendered":"<p data-ofstats-scroll=\"read_depth_30\">Une juge f\u00e9d\u00e9rale a fait barrage mercredi <a href=\"https:\/\/www.ouest-france.fr\/monde\/etats-unis\/donald-trump\/donald-trump-relance-sa-bataille-contre-le-droit-du-sol-en-ciblant-le-tourisme-des-naissances-5e9158c4-91e6-11f1-9add-57c399f24235\" target=\"_self\" rel=\"nofollow noopener\">\u00e0 un d\u00e9cret du pr\u00e9sident am\u00e9ricain Donald Trump<\/a> cens\u00e9 emp\u00eacher ce qu\u2019il pr\u00e9sente comme un \u00ab\u00a0tourisme de naissance\u00a0\u00bb, derni\u00e8re tentative en date de son gouvernement pour remettre en cause le droit du sol, rapporte l\u2019Agence France-Presse\u00a0(AFP).<\/p>\n<p data-ofstats-scroll=\"read_depth_40\">La juge Deborah Boardman du Maryland\u00a0(est) a \u00e9mis cette mesure conservatoire apr\u00e8s la mobilisation d\u2019organisations de d\u00e9fense des droits contre ce d\u00e9cret sign\u00e9 en ao\u00fbt.<\/p>\n<p>        Opposition de la Cour supr\u00eame en juin dernier<\/p>\n<p data-ofstats-scroll=\"read_depth_50\">Fin juin, la Cour supr\u00eame <a href=\"https:\/\/www.ouest-france.fr\/monde\/etats-unis\/donald-trump\/donald-trump-veut-remettre-en-cause-la-citoyennete-americaine-la-cour-supreme-pas-convaincue-443622fa-2e79-11f1-907e-c89d90e05bfb\" target=\"_self\" rel=\"nofollow noopener\">avait rejet\u00e9 la remise en cause par Donald Trump du droit du sol<\/a> pour les enfants d\u2019immigr\u00e9s en situation irr\u00e9guli\u00e8re, infligeant un revers majeur au pr\u00e9sident am\u00e9ricain qui souhaitait mettre fin \u00e0 ce qu\u2019il consid\u00e8re comme une incitation \u00e0 l\u2019immigration clandestine.<\/p>\n<p data-ofstats-scroll=\"read_depth_70\">Puis, par son d\u00e9cret d\u2019ao\u00fbt, le r\u00e9publicain avait appel\u00e9 \u00e0 des \u00ab\u00a0ajustements\u00a0\u00bb, en ciblant le ph\u00e9nom\u00e8ne du \u00ab\u00a0tourisme de naissance\u00a0\u00bb, lorsque des \u00e9trang\u00e8res venant accoucher aux \u00c9tats-Unis afin que leur enfant soit am\u00e9ricain.<\/p>\n<p>        Un ph\u00e9nom\u00e8ne marginal<\/p>\n<p data-ofstats-scroll=\"read_depth_80\">\u00ab\u00a0La Cour supr\u00eame a parl\u00e9\u00a0: les enfants\u00a0(concern\u00e9s) sont des \u201ccitoyens \u00e0 la naissance\u201d\u00a0\u00bb, a justifi\u00e9 la magistrate f\u00e9d\u00e9rale dans un document de 35\u00a0pages, ajoutant que le d\u00e9cret du dirigeant am\u00e9ricain \u00e9tait \u00ab\u00a0presque certainement inconstitutionnel\u00a0\u00bb.<\/p>\n<p data-ofstats-scroll=\"read_depth_100\">Des sp\u00e9cialistes ont soulign\u00e9 que le \u00ab\u00a0tourisme de naissance\u00a0\u00bb restait un ph\u00e9nom\u00e8ne marginal aux \u00c9tats-Unis, par rapport aux plus de 250\u00a0000\u00a0naissances annuelles d\u2019enfants d\u2019immigr\u00e9s en situation irr\u00e9guli\u00e8re ou de r\u00e9sidents temporaires aux \u00c9tats-Unis.<\/p>\n","protected":false},"excerpt":{"rendered":"Une juge f\u00e9d\u00e9rale a fait barrage mercredi \u00e0 un d\u00e9cret du pr\u00e9sident am\u00e9ricain Donald Trump cens\u00e9 emp\u00eacher ce&hellip;\n","protected":false},"author":2,"featured_media":240878,"comment_status":"","ping_status":"","sticky":false,"template":"","format":"standard","meta":{"footnotes":"","_share_on_mastodon":"0"},"categories":[9],"tags":[1183,1917,12,13,18,17,34,377,778,31,934,1182,32],"class_list":["post-240877","post","type-post","status-publish","format-standard","has-post-thumbnail","category-international","tag-actualite-en-continu","tag-ameriques","tag-be","tag-be-fr","tag-belgique","tag-belgium","tag-donald-trump","tag-etats-unis","tag-immigration","tag-international","tag-justice","tag-une","tag-world-news"],"share_on_mastodon":{"url":"https:\/\/pubeurope.com\/@be_fr\/117221330954944063","error":""},"_links":{"self":[{"href":"https:\/\/www.europesays.com\/be-fr\/wp-json\/wp\/v2\/posts\/240877","targetHints":{"allow":["GET"]}}],"collection":[{"href":"https:\/\/www.europesays.com\/be-fr\/wp-json\/wp\/v2\/posts"}],"about":[{"href":"https:\/\/www.europesays.com\/be-fr\/wp-json\/wp\/v2\/types\/post"}],"author":[{"embeddable":true,"href":"https:\/\/www.europesays.com\/be-fr\/wp-json\/wp\/v2\/users\/2"}],"replies":[{"embeddable":true,"href":"https:\/\/www.europesays.com\/be-fr\/wp-json\/wp\/v2\/comments?post=240877"}],"version-history":[{"count":0,"href":"https:\/\/www.europesays.com\/be-fr\/wp-json\/wp\/v2\/posts\/240877\/revisions"}],"wp:featuredmedia":[{"embeddable":true,"href":"https:\/\/www.europesays.com\/be-fr\/wp-json\/wp\/v2\/media\/240878"}],"wp:attachment":[{"href":"https:\/\/www.europesays.com\/be-fr\/wp-json\/wp\/v2\/media?parent=240877"}],"wp:term":[{"taxonomy":"category","embeddable":true,"href":"https:\/\/www.europesays.com\/be-fr\/wp-json\/wp\/v2\/categories?post=240877"},{"taxonomy":"post_tag","embeddable":true,"href":"https:\/\/www.europesays.com\/be-fr\/wp-json\/wp\/v2\/tags?post=240877"}],"curies":[{"name":"wp","href":"https:\/\/api.w.org\/{rel}","templated":true}]}}