{"id":240889,"date":"2026-09-06T01:41:09","date_gmt":"2026-09-06T01:41:09","guid":{"rendered":"https:\/\/www.europesays.com\/be-fr\/240889\/"},"modified":"2026-09-06T01:41:09","modified_gmt":"2026-09-06T01:41:09","slug":"audiences-tv-rentree-en-baisse-pour-les-cancres-de-qui-sera-le-plus-nul-presente-par-camille-combal-sur-tf-1","status":"publish","type":"post","link":"https:\/\/www.europesays.com\/be-fr\/240889\/","title":{"rendered":"Audiences TV\u00a0: rentr\u00e9e en baisse pour les cancres de \u00ab\u00a0Qui sera le plus nul\u00a0?\u00a0\u00bb pr\u00e9sent\u00e9 par Camille Combal sur TF\u00a01"},"content":{"rendered":"<p class=\"paragraph text_align_left lp-f-body-02\">Ce vendredi soir de semaine de rentr\u00e9e, c\u2019est France 2 qui est arriv\u00e9e en t\u00eate des audiences gr\u00e2ce \u00e0 une valeur s\u00fbre\u2026 une de ses s\u00e9ries polici\u00e8res. \u00ab \u00c0 l\u2019instinct \u00bb avec Christopher Bayemi et Juliette Plumecocq-Mech. son \u00e9pisode in\u00e9dit \u00ab Dans les limbes \u00bb a r\u00e9uni 3,16 millions de t\u00e9l\u00e9spectateurs soit une part d\u2019audience de 20,7 % sur l\u2019ensemble du public et de 2,9 % des Femmes Responsables des Achats de moins de 50 ans, les FRDA-50, selon M\u00e9diam\u00e9trie. Vendredi dernier, un autre \u00e9pisode in\u00e9dit avait \u00e9galement fait un excellent score en \u00e9tant suivi par 3,45 millions de t\u00e9l\u00e9spectateurs, soit une part d\u2019audience de 23,4 % et de 5,4 % des FRDA-50.<\/p>\n<p class=\"\">Arrive en deuxi\u00e8me position, le retour de l\u2019\u00e9mission de divertissement de TF 1 \u00ab Qui sera le plus nul ? \u00bb. Pr\u00e9sent\u00e9e par Camille Combal, cette \u00e9mission propose \u00e0 une classe compos\u00e9e notamment de RimK, Samuel Etienne<a href=\"https:\/\/www.leparisien.fr\/culture-loisirs\/tv\/danse-avec-les-stars-on-me-la-propose-mais-cela-a-lair-trop-crevant-les-confidences-de-philippe-katerine-04-09-2026-YNZPAORVIFFULGDH6DCYM7AOS4.php\" target=\"_self\" rel=\"nofollow noopener\"> ou encore Philippe Katerine,<\/a> de s\u2019essayer \u00e0 des exercices de maths, de logique ou d\u2019orthographe.<\/p>\n<p class=\"\">La premi\u00e8re partie du programme, de 21 h 14 \u00e0 22 h 10, a fait rigoler 2,53 millions de t\u00e9l\u00e9spectateurs soit 15,9 % sur l\u2019ensemble du public et 34,9 % sur les FRDA-50. La deuxi\u00e8me partie de 22h18 \u00e0 23h22 a conserv\u00e9 1,91 million de t\u00e9l\u00e9spectateurs soit 15,9 % de sur l\u2019ensemble du public et 33,4 % sur les FRDA-50, toujours selon M\u00e9diam\u00e9trie. On est loin du carton de la premi\u00e8re saison, diffus\u00e9e en janvier dernier. Le premier \u00e9pisode avait intrigu\u00e9 4,05 millions de t\u00e9l\u00e9spectateurs, soit une part d\u2019audience de 22,0 % et 36,9 % des FRDA-50.<\/p>\n<p>M 6 sous le million<\/p>\n<p class=\"\">France 3 r\u00e9cup\u00e8re la troisi\u00e8me place du podium, avec le retour de son jeu <a href=\"https:\/\/www.leparisien.fr\/culture-loisirs\/tv\/la-carte-aux-tresors-que-vaut-stephane-bern-a-lanimation-du-jeu-de-france-3-03-09-2026-XXGTTZTHJRF6DHFWIJWO3KDGAE.php\" target=\"_self\" rel=\"nofollow noopener\">\u00ab La carte aux tr\u00e9sors \u00bb anim\u00e9 pour la premi\u00e8re fois par St\u00e9phane Bern.<\/a> Ce num\u00e9ro in\u00e9dit a fait s\u2019\u00e9vader 1,21 million de t\u00e9l\u00e9spectateurs soit une part d\u2019audience de 8,8 % de l\u2019ensemble du public et 4,3 % sur les FRDA-50. Le pr\u00e9c\u00e9dent num\u00e9ro in\u00e9dit, diffus\u00e9 le vendredi 1er mai, avait \u00e9t\u00e9 suivi par 1,29 million de t\u00e9l\u00e9spectateurs, soit une part d\u2019audience de 8,4 % de l\u2019ensemble du public.<\/p>\n<p class=\"\">Enfin, M 6 est sous la barre du million de t\u00e9l\u00e9spectateurs malgr\u00e9 un in\u00e9dit de son \u00e9mission phare \u00ab Cauchemar en cuisine \u00bb avec Philippe Etchebest. L\u2019\u00e9mission a \u00e9t\u00e9 vue par \u00e0 peine 916 000 t\u00e9l\u00e9spectateurs soit 5,7 % sur l\u2019ensemble du public mais tout de m\u00eame 12,2 % des FRDA-50 de 21h14\u00e0 22 h 04, puis 768 000 t\u00e9l\u00e9spectateurs soit 5,8 % sur l\u2019ensemble du public et 13,6 % de PDA sur les FRDA-50 de 22 h 10 \u00e0 23 h 00. Le dernier num\u00e9ro in\u00e9dit, diffus\u00e9 le mardi 24 mars, avait fait mieux en rassemblant 1,21 million de t\u00e9l\u00e9spectateurs, soit une part d\u2019audience de 6,9 % et 12,0 % de FRDA-50.<\/p>\n","protected":false},"excerpt":{"rendered":"Ce vendredi soir de semaine de rentr\u00e9e, c\u2019est France 2 qui est arriv\u00e9e en t\u00eate des audiences gr\u00e2ce&hellip;\n","protected":false},"author":2,"featured_media":240890,"comment_status":"","ping_status":"","sticky":false,"template":"","format":"standard","meta":{"footnotes":"","_share_on_mastodon":"0"},"categories":[99],"tags":[12,13,18,17,191,96,95,112,1484],"class_list":["post-240889","post","type-post","status-publish","format-standard","has-post-thumbnail","category-television","tag-be","tag-be-fr","tag-belgique","tag-belgium","tag-culture-et-loisirs","tag-divertissement","tag-entertainment","tag-television","tag-television-medias"],"share_on_mastodon":{"url":"https:\/\/pubeurope.com\/@be_fr\/117221555349035394","error":""},"_links":{"self":[{"href":"https:\/\/www.europesays.com\/be-fr\/wp-json\/wp\/v2\/posts\/240889","targetHints":{"allow":["GET"]}}],"collection":[{"href":"https:\/\/www.europesays.com\/be-fr\/wp-json\/wp\/v2\/posts"}],"about":[{"href":"https:\/\/www.europesays.com\/be-fr\/wp-json\/wp\/v2\/types\/post"}],"author":[{"embeddable":true,"href":"https:\/\/www.europesays.com\/be-fr\/wp-json\/wp\/v2\/users\/2"}],"replies":[{"embeddable":true,"href":"https:\/\/www.europesays.com\/be-fr\/wp-json\/wp\/v2\/comments?post=240889"}],"version-history":[{"count":0,"href":"https:\/\/www.europesays.com\/be-fr\/wp-json\/wp\/v2\/posts\/240889\/revisions"}],"wp:featuredmedia":[{"embeddable":true,"href":"https:\/\/www.europesays.com\/be-fr\/wp-json\/wp\/v2\/media\/240890"}],"wp:attachment":[{"href":"https:\/\/www.europesays.com\/be-fr\/wp-json\/wp\/v2\/media?parent=240889"}],"wp:term":[{"taxonomy":"category","embeddable":true,"href":"https:\/\/www.europesays.com\/be-fr\/wp-json\/wp\/v2\/categories?post=240889"},{"taxonomy":"post_tag","embeddable":true,"href":"https:\/\/www.europesays.com\/be-fr\/wp-json\/wp\/v2\/tags?post=240889"}],"curies":[{"name":"wp","href":"https:\/\/api.w.org\/{rel}","templated":true}]}}