{"id":240891,"date":"2026-09-06T01:50:46","date_gmt":"2026-09-06T01:50:46","guid":{"rendered":"https:\/\/www.europesays.com\/be-fr\/240891\/"},"modified":"2026-09-06T01:50:46","modified_gmt":"2026-09-06T01:50:46","slug":"carte-des-zones-inondables-en-wallonie-une-mise-a-jour-cle","status":"publish","type":"post","link":"https:\/\/www.europesays.com\/be-fr\/240891\/","title":{"rendered":"Carte des zones inondables en Wallonie\u00a0: une mise \u00e0 jour cl\u00e9"},"content":{"rendered":"<p>  <img decoding=\"async\" class=\"r-img lazyloaded\" src=\"https:\/\/www.europesays.com\/be-fr\/wp-content\/uploads\/2026\/09\/1788659444_248_yasmine2.jpg\" alt=\"Yasmine Meziani\"\/><\/p>\n<p>Par <a href=\"https:\/\/www.rtl.be\/384772\/dpi-authors\/yasmine-meziani\" rel=\"nofollow noopener\" target=\"_blank\">Yasmine Meziani<\/a><\/p>\n<p>\tPubli\u00e9 le 04 septembre \u00e0 21h57\n<\/p>\n<p>  <a href=\"https:\/\/www.google.com\/preferences\/source?q=rtl%20info\" class=\"r-link--google-favorites\" role=\"button\">Ajoutez-nous \u00e0 vos favoris Google<\/a><\/p>\n<p>Cinq ans apr\u00e8s les inondations de 2021, la Wallonie met \u00e0 jour sa carte des zones inondables. Un outil cl\u00e9 pour anticiper les crues, d\u00e9livrer les permis de b\u00e2tir et orienter les investissements. Explications avec Samuel Ledoux et David Muller.<\/p>\n<p>&#13;<br \/>\n&#13;<\/p>\n<p>Cinq ans apr\u00e8s les inondations meurtri\u00e8res de 2021, la Wallonie met \u00e0 jour sa cartographie des zones inondables. Un outil cl\u00e9 pour anticiper les prochaines crues, d\u00e9livrer les permis de b\u00e2tir et orienter les investissements.<\/p>\n<p>Des cartes pour conna\u00eetre le risque<\/p>\n<p>En 2021, 209 communes avaient \u00e9t\u00e9 touch\u00e9es par les pires inondations de l\u2019histoire du pays. Pr\u00e8s de 48 maisons avaient \u00e9t\u00e9 sinistr\u00e9es. Pour g\u00e9rer la crise, les autorit\u00e9s et les secours s\u2019\u00e9taient appuy\u00e9s sur des cartes sp\u00e9cifiques identifiant les zones \u00e0 risque.<\/p>\n<p>&#13;<br \/>\n&#13;<\/p>\n<p>&#13;<br \/>\n&#13;<\/p>\n<p>\u00a0<\/p>\n<p>  &#13;<br \/>\n  \u00c0 lire aussi&#13;<br \/>\n  &#13;<\/p>\n<p>  <img decoding=\"async\" data-copyright=\"RTL info\" class=\"r-img\"  typeof=\"foaf:Image\" src=\"https:\/\/www.europesays.com\/be-fr\/wp-content\/uploads\/2026\/09\/91187564.jpeg\" alt=\"Dans la commune de Pepinster, on trouve des solutions pour anticiper les risques.\"\/><br \/>\n        <a class=\"r-stories--link\" href=\"https:\/\/www.rtl.be\/actu\/belgique\/meteo\/dans-cette-commune-ravagee-par-les-inondations-en-2021-les-autorites-ont-trouve\/2026-07-13\/article\/794438\" rel=\"nofollow noopener\" target=\"_blank\">Dans cette commune ravag\u00e9e par les inondations en 2021, les autorit\u00e9s ont trouv\u00e9 comment prot\u00e9ger les zones habit\u00e9es\u00a0: \u00ab\u00a0\u00c7a permet \u00e0 la rivi\u00e8re de s\u2019\u00e9tendre\u00a0\u00bb<\/a>&#13;<br \/>\n  &#13;<br \/>\n&#13;<\/p>\n<p>\u00a0<\/p>\n<p>Ces cartes sont \u00e9labor\u00e9es \u00e0 Namur. Des mod\u00e8les informatiques simulent des inondations et permettent aujourd\u2019hui de rep\u00e9rer les zones expos\u00e9es. \u00ab\u00a0Ces cartes sont utiles d\u00e9j\u00e0 pour conna\u00eetre le risque\u00a0\u00bb, explique St\u00e9phane Gailliez, directeur des cours d\u2019eau non navigables au Service public de Wallonie. \u00ab\u00a0Elles nous permettent \u00e9galement de remettre des avis sur les permis d\u2019urbanisme lorsqu\u2019on a des constructions ou des r\u00e9novations en zone d\u2019al\u00e9a d\u2019inondation\u00a0\u00bb.<\/p>\n<p>Elles peuvent aussi guider un achat immobilier. \u00ab\u00a0\u00c7a peut \u00eatre aussi un choix au moment d\u2019un achat d\u2019un bien, d\u2019un terrain ou d\u2019une habitation, mais \u00e9galement par rapport \u00e0 l\u2019assurabilit\u00e9 ou potentiellement la d\u00e9livrance de pr\u00e9hypoth\u00e9caires par les banques\u00a0\u00bb, ajoute-t-il.<\/p>\n<p>Du bureau au terrain\u00a0: visualiser les am\u00e9nagements<\/p>\n<p>Du bureau au terrain, ces cartes interactives permettent de visualiser les am\u00e9nagements r\u00e9alis\u00e9s et d\u2019en mesurer l\u2019efficacit\u00e9 face aux crues.<\/p>\n<p>&#13;<br \/>\n&#13;<\/p>\n<p>&#13;<br \/>\n&#13;<\/p>\n<p>\u00c0 Chaudfontaine, 400 m\u00e8tres de berges sont actuellement am\u00e9nag\u00e9s pour mieux prot\u00e9ger les habitations proches. \u00c0 terme, ces travaux devraient faire passer ces logements d\u2019une zone fortement expos\u00e9e au risque d\u2019inondation \u00e0 une zone simplement expos\u00e9e.<\/p>\n<p>\u00a0<\/p>\n<p>  &#13;<br \/>\n  \u00c0 lire aussi&#13;<br \/>\n  &#13;<\/p>\n<p>  <img decoding=\"async\" class=\"r-img\"  typeof=\"foaf:Image\" src=\"https:\/\/www.europesays.com\/be-fr\/wp-content\/uploads\/2026\/09\/82831873.jpeg\" alt=\"pascal 2.jpg\"\/><br \/>\n        <a class=\"r-stories--link\" href=\"https:\/\/www.rtl.be\/actu\/regions\/namur\/en-2021-ca-deja-tout-devaste-et-la-cest-reparti-cinq-ans-apres-les-inondations\/2026-05-31\/article\/790249\" rel=\"nofollow noopener\" target=\"_blank\">\u00ab\u00a0En 2021, \u00e7a a d\u00e9j\u00e0 tout d\u00e9vast\u00e9, et l\u00e0 c\u2019est reparti\u00a0\u00bb\u00a0: cinq ans apr\u00e8s les inondations, le cauchemar recommence pour ces habitants<\/a>&#13;<br \/>\n  &#13;<br \/>\n&#13;<\/p>\n<p>\u00a0<\/p>\n<p>\u00ab\u00a0Tout \u00e7a est le fruit d\u2019\u00e9tudes hydrauliques\u00a0\u00bb, pr\u00e9cise St\u00e9phane Gailliez. \u00ab\u00a0Un choix apr\u00e8s 2021 \u00e9tait de travailler au sein des zones urbaines de mani\u00e8re \u00e0 les prot\u00e9ger directement par rapport \u00e0 ce qui a \u00e9t\u00e9 v\u00e9cu en 2021. Ici par exemple sur Chaudfontaine, on travaille de l\u2019amont de Chaudfontaine, donc de la zone urbaine, jusqu\u2019\u00e0 l\u2019aval de Chaudfontaine de mani\u00e8re \u00e0 vraiment avoir un ensemble d\u2019am\u00e9nagements qui permet d\u2019avoir une protection optimum\u00a0\u00bb.<\/p>\n<p>300 millions d\u2019euros investis<\/p>\n<p>300 millions d\u2019euros seront investis dans les prochaines ann\u00e9es pour am\u00e9nager les 1.750 kilom\u00e8tres de cours d\u2019eau non navigables en Wallonie. Outre les chantiers, toute une s\u00e9rie d\u2019\u00e9tudes sont r\u00e9alis\u00e9es pour mettre \u00e0 jour cette carte.<\/p>\n<p>\u00ab\u00a0Nous avons besoin de donn\u00e9es comme de la topographie o\u00f9 nous r\u00e9alisons des lev\u00e9s g\u00e9om\u00e8tres, \u00e9galement des d\u00e9bits qui sont rentr\u00e9s dans le mod\u00e8le \u00e0 diff\u00e9rents endroits, les ouvrages avec leurs caract\u00e9ristiques propres, aussi la rugosit\u00e9, etc.\u00a0\u00bb, d\u00e9taille Emilien Lambert, mod\u00e9lisateur \u00e0 la direction des cours d\u2019eau non navigables du Service public de Wallonie.<\/p>\n<p>Une mise \u00e0 jour r\u00e9guli\u00e8re<\/p>\n<p>Contrairement au pass\u00e9, la carte inondation en Wallonie sera mise \u00e0 jour r\u00e9guli\u00e8rement. L\u2019objectif\u00a0: disposer d\u2019une infographie toujours plus pr\u00e9cise pour mieux anticiper les prochaines crues et orienter les investissements vers les zones les plus vuln\u00e9rables. La mise \u00e0 jour de cette cartographie, pr\u00e9vue normalement tous les cinq ans, est toujours en cours d\u2019\u00e9laboration. Elle devra permettre de r\u00e9aliser les am\u00e9nagements n\u00e9cessaires, servira \u00e0 d\u00e9livrer des permis de b\u00e2tir et constituera aussi un outil utile pour les assurances.<\/p>\n<p>&#13;<br \/>\n&#13;<\/p>\n<p>&#13;<br \/>\n&#13;<\/p>\n<p><a class=\"r-btn r-btn--tag\" href=\"https:\/\/www.rtl.be\/377988\/locations\/wallonie\" title=\"Wallonie\" rel=\"nofollow noopener\" target=\"_blank\">Wallonie<\/a><\/p>\n","protected":false},"excerpt":{"rendered":"Par Yasmine Meziani Publi\u00e9 le 04 septembre \u00e0 21h57 Ajoutez-nous \u00e0 vos favoris Google Cinq ans apr\u00e8s les&hellip;\n","protected":false},"author":2,"featured_media":240892,"comment_status":"","ping_status":"","sticky":false,"template":"","format":"standard","meta":{"footnotes":"","_share_on_mastodon":"0"},"categories":[2],"tags":[3097,12,13,18,17,75010,6092,4611,75013,72024,2900,75012,2982,75011],"class_list":["post-240891","post","type-post","status-publish","format-standard","has-post-thumbnail","category-belgique","tag-assurances","tag-be","tag-be-fr","tag-belgique","tag-belgium","tag-carte-inondation","tag-cartographie","tag-chaudfontaine","tag-cours-deau-non-navigables","tag-crues","tag-investissements","tag-permis-de-batir","tag-wallonie","tag-zones-inondables"],"share_on_mastodon":{"url":"https:\/\/pubeurope.com\/@be_fr\/117221590992911381","error":""},"_links":{"self":[{"href":"https:\/\/www.europesays.com\/be-fr\/wp-json\/wp\/v2\/posts\/240891","targetHints":{"allow":["GET"]}}],"collection":[{"href":"https:\/\/www.europesays.com\/be-fr\/wp-json\/wp\/v2\/posts"}],"about":[{"href":"https:\/\/www.europesays.com\/be-fr\/wp-json\/wp\/v2\/types\/post"}],"author":[{"embeddable":true,"href":"https:\/\/www.europesays.com\/be-fr\/wp-json\/wp\/v2\/users\/2"}],"replies":[{"embeddable":true,"href":"https:\/\/www.europesays.com\/be-fr\/wp-json\/wp\/v2\/comments?post=240891"}],"version-history":[{"count":0,"href":"https:\/\/www.europesays.com\/be-fr\/wp-json\/wp\/v2\/posts\/240891\/revisions"}],"wp:featuredmedia":[{"embeddable":true,"href":"https:\/\/www.europesays.com\/be-fr\/wp-json\/wp\/v2\/media\/240892"}],"wp:attachment":[{"href":"https:\/\/www.europesays.com\/be-fr\/wp-json\/wp\/v2\/media?parent=240891"}],"wp:term":[{"taxonomy":"category","embeddable":true,"href":"https:\/\/www.europesays.com\/be-fr\/wp-json\/wp\/v2\/categories?post=240891"},{"taxonomy":"post_tag","embeddable":true,"href":"https:\/\/www.europesays.com\/be-fr\/wp-json\/wp\/v2\/tags?post=240891"}],"curies":[{"name":"wp","href":"https:\/\/api.w.org\/{rel}","templated":true}]}}