{"id":240893,"date":"2026-09-06T01:54:36","date_gmt":"2026-09-06T01:54:36","guid":{"rendered":"https:\/\/www.europesays.com\/be-fr\/240893\/"},"modified":"2026-09-06T01:54:36","modified_gmt":"2026-09-06T01:54:36","slug":"lintegrale-des-grandes-gueules-du-jeudi-3-septembre-2026-avec-zohra-bitan-sam-zirah-et-charles-consigny","status":"publish","type":"post","link":"https:\/\/www.europesays.com\/be-fr\/240893\/","title":{"rendered":"L&rsquo;int\u00e9grale des Grandes Gueules du jeudi 3 septembre 2026 avec Zohra Bitan, Sam Zirah et Charles Consigny"},"content":{"rendered":"<p><img decoding=\"async\" src=\"https:\/\/www.europesays.com\/be-fr\/wp-content\/uploads\/2026\/09\/1788659676_874_principale-178_4.jpg\"  alt=\"L'int\u00e9grale des Grandes Gueules du jeudi 3 septembre 2026 avec Zohra Bitan, Sam Zirah et Charles Consigny - 09h\/12h\" title=\"L'int\u00e9grale des Grandes Gueules du jeudi 3 septembre 2026 avec Zohra Bitan, Sam Zirah et Charles Consigny - 09h\/12h\"\/>L&rsquo;int\u00e9grale des Grandes Gueules du jeudi 3 septembre 2026 avec Zohra Bitan, Sam Zirah et Charles Consigny &#8211; 09h\/12h<\/p>\n<p>3 heures de d\u00e9bats o\u00f9 toutes les opinions sont les bienvenues. A la table des Grandes Gueules. Pour cette 22\u00e8me saison, Alain Marschall et Olivier Truchot, accompagn\u00e9s des GG issues de la soci\u00e9t\u00e9 civile, m\u00ealent information et divertissement. Les Grandes Gueules, le show de la libert\u00e9 d&rsquo;expression.\u00a0<\/p>\n","protected":false},"excerpt":{"rendered":"L&rsquo;int\u00e9grale des Grandes Gueules du jeudi 3 septembre 2026 avec Zohra Bitan, Sam Zirah et Charles Consigny &#8211;&hellip;\n","protected":false},"author":2,"featured_media":240894,"comment_status":"","ping_status":"","sticky":false,"template":"","format":"standard","meta":{"footnotes":"","_share_on_mastodon":"0"},"categories":[99],"tags":[12,13,18,17,96,95,112],"class_list":["post-240893","post","type-post","status-publish","format-standard","has-post-thumbnail","category-television","tag-be","tag-be-fr","tag-belgique","tag-belgium","tag-divertissement","tag-entertainment","tag-television"],"share_on_mastodon":{"url":"https:\/\/pubeurope.com\/@be_fr\/117221606854358492","error":""},"_links":{"self":[{"href":"https:\/\/www.europesays.com\/be-fr\/wp-json\/wp\/v2\/posts\/240893","targetHints":{"allow":["GET"]}}],"collection":[{"href":"https:\/\/www.europesays.com\/be-fr\/wp-json\/wp\/v2\/posts"}],"about":[{"href":"https:\/\/www.europesays.com\/be-fr\/wp-json\/wp\/v2\/types\/post"}],"author":[{"embeddable":true,"href":"https:\/\/www.europesays.com\/be-fr\/wp-json\/wp\/v2\/users\/2"}],"replies":[{"embeddable":true,"href":"https:\/\/www.europesays.com\/be-fr\/wp-json\/wp\/v2\/comments?post=240893"}],"version-history":[{"count":0,"href":"https:\/\/www.europesays.com\/be-fr\/wp-json\/wp\/v2\/posts\/240893\/revisions"}],"wp:featuredmedia":[{"embeddable":true,"href":"https:\/\/www.europesays.com\/be-fr\/wp-json\/wp\/v2\/media\/240894"}],"wp:attachment":[{"href":"https:\/\/www.europesays.com\/be-fr\/wp-json\/wp\/v2\/media?parent=240893"}],"wp:term":[{"taxonomy":"category","embeddable":true,"href":"https:\/\/www.europesays.com\/be-fr\/wp-json\/wp\/v2\/categories?post=240893"},{"taxonomy":"post_tag","embeddable":true,"href":"https:\/\/www.europesays.com\/be-fr\/wp-json\/wp\/v2\/tags?post=240893"}],"curies":[{"name":"wp","href":"https:\/\/api.w.org\/{rel}","templated":true}]}}