{"id":240895,"date":"2026-09-06T02:07:20","date_gmt":"2026-09-06T02:07:20","guid":{"rendered":"https:\/\/www.europesays.com\/be-fr\/240895\/"},"modified":"2026-09-06T02:07:20","modified_gmt":"2026-09-06T02:07:20","slug":"alertes-et-ravages-prendront-une-pause-dune-semaine-en-septembre","status":"publish","type":"post","link":"https:\/\/www.europesays.com\/be-fr\/240895\/","title":{"rendered":"\u00ab Alertes\u00bb et \u00abRavages\u00bb prendront une pause d&rsquo;une semaine en septembre"},"content":{"rendered":"<p>Nos \u00e9missions et s\u00e9ries favorites reprennent l\u2019antenne sous peu que d\u00e9j\u00e0, nous apprenons que certaines devront faire rel\u00e2che tr\u00e8s bient\u00f4t, d\u00e8s septembre.<\/p>\n<p>En effet, les \u00e9lections provinciales approchant \u00e0 grands pas, les cha\u00eenes t\u00e9l\u00e9 voient leur programmation habituelle l\u00e9g\u00e8rement bouscul\u00e9e, par la mise en ondes de d\u00e9bats entre les chefs des principaux partis politiques qu\u00e9b\u00e9cois.\u00a0C\u2019est notamment le cas de TVA, qui pr\u00e9sentera le mardi 15 septembre prochain le Face-\u00e0-face Qu\u00e9bec 2026, qui r\u00e9unira dans un m\u00eame studio Charles Milliard, Paul St-Pierre Plamondon, <a class=\"hgm-link\" collection=\"persons\" object-id=\"81650\" slug=\"christine-frechette\" topic=\"\" href=\"https:\/\/showbizz.net\/personnes\/christine-frechette\" rel=\"nofollow noopener\" target=\"_blank\">Christine Fr\u00e9chette<\/a>, Ruba Ghazal et \u00c9ric Duhaime. C\u2019est le journaliste <a class=\"hgm-link\" collection=\"persons\" object-id=\"14000\" slug=\"paul-larocque\" topic=\"\" href=\"https:\/\/showbizz.net\/personnes\/paul-larocque\" rel=\"nofollow noopener\" target=\"_blank\">Paul Larocque<\/a> qui a \u00e9t\u00e9 mandat\u00e9 pour animer cette pr\u00e9sentation sp\u00e9ciale, qui aura une dur\u00e9e de deux heures et qui sera pr\u00e9sent\u00e9e d\u00e8s 20 h.<\/p>\n<p>En cons\u00e9quence, les s\u00e9ries <a class=\"hgm-link\" collection=\"tv-shows\" object-id=\"814\" slug=\"alertes\" topic=\"\" href=\"https:\/\/showbizz.net\/emissions\/alertes\" rel=\"nofollow noopener\" target=\"_blank\">Alertes<\/a> et <a class=\"hgm-link\" collection=\"tv-shows\" object-id=\"1775\" slug=\"ravages\" topic=\"\" href=\"https:\/\/showbizz.net\/emissions\/ravages\" rel=\"nofollow noopener\" target=\"_blank\">Ravages<\/a>, qui fait le saut d\u2019illico+ vers TVA cet automne, ne seront pas diffus\u00e9es cette semaine-l\u00e0. Les t\u00e9l\u00e9spectateurs devront donc prendre leur mal en patience et attendre le mardi suivant, le 22 septembre, pour d\u00e9couvrir la suite des intrigues des deux rendez-vous hebdomadaires.\u00a0<\/p>\n<p>Dans Ravages, dont le premier \u00e9pisode sera pr\u00e9sent\u00e9 \u00e0 21 h ce mardi, \u00ab la vie de l\u2019avocate Sarah Del\u00e9an est boulevers\u00e9e par la d\u00e9couverte du corps d\u2019une femme. En menant sa propre enqu\u00eate, elle d\u00e9couvre les activit\u00e9s controvers\u00e9es de Minexore, une puissante soci\u00e9t\u00e9 mini\u00e8re canadienne li\u00e9e au cabinet o\u00f9 elle travaille. \u00bb La premi\u00e8re saison contient six \u00e9pisodes d&rsquo;une heure.<\/p>\n<p>D\u00e9couvrez <a class=\"hgm-link\" collection=\"articles\" object-id=\"44057\" slug=\"de-premieres-images-haletantes-pour-le-nouveau-projet-de-sophie-pregent\" topic=\"tele\" href=\"https:\/\/showbizz.net\/tele\/de-premieres-images-haletantes-pour-le-nouveau-projet-de-sophie-pregent\" rel=\"nofollow noopener\" target=\"_blank\">ici<\/a> les premi\u00e8res images haletantes de ce projet t\u00e9l\u00e9visuel qui risque de faire grandement jaser dans les chaumi\u00e8re cet automne, et qui met notamment en vedette <a class=\"hgm-link\" collection=\"persons\" object-id=\"214\" slug=\"sophie-pregent\" topic=\"\" href=\"https:\/\/showbizz.net\/personnes\/sophie-pregent\" rel=\"nofollow noopener\" target=\"_blank\">Sophie Pr\u00e9gent<\/a>.<\/p>\n<p>Alertes et Ravages seront respectivement diffus\u00e9es \u00e0 20 h et \u00e0 21 h d\u00e8s ce mardi 8 septembre, sur les ondes de TVA.<\/p>\n","protected":false},"excerpt":{"rendered":"Nos \u00e9missions et s\u00e9ries favorites reprennent l\u2019antenne sous peu que d\u00e9j\u00e0, nous apprenons que certaines devront faire rel\u00e2che&hellip;\n","protected":false},"author":2,"featured_media":240896,"comment_status":"","ping_status":"","sticky":false,"template":"","format":"standard","meta":{"footnotes":"","_share_on_mastodon":"0"},"categories":[99],"tags":[12,13,18,17,96,95,112],"class_list":["post-240895","post","type-post","status-publish","format-standard","has-post-thumbnail","category-television","tag-be","tag-be-fr","tag-belgique","tag-belgium","tag-divertissement","tag-entertainment","tag-television"],"share_on_mastodon":{"url":"https:\/\/pubeurope.com\/@be_fr\/117221657514667142","error":""},"_links":{"self":[{"href":"https:\/\/www.europesays.com\/be-fr\/wp-json\/wp\/v2\/posts\/240895","targetHints":{"allow":["GET"]}}],"collection":[{"href":"https:\/\/www.europesays.com\/be-fr\/wp-json\/wp\/v2\/posts"}],"about":[{"href":"https:\/\/www.europesays.com\/be-fr\/wp-json\/wp\/v2\/types\/post"}],"author":[{"embeddable":true,"href":"https:\/\/www.europesays.com\/be-fr\/wp-json\/wp\/v2\/users\/2"}],"replies":[{"embeddable":true,"href":"https:\/\/www.europesays.com\/be-fr\/wp-json\/wp\/v2\/comments?post=240895"}],"version-history":[{"count":0,"href":"https:\/\/www.europesays.com\/be-fr\/wp-json\/wp\/v2\/posts\/240895\/revisions"}],"wp:featuredmedia":[{"embeddable":true,"href":"https:\/\/www.europesays.com\/be-fr\/wp-json\/wp\/v2\/media\/240896"}],"wp:attachment":[{"href":"https:\/\/www.europesays.com\/be-fr\/wp-json\/wp\/v2\/media?parent=240895"}],"wp:term":[{"taxonomy":"category","embeddable":true,"href":"https:\/\/www.europesays.com\/be-fr\/wp-json\/wp\/v2\/categories?post=240895"},{"taxonomy":"post_tag","embeddable":true,"href":"https:\/\/www.europesays.com\/be-fr\/wp-json\/wp\/v2\/tags?post=240895"}],"curies":[{"name":"wp","href":"https:\/\/api.w.org\/{rel}","templated":true}]}}