{"id":240901,"date":"2026-09-06T02:36:18","date_gmt":"2026-09-06T02:36:18","guid":{"rendered":"https:\/\/www.europesays.com\/be-fr\/240901\/"},"modified":"2026-09-06T02:36:18","modified_gmt":"2026-09-06T02:36:18","slug":"denis-gerardy-directeur-des-solidarites-a-propos-de-la-situation-des-festivals-aucun-festival-na-affiche-complet-nous-perdons-du-public","status":"publish","type":"post","link":"https:\/\/www.europesays.com\/be-fr\/240901\/","title":{"rendered":"Denis Gerardy, directeur des Solidarit\u00e9s, \u00e0 propos de la situation des festivals\u00a0: \u00ab\u00a0Aucun festival n&rsquo;a affich\u00e9 complet, nous perdons du public\u00a0\u00bb"},"content":{"rendered":"<p><a href=\"https:\/\/www.dhnet.be\/regions\/namur\/2026\/06\/29\/les-solidarites-battent-deja-des-records-ce-qui-attend-les-festivaliers-en-2026-4FMLKM53EVGD3JQGF56ODE2JLI\/\" target=\"_self\" class=\"ap-StoryInterstitialLink ap-StoryElement ap-StoryElement--mb js-paywall-target\" rel=\"nofollow noopener\">Les Solidarit\u00e9s battent d\u00e9j\u00e0 des records : ce qui attend les festivaliers en 2026<\/a><\/p>\n<p class=\"ap-StoryElement ap-StoryElement--mb ap-StoryText\">Fort d&rsquo;un parcours riche qui l&rsquo;a men\u00e9 des Francofolies de Spa \u00e0 la t\u00eate du Cirque Royal, en passant par le Brussels Summer Festival, Denis Gerardy, directeur des Solidarit\u00e9s, porte un regard lucide teint\u00e9 d&rsquo;un optimisme prudent sur un secteur des festivals en perp\u00e9tuel questionnement. \u00ab\u00a0Nous sommes des \u00e9quilibristes\u00a0\u00bb, affirme-t-il.<\/p>\n<p>Comment s&rsquo;annonce cette \u00e9dition 2026 ?<\/p>\n<p class=\"ap-StoryElement ap-StoryElement--mb ap-StoryText\">\u00ab\u00a0En termes de fr\u00e9quentation, le pari semble gagn\u00e9. Pour la premi\u00e8re fois de leur histoire, les Solidarit\u00e9s se d\u00e9roulent deux semaines apr\u00e8s la rentr\u00e9e scolaire. Les jeunes seront en classe le vendredi 4 septembre. Nous avons d\u00e8s lors imagin\u00e9 cette premi\u00e8re journ\u00e9e comme un &lsquo;after work&rsquo; visant un public plus adulte, avec notamment Girls In Hawaii, Faithless et OMD en exclusivit\u00e9. La capacit\u00e9 a \u00e9t\u00e9 limit\u00e9e \u00e0 20 000 personnes. Le samedi 5 septembre \u2013 avec Soprano, Suzane et Teddy Bear \u2014, est complet avec 30 000 spectateurs attendus. Nous visons la m\u00eame affluence le dimanche 6. Sur l&rsquo;ensemble du week-end, quelque 5 000 billets gratuits ont \u00e9t\u00e9 distribu\u00e9s \u00e0 des enfants de moins de 12 ans accompagn\u00e9s. Nous sommes satisfaits, mais cela ne signifie pas que nous terminerons en \u00e9quilibre.\u00a0\u00bb<\/p>\n<p class=\"ap-StoryQuote-text\">\u00ab\u00a0Nous sommes fiers d&rsquo;\u00eatre le premier festival \u00e0 avoir sign\u00e9 TeddyBear.\u00a0\u00bb<\/p>\n<p>Si on excepte la journ\u00e9e d&rsquo;ouverture, on sent une volont\u00e9 de revenir \u00e0 l&rsquo;essentiel. Quel est l&rsquo;ADN des Solidarit\u00e9s ?<\/p>\n<p class=\"ap-StoryElement ap-StoryElement--mb ap-StoryText\">\u00ab\u00a0Aujourd&rsquo;hui, la phrase \u00e0 la mode dans tous les festivals est : &lsquo;Il faut se r\u00e9inventer&rsquo;. C&rsquo;est vrai, mais il est tout aussi important de se rappeler pourquoi on a cr\u00e9\u00e9 un tel \u00e9v\u00e9nement. \u00c0 nos d\u00e9buts, le festival s&rsquo;appelait &lsquo;La F\u00eate des Solidarit\u00e9s&rsquo;. On veut r\u00e9affirmer cet esprit de f\u00eate. Les concerts, les gros noms et les exclusivit\u00e9s forment bien s\u00fbr le socle du projet. Mais ce qui fait notre singularit\u00e9, ce sont les activit\u00e9s pour les enfants, les rencontres, les d\u00e9bats et la dimension citoyenne. Nous attirons un public familial assez unique : moins &lsquo;militant&rsquo; que celui d&rsquo;Esperanzah ! et d&rsquo;un profil social diff\u00e9rent de Lasemo\u2026 Nos tarifs journaliers et nos combis figurent parmi les moins chers de la F\u00e9d\u00e9ration Wallonie-Bruxelles.\u00a0\u00bb<\/p>\n<p>Quelles sont les nouveaut\u00e9s de cette \u00e9dition ?<\/p>\n<p class=\"ap-StoryElement ap-StoryElement--mb ap-StoryText\">\u00ab\u00a0Le site est plus grand. Nous avons cr\u00e9\u00e9 un nouvel espace de discussion, Le Phare, qui accueillera des d\u00e9bats autour des questions li\u00e9es au jeune public. Gros succ\u00e8s en 2025, l&rsquo;op\u00e9ration de sensibilisation au sport anim\u00e9e par l&rsquo;asbl Impala Performance et Mbo Mpenza est renforc\u00e9e. Pour la programmation, difficile de mettre un nom davantage qu&rsquo;un autre. Je ne peux qu&rsquo;\u00eatre subjectif pour Ga\u00ebtan Roussel. Vous connaissez le lien qui nous unit. Il revient pour la sixi\u00e8me fois. Nous sommes fiers d&rsquo;\u00eatre le premier festival \u00e0 avoir sign\u00e9 TeddyBear. Il va exploser dans les prochains mois. J&rsquo;ai vu r\u00e9cemment la formation dance anglaise Faithless et j&rsquo;ai pris une grosse claque. Je suis aussi tr\u00e8s curieux de d\u00e9couvrir Marguerite.\u00a0\u00bb<\/p>\n<p><a href=\"https:\/\/www.dhnet.be\/medias\/musique\/2026\/06\/03\/un-petit-godet-francois-damiens-en-coiffeur-psy-guest-star-surprise-du-clip-dun-jeune-rappeur-belge-NBZKZNOU7BD6FOSGY46QYMQ5WM\/\" target=\"_self\" class=\"ap-StoryInterstitialLink ap-StoryElement ap-StoryElement--mb\" rel=\"nofollow noopener\">\u00ab\u00a0Un petit godet ?\u00a0\u00bb: Fran\u00e7ois Damiens, en coiffeur-psy, guest-star surprise du clip d&rsquo;un jeune rappeur belge<\/a><\/p>\n<p class=\"ap-StoryQuote-text\">\u00ab\u00a0Je sais ce que certains organisateurs ont d\u00e9bours\u00e9 pour avoir des artistes qui, au bout du compte, ne leur ont pas permis de remplir leur site.\u00a0\u00bb<\/p>\n<p>Les Solidarit\u00e9s cl\u00f4turent la saison des festivals. Sur base de ce que vous avez vu et entendu, quel bilan tirez-vous de l&rsquo;\u00e9t\u00e9 ?<\/p>\n<p class=\"ap-StoryElement ap-StoryElement--mb ap-StoryText\">\u00ab\u00a0En France, beaucoup de festivals ont souffert avec plusieurs annulations li\u00e9es \u00e0 la m\u00e9t\u00e9o, la perte d&rsquo;une t\u00eate d&rsquo;affiche ou \u00e0 des pr\u00e9ventes insuffisantes. En F\u00e9d\u00e9ration, je constate qu&rsquo;aucun festival n&rsquo;a affich\u00e9 complet. Nous perdons du public. Celui-ci se disperse et ses attentes \u00e9voluent. Organiser un festival est devenu un exercice d&rsquo;\u00e9quilibriste\u2026 et aussi un acte de r\u00e9sistance.\u00a0\u00bb<\/p>\n<p><a href=\"https:\/\/www.dhnet.be\/medias\/musique\/2026\/08\/16\/gaetan-roussel-louise-attaque-ne-veut-pas-etre-un-groupe-qui-ne-souffle-que-des-bougies-sur-un-gateau-danniversaire-4GTFSAXCURCC5FF5ABVCKREFC4\/\" target=\"_self\" class=\"ap-StoryInterstitialLink ap-StoryElement ap-StoryElement--mb\" rel=\"nofollow noopener\">Ga\u00ebtan Roussel: \u00ab\u00a0Louise Attaque ne veut pas \u00eatre un groupe qui ne souffle que des bougies sur un g\u00e2teau d&rsquo;anniversaire\u00a0\u00bb<\/a>Entre les discours alarmistes des organisateurs avant la saison (sur les co\u00fbts de production, la baisse des aides publiques, la concurrence,\u2026) et les bilans tr\u00e8s positifs dress\u00e9s apr\u00e8s leur festival, o\u00f9 se situe la v\u00e9rit\u00e9 ?<\/p>\n<p class=\"ap-StoryElement ap-StoryElement--mb ap-StoryText\">\u00ab\u00a0Sans doute entre les deux. Les bilans tr\u00e8s positifs ? Je peux les comprendre. La m\u00e9t\u00e9o a \u00e9t\u00e9 favorable, l&rsquo;ambiance excellente. Certains festivals ont attir\u00e9 plus de monde qu&rsquo;en 2025. Il y a toujours une part d&rsquo;adr\u00e9naline quand on dresse un bilan \u00e0 chaud. C&rsquo;est humain. Maintenant, je sais ce que certains organisateurs ont d\u00e9bours\u00e9 pour avoir des artistes qui, au bout du compte, ne leur ont pas permis de remplir leur site. J&rsquo;ai re\u00e7u les m\u00eames propositions. Pour ma part, je resterai prudent lorsque vous me poserez la question le dimanche 6 en fin d&rsquo;apr\u00e8s-midi. M\u00eame en anticipant au maximum, il reste toujours des co\u00fbts impr\u00e9vus, des aides promises qui tardent \u00e0 arriver, des mauvaises surprises. Je serai heureux \u00e0 100 % fin d\u00e9cembre, lorsque mes financiers me diront si nous pouvons continuer sur cette voie.\u00a0\u00bb<\/p>\n<p>En 2027, les Solidarit\u00e9s se d\u00e9rouleront pour la derni\u00e8re fois sur le site Ecolys, avant un retour \u00e0 la Citadelle en 2028. \u00c0 quoi faut-il s&rsquo;attendre ?<\/p>\n<p class=\"ap-StoryElement ap-StoryElement--mb ap-StoryText\">\u00ab\u00a0Je pense de plus en plus \u00e0 nous rebaptiser &lsquo;F\u00eate des Solidarit\u00e9s&rsquo;. Cela correspond davantage \u00e0 ce que nous sommes. Pour l&rsquo;\u00e9dition 2027, la course est d\u00e9j\u00e0 bien lanc\u00e9e. Je n&rsquo;ai pas de craintes. On a bien avanc\u00e9 sur la programmation et notre position de &lsquo;dernier festival de l&rsquo;\u00e9t\u00e9&rsquo; nous permet d&rsquo;accueillir en primeur des artistes qui ont une actualit\u00e9 discographique \u00e0 la rentr\u00e9e.<a href=\"https:\/\/www.dhnet.be\/regions\/namur\/2026\/06\/26\/le-coeur-a-la-citadelle-les-pieds-a-ecolys-les-solidarites-continuent-de-grandir-3HRCUPHVDBDPNJYITS5W4VDGB4\/\" target=\"_self\" rel=\"nofollow noopener\"> D\u00e8s le 1er janvier 2027, une partie de notre \u00e9quipe travaillera sur notre retour \u00e0 la Citadelle. On ne fera pas un simple copi\u00e9\/coll\u00e9 de ce qui existait auparavant. <\/a>Ce sera l&rsquo;occasion de se renouveler.\u00a0\u00bb<\/p>\n<p>Un festival wallon pourra-t-il s&rsquo;offrir Ang\u00e8le en 2027 ?<\/p>\n<p class=\"ap-StoryElement ap-StoryElement--mb ap-StoryText\">\u00ab\u00a0C&rsquo;est d\u00e9j\u00e0 fait, mais ce ne sera pas chez nous. On pourrait s&rsquo;aligner sur les offres existantes, voir surench\u00e9rir. Mais, dans ce cas, il faudrait mettre le billet autour de 100 euros. \u00c9thiquement, nous ne pouvons pas faire cela \u00e0 notre public.\u00a0\u00bb<\/p>\n<p><a href=\"https:\/\/www.dhnet.be\/medias\/musique\/2026\/08\/31\/paris-new-york-los-angeles-londres-berlin-barcelone-angele-voit-xxl-et-devoile-sa-tournee-mondiale-a-venir-2SJHAFHZIVEVPPYRJTLXUFYP5M\/\" target=\"_self\" class=\"ap-StoryInterstitialLink ap-StoryElement ap-StoryElement--mb\" rel=\"nofollow noopener\">Paris, New York, Los Angeles, Londres, Berlin, Barcelone: Ang\u00e8le voit XXL et d\u00e9voile sa tourn\u00e9e mondiale \u00e0 venir<\/a><\/p>\n<p class=\"ap-StoryElement ap-StoryElement--mb ap-StoryText\">Les Solidarit\u00e9s, Namur, du 4 au 6\/9. lessoldarit\u00e9s.be<\/p>\n<p><img loading=\"lazy\" decoding=\"async\" class=\"w-full lazyload lazyload--opacity object-contain\" style=\"aspect-ratio:109.00000000000001 \/ 100;opacity:1\" alt=\"Denis Gerardy, directeur des Solidarit\u00e9s.\" width=\"768\" height=\"705\" fetchpriority=\"auto\" src=\"https:\/\/www.europesays.com\/be-fr\/wp-content\/uploads\/2026\/09\/1788662177_437_S5VKD3X55FFF3BW6V4SEHXNP7I.png\"  data- data-optimumx=\"1\"\/><img loading=\"lazy\" decoding=\"async\" src=\"https:\/\/www.europesays.com\/be-fr\/wp-content\/uploads\/2026\/09\/4BXYGLGAUZFXFFNPWCLB2BXTXQ.JPG\" width=\"768\" height=\"705\" alt=\"Denis Gerardy, directeur des Solidarit\u00e9s.\" class=\"absolute inset-0 w-full\"\/>Denis Gerardy, directeur des Solidarit\u00e9s. \u00a9Les Solidarit\u00e9s<\/p>\n","protected":false},"excerpt":{"rendered":"Les Solidarit\u00e9s battent d\u00e9j\u00e0 des records : ce qui attend les festivaliers en 2026 Fort d&rsquo;un parcours riche&hellip;\n","protected":false},"author":2,"featured_media":240902,"comment_status":"","ping_status":"","sticky":false,"template":"","format":"standard","meta":{"footnotes":"","_share_on_mastodon":"0"},"categories":[83],"tags":[12,13,18,17,96,95,1954,1955,15,784],"class_list":["post-240901","post","type-post","status-publish","format-standard","has-post-thumbnail","category-divertissement","tag-be","tag-be-fr","tag-belgique","tag-belgium","tag-divertissement","tag-entertainment","tag-namur","tag-province-de-namur","tag-rentree-scolaire","tag-spa"],"share_on_mastodon":{"url":"https:\/\/pubeurope.com\/@be_fr\/117221771774714374","error":""},"_links":{"self":[{"href":"https:\/\/www.europesays.com\/be-fr\/wp-json\/wp\/v2\/posts\/240901","targetHints":{"allow":["GET"]}}],"collection":[{"href":"https:\/\/www.europesays.com\/be-fr\/wp-json\/wp\/v2\/posts"}],"about":[{"href":"https:\/\/www.europesays.com\/be-fr\/wp-json\/wp\/v2\/types\/post"}],"author":[{"embeddable":true,"href":"https:\/\/www.europesays.com\/be-fr\/wp-json\/wp\/v2\/users\/2"}],"replies":[{"embeddable":true,"href":"https:\/\/www.europesays.com\/be-fr\/wp-json\/wp\/v2\/comments?post=240901"}],"version-history":[{"count":0,"href":"https:\/\/www.europesays.com\/be-fr\/wp-json\/wp\/v2\/posts\/240901\/revisions"}],"wp:featuredmedia":[{"embeddable":true,"href":"https:\/\/www.europesays.com\/be-fr\/wp-json\/wp\/v2\/media\/240902"}],"wp:attachment":[{"href":"https:\/\/www.europesays.com\/be-fr\/wp-json\/wp\/v2\/media?parent=240901"}],"wp:term":[{"taxonomy":"category","embeddable":true,"href":"https:\/\/www.europesays.com\/be-fr\/wp-json\/wp\/v2\/categories?post=240901"},{"taxonomy":"post_tag","embeddable":true,"href":"https:\/\/www.europesays.com\/be-fr\/wp-json\/wp\/v2\/tags?post=240901"}],"curies":[{"name":"wp","href":"https:\/\/api.w.org\/{rel}","templated":true}]}}