{"id":240907,"date":"2026-09-06T02:49:15","date_gmt":"2026-09-06T02:49:15","guid":{"rendered":"https:\/\/www.europesays.com\/be-fr\/240907\/"},"modified":"2026-09-06T02:49:15","modified_gmt":"2026-09-06T02:49:15","slug":"accuse-de-violences-conjugales-par-son-ex-compagne-greg-guillotin-sort-du-silence-elle-les-a-subies","status":"publish","type":"post","link":"https:\/\/www.europesays.com\/be-fr\/240907\/","title":{"rendered":"Accus\u00e9 de violences conjugales par son ex-compagne, Greg Guillotin sort du silence : \u00ab\u00a0Elle les a subies\u00a0\u00bb"},"content":{"rendered":"<p class=\"ap-StoryElement ap-StoryElement--mb ap-StoryText\">L&rsquo;agression sera suivie d&rsquo;autres, affirme-t-elle: un coup de pied en d\u00e9cembre 2022 aux Maldives, une gifle et plusieurs coups de pied pendant un voyage au Maroc en 2023, un coup de poing \u00e0 un oeil en 2024.<\/p>\n<p class=\"ap-StoryElement ap-StoryElement--mb ap-StoryText\">La plaignante raconte que lors du s\u00e9jour au Maroc, M. Guillotin, apr\u00e8s l&rsquo;avoir gifl\u00e9e et lui avoir jet\u00e9 un bol de c\u00e9r\u00e9ales au visage, lui avait faussement affirm\u00e9 avoir annul\u00e9 son billet d&rsquo;avion retour.<\/p>\n<p class=\"ap-StoryElement ap-StoryElement--mb ap-StoryText\">Toujours selon son r\u00e9cit, l&rsquo;ann\u00e9e pr\u00e9c\u00e9dant leur s\u00e9paration, M. Guillotin avait fait installer des cam\u00e9ras chez eux, pr\u00e9textant vouloir surveiller un artisan intervenant dans la maison.<\/p>\n<p class=\"ap-StoryElement ap-StoryElement--mb ap-StoryText\">\u00ab\u00a0En r\u00e9alit\u00e9, ce syst\u00e8me \u00e9tait aussi utilis\u00e9 pour observer en permanence les faits et gestes\u00a0\u00bb de sa compagne, M. Guillotin lui adressant \u00ab\u00a0imm\u00e9diatement des reproches (&#8230;) lorsqu&rsquo;elle se reposait, tardait \u00e0 r\u00e9pondre \u00e0 ses messages ou n&rsquo;ex\u00e9cutait pas les t\u00e2ches attendues selon ses crit\u00e8res\u00a0\u00bb, peut-on lire dans la plainte.<\/p>\n<p class=\"ap-StoryElement ap-StoryElement--mb ap-StoryText\">A 43 ans, l&rsquo;humoriste est suivi par pr\u00e8s de 4,5 millions d&rsquo;abonn\u00e9s sur sa cha\u00eene YouTube \u00ab\u00a0Greg Guillotin\u00a0\u00bb.<\/p>\n<p class=\"ap-StoryElement ap-StoryElement--mb ap-StoryText\">La plainte a \u00e9t\u00e9 d\u00e9pos\u00e9e le 17 juin aupr\u00e8s du tribunal judiciaire d&rsquo;Evry (Essonne). Le parquet a indiqu\u00e9 \u00e0 l&rsquo;AFP qu'\u00a0\u00bbaucun service d&rsquo;enqu\u00eate n'(avait) \u00e9t\u00e9 saisi\u00a0\u00bb \u00e0 ce stade.<\/p>\n<p class=\"ap-StoryElement ap-StoryElement--mb ap-StoryText\">\u00ab\u00a0Ma cliente a fait preuve d&rsquo;un grand courage en d\u00e9non\u00e7ant des ann\u00e9es de coups, d&rsquo;insultes et de d\u00e9nigrement de la part de son ancien compagnon, rencontr\u00e9 sur les r\u00e9seaux sociaux alors qu&rsquo;elle n&rsquo;avait que 19 ans et lui 35. Aujourd&rsquo;hui, elle redoute plus que tout que les actes dont elle a \u00e9t\u00e9 victime se reproduisent sur d&rsquo;autres femmes\u00a0\u00bb, a d\u00e9clar\u00e9 Me Jean-Baptiste Riolacci \u00e0 l&rsquo;AFP.<\/p>\n<p class=\"ap-StoryElement ap-StoryElement--mb ap-StoryText\">\u00ab\u00a0Pendant des ann\u00e9es, j&rsquo;ai fait rire des millions de gens. Chez moi, \u00e0 plusieurs reprises, j&rsquo;ai aussi \u00e9t\u00e9 violent avec la personne qui partageait ma vie. Les deux sont vrais. Les deux ont \u00e9t\u00e9 moi. Je ne veux plus jamais \u00eatre le second\u00a0\u00bb, a-t-il r\u00e9agi assurant \u00eatre depuis en th\u00e9rapie.<\/p>\n","protected":false},"excerpt":{"rendered":"L&rsquo;agression sera suivie d&rsquo;autres, affirme-t-elle: un coup de pied en d\u00e9cembre 2022 aux Maldives, une gifle et plusieurs&hellip;\n","protected":false},"author":2,"featured_media":240908,"comment_status":"","ping_status":"","sticky":false,"template":"","format":"standard","meta":{"footnotes":"","_share_on_mastodon":"0"},"categories":[83],"tags":[12,13,18,17,96,95,209],"class_list":["post-240907","post","type-post","status-publish","format-standard","has-post-thumbnail","category-divertissement","tag-be","tag-be-fr","tag-belgique","tag-belgium","tag-divertissement","tag-entertainment","tag-internet"],"share_on_mastodon":{"url":"https:\/\/pubeurope.com\/@be_fr\/117221822730835318","error":""},"_links":{"self":[{"href":"https:\/\/www.europesays.com\/be-fr\/wp-json\/wp\/v2\/posts\/240907","targetHints":{"allow":["GET"]}}],"collection":[{"href":"https:\/\/www.europesays.com\/be-fr\/wp-json\/wp\/v2\/posts"}],"about":[{"href":"https:\/\/www.europesays.com\/be-fr\/wp-json\/wp\/v2\/types\/post"}],"author":[{"embeddable":true,"href":"https:\/\/www.europesays.com\/be-fr\/wp-json\/wp\/v2\/users\/2"}],"replies":[{"embeddable":true,"href":"https:\/\/www.europesays.com\/be-fr\/wp-json\/wp\/v2\/comments?post=240907"}],"version-history":[{"count":0,"href":"https:\/\/www.europesays.com\/be-fr\/wp-json\/wp\/v2\/posts\/240907\/revisions"}],"wp:featuredmedia":[{"embeddable":true,"href":"https:\/\/www.europesays.com\/be-fr\/wp-json\/wp\/v2\/media\/240908"}],"wp:attachment":[{"href":"https:\/\/www.europesays.com\/be-fr\/wp-json\/wp\/v2\/media?parent=240907"}],"wp:term":[{"taxonomy":"category","embeddable":true,"href":"https:\/\/www.europesays.com\/be-fr\/wp-json\/wp\/v2\/categories?post=240907"},{"taxonomy":"post_tag","embeddable":true,"href":"https:\/\/www.europesays.com\/be-fr\/wp-json\/wp\/v2\/tags?post=240907"}],"curies":[{"name":"wp","href":"https:\/\/api.w.org\/{rel}","templated":true}]}}