{"id":240921,"date":"2026-09-06T03:36:11","date_gmt":"2026-09-06T03:36:11","guid":{"rendered":"https:\/\/www.europesays.com\/be-fr\/240921\/"},"modified":"2026-09-06T03:36:11","modified_gmt":"2026-09-06T03:36:11","slug":"christine-frechette-partage-une-rare-et-adorable-photo-avec-son-conjoint","status":"publish","type":"post","link":"https:\/\/www.europesays.com\/be-fr\/240921\/","title":{"rendered":"Christine Fr\u00e9chette partage une rare (et adorable!) photo avec son conjoint"},"content":{"rendered":"<p class=\"c-paragraph\">La campagne \u00e9lectorale est bien entam\u00e9e pour <a href=\"https:\/\/www.noovomoi.ca\/en-vedette\/article\/christine-frechette-partage-une-rare-photo-avec-son-conjoint-apres-lannonce-de-sa-candidature\/\" target=\"_blank\" rel=\"nofollow noopener\" title=\"https:\/\/www.noovomoi.ca\/en-vedette\/article\/christine-frechette-partage-une-rare-photo-avec-son-conjoint-apres-lannonce-de-sa-candidature\/\">Christine Fr\u00e9chette<\/a>, qui a profit\u00e9 de ses r\u00e9seaux sociaux pour partager un rare moment de complicit\u00e9 avec son conjoint <\/p>\n<p class=\"c-paragraph\">Alors que le marathon \u00e9lectoral bat son plein au Qu\u00e9bec, la cheffe de la Coalition avenir Qu\u00e9bec a publi\u00e9 une photo o\u00f9 on la voit <a href=\"https:\/\/www.noovomoi.ca\/en-vedette\/article\/christine-frechette-partage-une-rare-photo-avec-son-conjoint-apres-lannonce-de-sa-candidature\/\" target=\"_self\" rel=\"nofollow noopener\" title=\"https:\/\/www.noovomoi.ca\/en-vedette\/article\/christine-frechette-partage-une-rare-photo-avec-son-conjoint-apres-lannonce-de-sa-candidature\/\">aux c\u00f4t\u00e9s de son amoureux, Guy Nadeau<\/a>. Le couple appara\u00eet tout sourire au grand air, dans un superbe d\u00e9cor ext\u00e9rieur, alors que Christine poursuit sa campagne \u00e0 un rythme soutenu!<\/p>\n<p class=\"c-paragraph\">En accompagnant la photo, la politicienne a \u00e9crit quelques mots qui t\u00e9moignent de l\u2019importance du soutien de son conjoint dans cette p\u00e9riode particuli\u00e8rement intense:<\/p>\n<p class=\"c-paragraph\">\u00ab 8 jours depuis le d\u00e9but de la campagne. C\u2019est un marathon, mais je me compte chanceuse de le courir avec lui \u00e0 mes c\u00f4t\u00e9s \u00bb, a-t-elle \u00e9crit.<\/p>\n<p class=\"c-paragraph\">Christine se montre g\u00e9n\u00e9ralement plut\u00f4t discr\u00e8te lorsqu\u2019il est question de sa vie personnelle. Cette publication offre donc un aper\u00e7u plus intime de la candidate, loin des rassemblements politiques et des activit\u00e9s de campagne.<\/p>\n<p class=\"c-paragraph\">Le clich\u00e9 a rapidement fait r\u00e9agir les internautes. Plusieurs abonn\u00e9s ont notamment soulign\u00e9 la complicit\u00e9 du couple dans les commentaires.<\/p>\n<p class=\"c-paragraph\">La publication survient alors que les chefs des principaux partis qu\u00e9b\u00e9cois sillonnent la province dans le cadre d\u2019une campagne \u00e9lectorale de 39 jours, qui doit mener les \u00e9lecteurs aux urnes le 5 octobre prochain. <\/p>\n<p><img decoding=\"async\" data-chromatic=\"ignore\" alt=\"\" class=\"c-image\" loading=\"lazy\" src=\"https:\/\/www.europesays.com\/be-fr\/wp-content\/uploads\/2026\/09\/QBEBSQSDEFDQJJZFBBIANZ2FIU.JPG\"  width=\"800\" height=\"1198\"\/>Christine Fr\u00e9chette Christine Fr\u00e9chette (Karine Paradis) <\/p>\n<p class=\"c-paragraph\">Christine Fr\u00e9chette a succ\u00e9d\u00e9 \u00e0 Fran\u00e7ois Legault \u00e0 la t\u00eate de la CAQ au printemps dernier et est devenue la 33e premi\u00e8re ministre du Qu\u00e9bec. Elle brigue maintenant un mandat dans la circonscription de Trois-Rivi\u00e8res, sa ville natale. Depuis le d\u00e9but de la campagne, la cheffe caquiste multiplie les d\u00e9placements et les rencontres avec les \u00e9lecteurs. Son \u00e9quipe mise notamment sur un discours ax\u00e9 sur l\u2019\u00e9conomie et le contexte commercial international. <\/p>\n<p class=\"c-paragraph\">Rappelons qu\u2019on avait pu croiser le couple <a href=\"https:\/\/www.noovomoi.ca\/en-vedette\/spectacles-tapis-rouges\/article\/cirque-du-soleil-voyez-toutes-les-vedettes-sur-le-tapis-rouge-decho\/\" target=\"_self\" rel=\"nofollow noopener\" title=\"https:\/\/www.noovomoi.ca\/en-vedette\/spectacles-tapis-rouges\/article\/cirque-du-soleil-voyez-toutes-les-vedettes-sur-le-tapis-rouge-decho\/\">sur le tapis rouge de la premi\u00e8re d\u2019ECHO du Cirque du Soleil, en mai dernier.<\/a><\/p>\n<p><img decoding=\"async\" data-chromatic=\"ignore\" alt=\"\" class=\"c-image\" loading=\"lazy\" src=\"https:\/\/www.europesays.com\/be-fr\/wp-content\/uploads\/2026\/09\/C4MUFYEMV5EKVIILGR2TU5BZ5A.JPG\"  width=\"800\" height=\"1198\"\/>Christine Fr\u00e9chette et son mari Christine Fr\u00e9chette et son mari (Karine Paradis) <\/p>\n","protected":false},"excerpt":{"rendered":"La campagne \u00e9lectorale est bien entam\u00e9e pour Christine Fr\u00e9chette, qui a profit\u00e9 de ses r\u00e9seaux sociaux pour partager&hellip;\n","protected":false},"author":2,"featured_media":240922,"comment_status":"","ping_status":"","sticky":false,"template":"","format":"standard","meta":{"footnotes":"","_share_on_mastodon":"0"},"categories":[102],"tags":[75034,12,13,18,17,75033,129,128,75032,96,95,109],"class_list":["post-240921","post","type-post","status-publish","format-standard","has-post-thumbnail","category-people","tag-guy-nadeau","tag-be","tag-be-fr","tag-belgique","tag-belgium","tag-caq","tag-celebrities","tag-celebrity","tag-christine-frechette","tag-divertissement","tag-entertainment","tag-people"],"share_on_mastodon":{"url":"https:\/\/pubeurope.com\/@be_fr\/117222007775407095","error":""},"_links":{"self":[{"href":"https:\/\/www.europesays.com\/be-fr\/wp-json\/wp\/v2\/posts\/240921","targetHints":{"allow":["GET"]}}],"collection":[{"href":"https:\/\/www.europesays.com\/be-fr\/wp-json\/wp\/v2\/posts"}],"about":[{"href":"https:\/\/www.europesays.com\/be-fr\/wp-json\/wp\/v2\/types\/post"}],"author":[{"embeddable":true,"href":"https:\/\/www.europesays.com\/be-fr\/wp-json\/wp\/v2\/users\/2"}],"replies":[{"embeddable":true,"href":"https:\/\/www.europesays.com\/be-fr\/wp-json\/wp\/v2\/comments?post=240921"}],"version-history":[{"count":0,"href":"https:\/\/www.europesays.com\/be-fr\/wp-json\/wp\/v2\/posts\/240921\/revisions"}],"wp:featuredmedia":[{"embeddable":true,"href":"https:\/\/www.europesays.com\/be-fr\/wp-json\/wp\/v2\/media\/240922"}],"wp:attachment":[{"href":"https:\/\/www.europesays.com\/be-fr\/wp-json\/wp\/v2\/media?parent=240921"}],"wp:term":[{"taxonomy":"category","embeddable":true,"href":"https:\/\/www.europesays.com\/be-fr\/wp-json\/wp\/v2\/categories?post=240921"},{"taxonomy":"post_tag","embeddable":true,"href":"https:\/\/www.europesays.com\/be-fr\/wp-json\/wp\/v2\/tags?post=240921"}],"curies":[{"name":"wp","href":"https:\/\/api.w.org\/{rel}","templated":true}]}}