{"id":240923,"date":"2026-09-06T03:37:14","date_gmt":"2026-09-06T03:37:14","guid":{"rendered":"https:\/\/www.europesays.com\/be-fr\/240923\/"},"modified":"2026-09-06T03:37:14","modified_gmt":"2026-09-06T03:37:14","slug":"lezat-sur-leze-un-tour-du-monde-en-50-cliches","status":"publish","type":"post","link":"https:\/\/www.europesays.com\/be-fr\/240923\/","title":{"rendered":"L\u00e9zat-sur-L\u00e8ze. Un tour du monde en 50 clich\u00e9s"},"content":{"rendered":"<p>Le vernissage de cette exposition annuelle a r\u00e9uni les membres de l\u2019Amicale photographique de la L\u00e8ze, les \u00e9lus et de nombreux passionn\u00e9s autour d\u2019une s\u00e9lection d\u2019une cinquantaine de photographies. Autant de regards diff\u00e9rents qui t\u00e9moignent de la diversit\u00e9 des sujets et des destinations immortalis\u00e9s par les photographes de l\u2019association au gr\u00e9 de leurs p\u00e9r\u00e9grinations. De la Toscane \u00e0 l\u2019Andalousie, de Naples \u00e0 l\u2019\u00c9cosse, sans oublier les paysages plus proches de chez nous, les clich\u00e9s expos\u00e9s offrent un v\u00e9ritable tour du monde photographique. Chaque image raconte une histoire, saisit une ambiance, un paysage, un mouvement ou encore un instant fugace. La pr\u00e9sidente de l\u2019Amicale, Marie-Anne Civrac, a tenu \u00e0 remercier la municipalit\u00e9 pour le pr\u00eat de la salle et pour son soutien \u00e0 l\u2019association. Elle a rappel\u00e9 l\u2019importance du travail r\u00e9alis\u00e9 tout au long de l\u2019ann\u00e9e par les adh\u00e9rents. \u00ab\u00a0Nous sommes adh\u00e9rents \u00e0 la FFP, UR 09, qui organise des formations autour des \u00e9v\u00e9nements photographiques. Les concours photos d\u00e9partementaux et r\u00e9gionaux nous poussent \u00e9galement \u00e0 nous surpasser et \u00e0 progresser\u00a0\u00bb, a-t-elle expliqu\u00e9. Marie Gilima, maire, a pour sa part salu\u00e9 la fid\u00e9lit\u00e9 de l\u2019Amicale, qui pr\u00e9sente chaque ann\u00e9e ses travaux dans la commune. L\u2019\u00e9dile a \u00e9galement mis en avant les photographies install\u00e9es sur des b\u00e2ches dans le jardin des B\u00e9n\u00e9dictins et sur les grilles, permettant ainsi aux passants de profiter de cette exposition en plein air. \u00ab\u00a0Chaque ann\u00e9e, nous avons le plaisir et l\u2019honneur de vous accueillir dans cette salle pour cette exposition de photos dont on ne se lasse pas\u00a0\u00bb, a d\u00e9clar\u00e9 la maire, avant de rendre hommage au regard des photographes : \u00ab\u00a0Je suis subjugu\u00e9e par cette capacit\u00e9 que vous avez tous \u00e0 capter un moment, un mouvement. \u00c0 travers ces photos, on ressent une \u00e9motion.\u00a0\u00bb<\/p>\n<p>Apr\u00e8s les discours officiels, les participants ont prolong\u00e9 ce moment de convivialit\u00e9 autour du verre de l\u2019amiti\u00e9, l\u2019occasion d\u2019\u00e9changer avec les photographes et de partager leurs impressions sur les clich\u00e9s pr\u00e9sent\u00e9s.<\/p>\n","protected":false},"excerpt":{"rendered":"Le vernissage de cette exposition annuelle a r\u00e9uni les membres de l\u2019Amicale photographique de la L\u00e8ze, les \u00e9lus&hellip;\n","protected":false},"author":2,"featured_media":240924,"comment_status":"","ping_status":"","sticky":false,"template":"","format":"standard","meta":{"footnotes":"","_share_on_mastodon":"0"},"categories":[101],"tags":[9319,126,124,125,12,13,18,17,127,96,95,45046,476],"class_list":["post-240923","post","type-post","status-publish","format-standard","has-post-thumbnail","category-arts-et-design","tag-ariege","tag-arts","tag-arts-and-design","tag-arts-et-design","tag-be","tag-be-fr","tag-belgique","tag-belgium","tag-design","tag-divertissement","tag-entertainment","tag-lezatsurleze","tag-societe"],"share_on_mastodon":{"url":"https:\/\/pubeurope.com\/@be_fr\/117222011568813490","error":""},"_links":{"self":[{"href":"https:\/\/www.europesays.com\/be-fr\/wp-json\/wp\/v2\/posts\/240923","targetHints":{"allow":["GET"]}}],"collection":[{"href":"https:\/\/www.europesays.com\/be-fr\/wp-json\/wp\/v2\/posts"}],"about":[{"href":"https:\/\/www.europesays.com\/be-fr\/wp-json\/wp\/v2\/types\/post"}],"author":[{"embeddable":true,"href":"https:\/\/www.europesays.com\/be-fr\/wp-json\/wp\/v2\/users\/2"}],"replies":[{"embeddable":true,"href":"https:\/\/www.europesays.com\/be-fr\/wp-json\/wp\/v2\/comments?post=240923"}],"version-history":[{"count":0,"href":"https:\/\/www.europesays.com\/be-fr\/wp-json\/wp\/v2\/posts\/240923\/revisions"}],"wp:featuredmedia":[{"embeddable":true,"href":"https:\/\/www.europesays.com\/be-fr\/wp-json\/wp\/v2\/media\/240924"}],"wp:attachment":[{"href":"https:\/\/www.europesays.com\/be-fr\/wp-json\/wp\/v2\/media?parent=240923"}],"wp:term":[{"taxonomy":"category","embeddable":true,"href":"https:\/\/www.europesays.com\/be-fr\/wp-json\/wp\/v2\/categories?post=240923"},{"taxonomy":"post_tag","embeddable":true,"href":"https:\/\/www.europesays.com\/be-fr\/wp-json\/wp\/v2\/tags?post=240923"}],"curies":[{"name":"wp","href":"https:\/\/api.w.org\/{rel}","templated":true}]}}