{"id":240983,"date":"2026-09-06T06:10:17","date_gmt":"2026-09-06T06:10:17","guid":{"rendered":"https:\/\/www.europesays.com\/be-fr\/240983\/"},"modified":"2026-09-06T06:10:17","modified_gmt":"2026-09-06T06:10:17","slug":"eoliennes-en-wallonie-entre-urgence-climatique-et-oppositions-locales","status":"publish","type":"post","link":"https:\/\/www.europesays.com\/be-fr\/240983\/","title":{"rendered":"\u00c9oliennes en Wallonie : entre urgence climatique et oppositions locales"},"content":{"rendered":"<p>  <img decoding=\"async\" class=\"r-img lazyloaded\" src=\"https:\/\/www.europesays.com\/be-fr\/wp-content\/uploads\/2026\/09\/1788675016_866_rtl.jpg\" alt=\"Sophie Mercier\"\/><\/p>\n<p>Par <a href=\"https:\/\/www.rtl.be\/384317\/dpi-authors\/sophie-mercier\" rel=\"nofollow noopener\" target=\"_blank\">Sophie Mercier<\/a><\/p>\n<p>\tPubli\u00e9 le 05 septembre \u00e0 21h31\n<\/p>\n<p>  <a href=\"https:\/\/www.google.com\/preferences\/source?q=rtl%20info\" class=\"r-link--google-favorites\" role=\"button\">Ajoutez-nous \u00e0 vos favoris Google<\/a><br \/>\n\tAlors que la Wallonie doit acc\u00e9l\u00e9rer le d\u00e9veloppement de l\u2019\u00e9olien pour atteindre ses objectifs climatiques, les projets se heurtent parfois \u00e0 une opposition locale. Entre craintes pour le cadre de vie et la biodiversit\u00e9, et n\u00e9cessit\u00e9 d\u2019augmenter rapidement la production renouvelable, le bras de fer s\u2019annonce difficile \u00e0 trancher.<\/p>\n<p>&#13;<br \/>\n&#13;<\/p>\n<p>Val\u00e9rie est venue voir le m\u00e2t de mesures \u00e9oliennes, signe des 11 \u00e9oliennes qui devraient voir le jour dans la plaine de Florenchamp \u00e0 Ham-sur-Heure-Nalinnes. Pour elle, qui pourrait les voir depuis sa maison, c\u2019est hors de question. \u00ab\u00a0\u00c7a va g\u00e2cher toute notre belle r\u00e9gion, estime-t-elle. On habite la campagne, ce n\u2019est pas pour voir des piquets pousser partout\u00a0\u00bb.<\/p>\n<p>    \u00c0 lire aussi<\/p>\n<p>  <img decoding=\"async\" data-copyright=\"RTL info\" class=\"r-img\"  typeof=\"foaf:Image\" src=\"https:\/\/www.europesays.com\/be-fr\/wp-content\/uploads\/2026\/09\/1788675017_536_100411092.jpeg\" alt=\"Notre journaliste Mathieu Col dresse le classement des prix de l\u2019\u00e9nergie en Belgique.\"\/><br \/>\n      <a href=\"https:\/\/www.rtl.be\/actu\/belgique\/economie\/bois-pellets-gaz-electricite-quelle-energie-coute-vraiment-le-moins-cher-pour-se\/2026-09-05\/article\/799366\" class=\"r-stories--link\" rel=\"nofollow noopener\" target=\"_blank\">Bois, pellets, gaz, \u00e9lectricit\u00e9\u00a0: quelle \u00e9nergie co\u00fbte vraiment le moins cher pour se chauffer\u00a0?<\/a><\/p>\n<p>Un projet mis sur pause pour le moment, comme les 15 autres pr\u00e9vus en Wallonie ce premier trimestre. Tous font l\u2019objet d\u2019un recours devant le Conseil d\u2019\u00c9tat. \u00c0 Ittre, Rony se bat \u00e9galement contre leur installation. \u00ab\u00a0\u00c0 cet endroit, nous aurions 4 \u00e0 5 \u00e9oliennes qui seraient install\u00e9es\u00a0\u00bb, comptabilise Rony Martin, pr\u00e9sident d\u2019une ASBL contre l\u2019installation d\u2019\u00e9oliennes.<\/p>\n<p>&#13;<br \/>\n&#13;<\/p>\n<p>&#13;<br \/>\n&#13;<br \/>\nLa faune est-elle mise en danger\u00a0?<\/p>\n<p>En cause, l\u2019inqui\u00e9tude d\u2019un impact sur la sant\u00e9, sur le paysage, mais aussi sur la faune locale. \u00ab\u00a0Cette faune est tr\u00e8s diversifi\u00e9e et elle est forc\u00e9ment menac\u00e9e d\u00e8s lors que des \u00e9oliennes seraient construites, avance Rony Martin, pr\u00e9sident d\u2019une ASBL contre l\u2019installation d\u2019\u00e9oliennes. Que nous parlions de rapaces ou de chauves-souris.\u00a0\u00bb<\/p>\n<p>    \u00c0 lire aussi<\/p>\n<p>  <img decoding=\"async\" class=\"r-img\"  typeof=\"foaf:Image\" src=\"https:\/\/www.europesays.com\/be-fr\/wp-content\/uploads\/2026\/09\/1788675017_429_99988899.jpeg\" alt=\"clean.jpg\"\/><br \/>\n      <a href=\"https:\/\/www.rtl.be\/actu\/conso\/vers-une-crise-du-gaz-cet-hiver-doit-sinquieter-dune-hausse-des-prix-previent\/2026-09-03\/article\/799159\" class=\"r-stories--link\" rel=\"nofollow noopener\" target=\"_blank\">Vers une crise du gaz cet hiver\u00a0? \u00ab\u00a0On doit s\u2019inqui\u00e9ter\u00a0\u00bb d\u2019une hausse des prix, pr\u00e9vient une sp\u00e9cialiste\u2026 mais pas d\u2019une p\u00e9nurie<\/a><\/p>\n<p>Pourtant, l\u2019installation de ces \u00e9oliennes est n\u00e9cessaire pour atteindre l\u2019objectif fix\u00e9 par le plan Air Climat. D\u2019ici 2030, 25\u00a0% de la consommation \u00e9lectrique wallonne devrait provenir de l\u2019\u00e9nergie \u00e9olienne. Pour y parvenir, il faudra installer entre 300 et 500 \u00e9oliennes. \u00ab\u00a0C\u2019est tout \u00e0 fait faisable en 4 ans, affirme Fawaz Al Bitar, directeur d\u2019Edora f\u00e9d\u00e9ration de transition \u00e9nerg\u00e9tique. Il faut simplement pouvoir acc\u00e9l\u00e9rer la dynamique d\u2019octroi de permis et s\u00e9curiser au maximum juridiquement ces permis pour qu\u2019il y ait le moins possible de recours \u00ab\u00a0.<\/p>\n<p>Actuellement, la Wallonie compte 625 \u00e9oliennes.<\/p>\n<p>&#13;<br \/>\n&#13;<\/p>\n<p>&#13;<br \/>\n&#13;<\/p>\n<p><a class=\"r-btn r-btn--tag\" href=\"https:\/\/www.rtl.be\/832\/free-tags\/energie\" title=\"\u00e9nergie\" rel=\"nofollow noopener\" target=\"_blank\">\u00e9nergie<\/a><br \/>\n<a class=\"r-btn r-btn--tag\" href=\"https:\/\/www.rtl.be\/379617\/locations\/ham-sur-heure-nalinnes-hainaut\" title=\"Ham-sur-Heure-Nalinnes (Hainaut)\" rel=\"nofollow noopener\" target=\"_blank\">Ham-sur-Heure-Nalinnes (Hainaut)<\/a><br \/>\n<a class=\"r-btn r-btn--tag\" href=\"https:\/\/www.rtl.be\/385673\/locations\/ittre-brabant-wallon\" title=\"Ittre (Brabant wallon)\" rel=\"nofollow noopener\" target=\"_blank\">Ittre (Brabant wallon)<\/a><br \/>\n<a class=\"r-btn r-btn--tag\" href=\"https:\/\/www.rtl.be\/333605\/locations\/province-de-hainaut\" title=\"province de Hainaut\" rel=\"nofollow noopener\" target=\"_blank\">province de Hainaut<\/a><\/p>\n","protected":false},"excerpt":{"rendered":"Par Sophie Mercier Publi\u00e9 le 05 septembre \u00e0 21h31 Ajoutez-nous \u00e0 vos favoris Google Alors que la Wallonie&hellip;\n","protected":false},"author":2,"featured_media":240984,"comment_status":"","ping_status":"","sticky":false,"template":"","format":"standard","meta":{"footnotes":"","_share_on_mastodon":"0"},"categories":[35],"tags":[12,13,18,17,12031,38,35062,37,36,75077,17425,17171,75076,75075,3296,75074,2982],"class_list":["post-240983","post","type-post","status-publish","format-standard","has-post-thumbnail","category-economie","tag-be","tag-be-fr","tag-belgique","tag-belgium","tag-biodiversite","tag-business","tag-conseil-detat","tag-economie","tag-economy","tag-edora","tag-energie-renouvelable","tag-eoliennes","tag-fawaz-al-bitar","tag-florenchamp","tag-ham-sur-heure-nalinnes","tag-opposition-eoliennes","tag-wallonie"],"share_on_mastodon":{"url":"https:\/\/pubeurope.com\/@be_fr\/117222613450760353","error":""},"_links":{"self":[{"href":"https:\/\/www.europesays.com\/be-fr\/wp-json\/wp\/v2\/posts\/240983","targetHints":{"allow":["GET"]}}],"collection":[{"href":"https:\/\/www.europesays.com\/be-fr\/wp-json\/wp\/v2\/posts"}],"about":[{"href":"https:\/\/www.europesays.com\/be-fr\/wp-json\/wp\/v2\/types\/post"}],"author":[{"embeddable":true,"href":"https:\/\/www.europesays.com\/be-fr\/wp-json\/wp\/v2\/users\/2"}],"replies":[{"embeddable":true,"href":"https:\/\/www.europesays.com\/be-fr\/wp-json\/wp\/v2\/comments?post=240983"}],"version-history":[{"count":0,"href":"https:\/\/www.europesays.com\/be-fr\/wp-json\/wp\/v2\/posts\/240983\/revisions"}],"wp:featuredmedia":[{"embeddable":true,"href":"https:\/\/www.europesays.com\/be-fr\/wp-json\/wp\/v2\/media\/240984"}],"wp:attachment":[{"href":"https:\/\/www.europesays.com\/be-fr\/wp-json\/wp\/v2\/media?parent=240983"}],"wp:term":[{"taxonomy":"category","embeddable":true,"href":"https:\/\/www.europesays.com\/be-fr\/wp-json\/wp\/v2\/categories?post=240983"},{"taxonomy":"post_tag","embeddable":true,"href":"https:\/\/www.europesays.com\/be-fr\/wp-json\/wp\/v2\/tags?post=240983"}],"curies":[{"name":"wp","href":"https:\/\/api.w.org\/{rel}","templated":true}]}}