{"id":240997,"date":"2026-09-06T06:30:09","date_gmt":"2026-09-06T06:30:09","guid":{"rendered":"https:\/\/www.europesays.com\/be-fr\/240997\/"},"modified":"2026-09-06T06:30:09","modified_gmt":"2026-09-06T06:30:09","slug":"louane-a-rassemble-une-tres-grande-famille-aux-solidarites-de-namur","status":"publish","type":"post","link":"https:\/\/www.europesays.com\/be-fr\/240997\/","title":{"rendered":"Louane a rassembl\u00e9 une tr\u00e8s grande famille aux Solidarit\u00e9s de Namur"},"content":{"rendered":"<p>Louane s\u2019appr\u00eate aussi \u00e0 revenir avec un nouvel album, elle a donc profit\u00e9 de cette date qui est l\u2019une des toutes derni\u00e8res de sa tourn\u00e9e d\u2019\u00e9t\u00e9, pour proposer quelques nouveaux titres au public namurois. Pour ce show, Louane est m\u00eame venue accompagn\u00e9e pour un titre de ce futur album, un morceau qui lui tient particuli\u00e8rement \u00e0 c\u0153ur, intitul\u00e9 \u00ab\u00a0tout pour toi\u00a0\u00bb et en duo avec Elisa Palmire, l\u2019une de ses meilleures amies.<\/p>\n<p>En Belgique, Louane a forc\u00e9ment aussi jou\u00e9 \u00ab\u00a0Donne-moi ton c\u0153ur\u00a0\u00bb, le titre sorti en\u00a02020 et produit avec Damso.<\/p>\n<p>En bref, la star Fran\u00e7aise nous a offert un show complet et \u00e9quilibr\u00e9 entre nouveaut\u00e9s et grands classiques de sa discoth\u00e8que.<\/p>\n<p>\u00a0<\/p>\n","protected":false},"excerpt":{"rendered":"Louane s\u2019appr\u00eate aussi \u00e0 revenir avec un nouvel album, elle a donc profit\u00e9 de cette date qui est&hellip;\n","protected":false},"author":2,"featured_media":240998,"comment_status":"","ping_status":"","sticky":false,"template":"","format":"standard","meta":{"footnotes":"","_share_on_mastodon":"0"},"categories":[98],"tags":[12,13,18,17,96,95,107,108],"class_list":["post-240997","post","type-post","status-publish","format-standard","has-post-thumbnail","category-musique","tag-be","tag-be-fr","tag-belgique","tag-belgium","tag-divertissement","tag-entertainment","tag-music","tag-musique"],"share_on_mastodon":{"url":"https:\/\/pubeurope.com\/@be_fr\/117222691602539351","error":""},"_links":{"self":[{"href":"https:\/\/www.europesays.com\/be-fr\/wp-json\/wp\/v2\/posts\/240997","targetHints":{"allow":["GET"]}}],"collection":[{"href":"https:\/\/www.europesays.com\/be-fr\/wp-json\/wp\/v2\/posts"}],"about":[{"href":"https:\/\/www.europesays.com\/be-fr\/wp-json\/wp\/v2\/types\/post"}],"author":[{"embeddable":true,"href":"https:\/\/www.europesays.com\/be-fr\/wp-json\/wp\/v2\/users\/2"}],"replies":[{"embeddable":true,"href":"https:\/\/www.europesays.com\/be-fr\/wp-json\/wp\/v2\/comments?post=240997"}],"version-history":[{"count":0,"href":"https:\/\/www.europesays.com\/be-fr\/wp-json\/wp\/v2\/posts\/240997\/revisions"}],"wp:featuredmedia":[{"embeddable":true,"href":"https:\/\/www.europesays.com\/be-fr\/wp-json\/wp\/v2\/media\/240998"}],"wp:attachment":[{"href":"https:\/\/www.europesays.com\/be-fr\/wp-json\/wp\/v2\/media?parent=240997"}],"wp:term":[{"taxonomy":"category","embeddable":true,"href":"https:\/\/www.europesays.com\/be-fr\/wp-json\/wp\/v2\/categories?post=240997"},{"taxonomy":"post_tag","embeddable":true,"href":"https:\/\/www.europesays.com\/be-fr\/wp-json\/wp\/v2\/tags?post=240997"}],"curies":[{"name":"wp","href":"https:\/\/api.w.org\/{rel}","templated":true}]}}