{"id":241019,"date":"2026-09-06T06:53:22","date_gmt":"2026-09-06T06:53:22","guid":{"rendered":"https:\/\/www.europesays.com\/be-fr\/241019\/"},"modified":"2026-09-06T06:53:22","modified_gmt":"2026-09-06T06:53:22","slug":"je-dois-etre-suivi-a-vie-laurent-ournac-se-confie-sur-son-combat-contre-lobesite-mettant-en-garde-contre-les-methodes-de-certains-medecins-stars","status":"publish","type":"post","link":"https:\/\/www.europesays.com\/be-fr\/241019\/","title":{"rendered":"Je dois \u00eatre suivi \u00e0 vie\u00a0\u00bb : Laurent Ournac se confie sur son combat contre l&rsquo;ob\u00e9sit\u00e9, mettant en garde contre les m\u00e9thodes de \u00ab\u00a0certains m\u00e9decins-stars"},"content":{"rendered":"<p class=\"mb-4 text-lg md:leading-8 break-words\">Mon incroyable fianc\u00e9, Jos\u00e9phine, ange gardien, L&rsquo;Archer noir, Esp\u00e8ces menac\u00e9es\u2026 \u00c0 46 ans, Laurent Ournac a jou\u00e9 dans de nombreux films et s\u00e9ries t\u00e9l\u00e9vis\u00e9s. Mais c&rsquo;est pour <a data-ylk=\"slk:son r\u00f4le de Tom dans la s\u00e9rie;elm:context_link;itc:0;sec:content-canvas;\" data-yga=\"{&quot;yLinkElement&quot;:&quot;link&quot;,&quot;yLinkElementType&quot;:&quot;article_link&quot;}\" href=\"https:\/\/www.femmeactuelle.fr\/actu\/news-actu\/camping-paradis-accuse-de-plagiat-les-internautes-crient-au-scandale-2124592\" rel=\"noopener noreferrer nofollow\" target=\"_blank\">son r\u00f4le de Tom dans la s\u00e9rie <\/a><a data-ylk=\"slk:Camping Paradis;elm:context_link;itc:0;sec:content-canvas;\" data-yga=\"{&quot;yLinkElement&quot;:&quot;link&quot;,&quot;yLinkElementType&quot;:&quot;article_link&quot;}\" href=\"https:\/\/www.femmeactuelle.fr\/actu\/news-actu\/camping-paradis-accuse-de-plagiat-les-internautes-crient-au-scandale-2124592\" rel=\"noopener noreferrer nofollow\" target=\"_blank\">Camping Paradis<\/a> que l&rsquo;acteur est aujourd&rsquo;hui le plus connu. Alors qu&rsquo;il incarne le g\u00e9rant du camping depuis pr\u00e8s de 20 ans, les t\u00e9l\u00e9spectateurs ont <a data-ylk=\"slk:pu observer les pertes et les prises de poids;elm:context_link;itc:0;sec:content-canvas;\" data-yga=\"{&quot;yLinkElement&quot;:&quot;link&quot;,&quot;yLinkElementType&quot;:&quot;article_link&quot;}\" href=\"https:\/\/www.femmeactuelle.fr\/actu\/news-actu\/photos-laurent-ournac-camping-paradis-son-incroyable-transformation-physique-en-images-2115908\" rel=\"noopener noreferrer nofollow\" target=\"_blank\">pu observer les pertes et les prises de poids<\/a> du p\u00e8re de Capucine et L\u00e9on. En effet, l&rsquo;\u00e9poux de Ludivine <a data-ylk=\"slk:lutte contre l&#039;ob\u00e9sit\u00e9 depuis de nombreuses ann\u00e9es;elm:context_link;itc:0;sec:content-canvas;\" data-yga=\"{&quot;yLinkElement&quot;:&quot;link&quot;,&quot;yLinkElementType&quot;:&quot;article_link&quot;}\" href=\"https:\/\/www.femmeactuelle.fr\/actu\/news-actu\/un-combat-permanent-pour-moi-laurent-ournac-affirme-ne-pas-en-avoir-termine-avec-lobesite-dont-il-a-longtemps-souffert-2208647\" rel=\"noopener noreferrer nofollow\" target=\"_blank\">lutte contre l&rsquo;ob\u00e9sit\u00e9 depuis de nombreuses ann\u00e9es<\/a>. Un combat qu&rsquo;il a d\u00e9cid\u00e9 de rendre public.<\/p>\n<p class=\"mb-4 text-lg md:leading-8 break-words\">Dans une interview accord\u00e9e \u00e0 Cin\u00e9-T\u00e9l\u00e9-Revue jeudi 3 septembre 2026, Laurent Ournac a r\u00e9v\u00e9l\u00e9 qu&rsquo;il avait <a data-ylk=\"slk:choisi de parler de son ob\u00e9sit\u00e9;elm:context_link;itc:0;sec:content-canvas;\" data-yga=\"{&quot;yLinkElement&quot;:&quot;link&quot;,&quot;yLinkElementType&quot;:&quot;article_link&quot;}\" href=\"https:\/\/www.femmeactuelle.fr\/actu\/news-actu\/laurent-ournac-se-confie-sur-son-combat-contre-lobesite-cest-dur-de-se-voir-reprendre-des-kilos-2125013\" rel=\"noopener noreferrer nofollow\" target=\"_blank\">choisi de parler de son ob\u00e9sit\u00e9<\/a> car \u00ab\u00a0\u00e7a manque de prise de parole, et qu&rsquo;il y a encore plein de gens qui pensent que l&rsquo;ob\u00e9sit\u00e9 n&rsquo;est pas une maladie\u00a0\u00bb. \u00ab\u00a0Il y a des g\u00e8nes, des circonstances aggravantes et d&rsquo;autres facteurs. C&rsquo;est un combat sans fin\u00a0\u00bb, a reconnu l&rsquo;acteur, qui avoue \u00eatre \u00ab\u00a0pass\u00e9 par des extr\u00eames\u00a0\u00bb. \u00ab\u00a0J&rsquo;ai essay\u00e9 des r\u00e9gimes, j&rsquo;ai perdu, j&rsquo;ai repris, j&rsquo;ai fait de la chirurgie\u00a0\u00bb, a-t-il confi\u00e9, refusant de d\u00e9voiler la technique qui a fonctionn\u00e9 pour lui pour ne pas donner \u00ab\u00a0de faux espoirs\u00a0\u00bb. \u00ab\u00a0Je dois \u00eatre suivi \u00e0 vie, on va dire\u00a0\u00bb, a-t-il expliqu\u00e9. Alors que le com\u00e9dien avoue ne \u00ab\u00a0pas aimer\u00a0\u00bb son image lorsqu&rsquo;il reprend du poids, il esp\u00e8re \u00ab\u00a0avoir trouv\u00e9 une solution durable, parce que j&rsquo;ai cette souffrance, moi aussi\u00a0\u00bb.<\/p>\n<p>Laurent Ournac : l&rsquo;acteur sensibilise ses enfants \u00e0 l&rsquo;ob\u00e9sit\u00e9<\/p>\n<p class=\"mb-4 text-lg md:leading-8 break-words\">Laurent Ournac en a \u00e9galement profit\u00e9 pour pousser un coup de gueule contre les fausses promesses de \u00ab\u00a0recette miracle\u00a0\u00bb pour perdre du poids. \u00ab\u00a0Mais il ne faut pas raconter de mensonges et faire croire l&rsquo;impossible. C&rsquo;est ce que j&rsquo;ai pu reprocher \u00e0 certains m\u00e9decins-stars de la t\u00e9l\u00e9. Ils vendent des m\u00e9thodes, font leur business sur des gens parfois pr\u00eats \u00e0 tout pour perdre du poids\u00a0\u00bb, s&rsquo;est-il indign\u00e9 dans les colonnes de Cin\u00e9-T\u00e9l\u00e9-Revue. Alors que cela fait de nombreuses ann\u00e9es que <a data-ylk=\"slk:le com\u00e9dien se bat contre l&#039;ob\u00e9sit\u00e9;elm:context_link;itc:0;sec:content-canvas;\" data-yga=\"{&quot;yLinkElement&quot;:&quot;link&quot;,&quot;yLinkElementType&quot;:&quot;article_link&quot;}\" href=\"https:\/\/www.femmeactuelle.fr\/minceur\/news-minceur\/laurent-ournac-il-raconte-son-combat-quotidien-pour-ne-pas-reprendre-de-poids-2078943\" rel=\"noopener noreferrer nofollow\" target=\"_blank\">le com\u00e9dien se bat contre l&rsquo;ob\u00e9sit\u00e9<\/a>, il met tout en \u0153uvre pour que ses deux enfants, Capucine et L\u00e9on, n&rsquo;aient pas \u00e0 vivre la m\u00eame souffrance que lui. S&rsquo;il reste \u00ab\u00a0vigilant\u00a0\u00bb face \u00e0 ce sujet, il a choisi aussi de se montrer \u00ab\u00a0souple\u00a0\u00bb. \u00ab\u00a0Je ne leur inflige pas de privation non plus en leur disant : &lsquo;Vous allez devenir gros comme papa !'\u00a0\u00bb, avait-il confi\u00e9 dans les colonnes de Nous Deux.<\/p>\n<p class=\"mb-4 text-lg md:leading-8 break-words\"><a data-ylk=\"slk:Lire l&#039;article sur le site de Femme Actuelle;elm:context_link;itc:0;sec:content-canvas;\" data-yga=\"{&quot;yLinkElement&quot;:&quot;link&quot;,&quot;yLinkElementType&quot;:&quot;article_link&quot;}\" href=\"https:\/\/www.femmeactuelle.fr\/actu\/news-actu\/je-dois-etre-suivi-a-vie-laurent-ournac-se-confie-sur-son-combat-contre-l-obesite-mettant-en-garde-contre-les-methodes-de-certains-medecins-stars-2211209\" rel=\"noopener noreferrer nofollow\" target=\"_blank\">Lire l&rsquo;article sur le site de Femme Actuelle<\/a><\/p>\n","protected":false},"excerpt":{"rendered":"Mon incroyable fianc\u00e9, Jos\u00e9phine, ange gardien, L&rsquo;Archer noir, Esp\u00e8ces menac\u00e9es\u2026 \u00c0 46 ans, Laurent Ournac a jou\u00e9 dans&hellip;\n","protected":false},"author":2,"featured_media":241020,"comment_status":"","ping_status":"","sticky":false,"template":"","format":"standard","meta":{"footnotes":"","_share_on_mastodon":"0"},"categories":[102],"tags":[1378,75086,75085,75082,12,13,18,17,75088,129,128,75081,96,95,75083,28184,75087,71289,37724,22016,109,75084],"class_list":["post-241019","post","type-post","status-publish","format-standard","has-post-thumbnail","category-people","tag-un","tag-a-46-ans","tag-a-ce-sujet","tag-ange-gardien","tag-be","tag-be-fr","tag-belgique","tag-belgium","tag-capucine-et-leon","tag-celebrities","tag-celebrity","tag-contre-lobesite","tag-divertissement","tag-entertainment","tag-jai-perdu","tag-josephine","tag-joue-dans-de-nombreux","tag-larticle-sur-le","tag-laurent-ournac","tag-miracle","tag-people","tag-pu-reprocher-a-certains"],"share_on_mastodon":{"url":"https:\/\/pubeurope.com\/@be_fr\/117222782112752387","error":""},"_links":{"self":[{"href":"https:\/\/www.europesays.com\/be-fr\/wp-json\/wp\/v2\/posts\/241019","targetHints":{"allow":["GET"]}}],"collection":[{"href":"https:\/\/www.europesays.com\/be-fr\/wp-json\/wp\/v2\/posts"}],"about":[{"href":"https:\/\/www.europesays.com\/be-fr\/wp-json\/wp\/v2\/types\/post"}],"author":[{"embeddable":true,"href":"https:\/\/www.europesays.com\/be-fr\/wp-json\/wp\/v2\/users\/2"}],"replies":[{"embeddable":true,"href":"https:\/\/www.europesays.com\/be-fr\/wp-json\/wp\/v2\/comments?post=241019"}],"version-history":[{"count":0,"href":"https:\/\/www.europesays.com\/be-fr\/wp-json\/wp\/v2\/posts\/241019\/revisions"}],"wp:featuredmedia":[{"embeddable":true,"href":"https:\/\/www.europesays.com\/be-fr\/wp-json\/wp\/v2\/media\/241020"}],"wp:attachment":[{"href":"https:\/\/www.europesays.com\/be-fr\/wp-json\/wp\/v2\/media?parent=241019"}],"wp:term":[{"taxonomy":"category","embeddable":true,"href":"https:\/\/www.europesays.com\/be-fr\/wp-json\/wp\/v2\/categories?post=241019"},{"taxonomy":"post_tag","embeddable":true,"href":"https:\/\/www.europesays.com\/be-fr\/wp-json\/wp\/v2\/tags?post=241019"}],"curies":[{"name":"wp","href":"https:\/\/api.w.org\/{rel}","templated":true}]}}