{"id":241021,"date":"2026-09-06T06:56:28","date_gmt":"2026-09-06T06:56:28","guid":{"rendered":"https:\/\/www.europesays.com\/be-fr\/241021\/"},"modified":"2026-09-06T06:56:28","modified_gmt":"2026-09-06T06:56:28","slug":"tina-arena-un-show-a-marseille-et-une-tournee-pour-aller-toujours-plus-haut","status":"publish","type":"post","link":"https:\/\/www.europesays.com\/be-fr\/241021\/","title":{"rendered":"Tina Arena, un show \u00e0 Marseille et une tourn\u00e9e pour aller toujours plus haut"},"content":{"rendered":"<p>Il est 16h30 en Australie, d\u2019o\u00f9 Tina Arena d\u00e9croche son t\u00e9l\u00e9phone. Les dix heures de d\u00e9calage horaire avec <a href=\"https:\/\/www.laprovence.com\/\" target=\"_self\" rel=\"nofollow noopener\">Marseille<\/a> n\u2019emp\u00eachent pas la chanteuse de tenir \u00e0 parler fran\u00e7ais. Elle le fait avec aisance, s\u2019accordant un l\u00e9ger temps de r\u00e9flexion \u00e7\u00e0 et l\u00e0, ralentissant l\u00e9g\u00e8rement son d\u00e9bit pour mieux se faire comprendre. Une langue qu\u2019elle a apprivois\u00e9e au fil des ann\u00e9es, notamment en chantant et en travaillant les textes, jusqu\u2019\u00e0 en trouver le rythme. De quoi mesurer le chemin parcouru par la chanteuse\u2026<\/p>\n<p>Pour f\u00eater ses 50 ans de carri\u00e8re, elle retrouvera la France avec une tourn\u00e9e qui passera par Marseille, le 21 octobre 2026, au <a href=\"https:\/\/www.laprovence.com\/article\/region\/76340321009469\/marseille-le-silo-d-arenc-a-la-joliette-d-ancien-silo-a-grains-a-salle-de-concert\" target=\"_self\" rel=\"nofollow noopener\">Cepac Silo<\/a>. Mais l\u2019artiste australienne de 58 ans ne se contente pas de regarder dans le r\u00e9troviseur : True Faith, sa reprise de <a href=\"https:\/\/www.laprovence.com\/article\/loisirs\/2872453\/peter-hook-joy-division-et-new-order-sortis-des-tenebres.html\" target=\"_self\" rel=\"nofollow noopener\">New Order<\/a>, a \u00e9t\u00e9 d\u00e9voil\u00e9e en ao\u00fbt avec un clip, avant la sortie de Way Of The World, un EP de six reprises attendu le 16\u00a0octobre. Une nouvelle \u00e9tape pour une chanteuse qui revendique, aujourd\u2019hui plus que jamais, le plaisir de suivre son instinct.<\/p>\n<p>Vous allez retrouver Marseille cet automne. Qu\u2019est-ce que la ville repr\u00e9sente pour vous ?&#13;\n<\/p>\n<p>J\u2019adore Marseille. Je me souviens de ma premi\u00e8re venue, dans les ann\u00e9es 90, \u00e0 l\u2019\u00e9poque de Chains. J\u2019&#8230;<\/p>\n","protected":false},"excerpt":{"rendered":"Il est 16h30 en Australie, d\u2019o\u00f9 Tina Arena d\u00e9croche son t\u00e9l\u00e9phone. Les dix heures de d\u00e9calage horaire avec&hellip;\n","protected":false},"author":2,"featured_media":241022,"comment_status":"","ping_status":"","sticky":false,"template":"","format":"standard","meta":{"footnotes":"","_share_on_mastodon":"0"},"categories":[98],"tags":[41,7453,27672,12,13,18,17,419,96,95,3774,107,108,838,8051,73907,8220],"class_list":["post-241021","post","type-post","status-publish","format-standard","has-post-thumbnail","category-musique","tag-41","tag-aller","tag-arena","tag-be","tag-be-fr","tag-belgique","tag-belgium","tag-culture","tag-divertissement","tag-entertainment","tag-marseille","tag-music","tag-musique","tag-pour","tag-show","tag-tina","tag-toujours"],"share_on_mastodon":{"url":"https:\/\/pubeurope.com\/@be_fr\/117222793835463890","error":""},"_links":{"self":[{"href":"https:\/\/www.europesays.com\/be-fr\/wp-json\/wp\/v2\/posts\/241021","targetHints":{"allow":["GET"]}}],"collection":[{"href":"https:\/\/www.europesays.com\/be-fr\/wp-json\/wp\/v2\/posts"}],"about":[{"href":"https:\/\/www.europesays.com\/be-fr\/wp-json\/wp\/v2\/types\/post"}],"author":[{"embeddable":true,"href":"https:\/\/www.europesays.com\/be-fr\/wp-json\/wp\/v2\/users\/2"}],"replies":[{"embeddable":true,"href":"https:\/\/www.europesays.com\/be-fr\/wp-json\/wp\/v2\/comments?post=241021"}],"version-history":[{"count":0,"href":"https:\/\/www.europesays.com\/be-fr\/wp-json\/wp\/v2\/posts\/241021\/revisions"}],"wp:featuredmedia":[{"embeddable":true,"href":"https:\/\/www.europesays.com\/be-fr\/wp-json\/wp\/v2\/media\/241022"}],"wp:attachment":[{"href":"https:\/\/www.europesays.com\/be-fr\/wp-json\/wp\/v2\/media?parent=241021"}],"wp:term":[{"taxonomy":"category","embeddable":true,"href":"https:\/\/www.europesays.com\/be-fr\/wp-json\/wp\/v2\/categories?post=241021"},{"taxonomy":"post_tag","embeddable":true,"href":"https:\/\/www.europesays.com\/be-fr\/wp-json\/wp\/v2\/tags?post=241021"}],"curies":[{"name":"wp","href":"https:\/\/api.w.org\/{rel}","templated":true}]}}