{"id":241025,"date":"2026-09-06T07:02:17","date_gmt":"2026-09-06T07:02:17","guid":{"rendered":"https:\/\/www.europesays.com\/be-fr\/241025\/"},"modified":"2026-09-06T07:02:17","modified_gmt":"2026-09-06T07:02:17","slug":"je-pensais-que-les-aspirateurs-balais-a-moins-de-30-e-manquaient-totalement-daspiration-jai-change-davis-avec-ce-modele-carrefour-a-29-e","status":"publish","type":"post","link":"https:\/\/www.europesays.com\/be-fr\/241025\/","title":{"rendered":"Je pensais que les aspirateurs balais \u00e0 moins de 30 \u20ac manquaient totalement d&rsquo;aspiration : j&rsquo;ai chang\u00e9 d&rsquo;avis avec ce mod\u00e8le Carrefour \u00e0 29 \u20ac"},"content":{"rendered":"<p class=\"gpsb-badge__text\">Vous aimez notre contenu ?<\/p>\n<p><a class=\"gpsb-badge__link no-adv\" data-ad-skip=\"true\" href=\"https:\/\/google.com\/preferences\/source?q=journaldesseniors.20minutes.fr\" target=\"_blank\" rel=\"noopener sponsored nofollow\" aria-label=\"Ajoutez-nous \u00e0 vos favoris Google\">Ajoutez-nous \u00e0 vos<br \/>favoris Google<\/a><\/p>\n<p>Il y a ce moment, juste apr\u00e8s avoir pass\u00e9 l&rsquo;aspirateur, o\u00f9 l&rsquo;on se penche sur le sol pour constater, d\u00e9pit\u00e9, que les miettes sont toujours l\u00e0. Un fil qui tra\u00eene, une poign\u00e9e qui vibre dans tous les sens, une aspiration qui semble plus d\u00e9corative qu&rsquo;efficace : voil\u00e0 le lot de nombreux aspirateurs balais premier prix, ceux qu&rsquo;on ach\u00e8te un peu par d\u00e9faut, sans grande conviction. Avec <a href=\"https:\/\/journaldesseniors.20minutes.fr\/bons-plans\/on-sobstine-tous-a-faire-travailler-les-enfants-sur-une-chaise-de-cuisine-alors-que-but-descend-son-modele-de-bureau-a-65-e\/\" rel=\"nofollow noopener\" target=\"_blank\">la rentr\u00e9e qui rime souvent pour beaucoup<\/a> avec grand nettoyage de la maison et de la voiture apr\u00e8s l&rsquo;\u00e9t\u00e9, la tentation est grande de se tourner vers un appareil abordable, sans fil, pratique au quotidien. Mais peut-on vraiment trouver un aspirateur balai efficace \u00e0 moins de 30 euros ? C&rsquo;est justement la question que je me suis pos\u00e9e en tombant sur un mod\u00e8le propos\u00e9 par Carrefour, et la r\u00e9ponse m&rsquo;a surpris.<\/p>\n<p>Mon a priori sur les aspirateurs balais premier prix, et pourquoi il a vol\u00e9 en \u00e9clats<\/p>\n<p>    <img loading=\"lazy\" decoding=\"async\" width=\"2560\" height=\"2005\" class=\"wp-image-120586\" src=\"data:image\/svg+xml,%3Csvg%20xmlns=\" http:=\"\" alt=\"Mon a priori sur les aspirateurs balais premier prix, et pourquoi il a vol\u00e9 en \u00e9clats\" style=\"width:100%;display:block;margin:auto\" data-lazy- data-lazy- data-lazy-src=\"https:\/\/www.europesays.com\/be-fr\/wp-content\/uploads\/2026\/09\/c5427db10d6d6b7cf4ec584fd9d9d312-1787666596-scaled.jpg\"\/><img loading=\"lazy\" decoding=\"async\" width=\"2560\" height=\"2005\" class=\"wp-image-120586\" src=\"https:\/\/www.europesays.com\/be-fr\/wp-content\/uploads\/2026\/09\/c5427db10d6d6b7cf4ec584fd9d9d312-1787666596-scaled.jpg\" alt=\"Mon a priori sur les aspirateurs balais premier prix, et pourquoi il a vol\u00e9 en \u00e9clats\" style=\"width:100%;display:block;margin:auto\"  \/>Cr\u00e9dit : \u00a9 Carrefour<\/p>\n<p> Comme beaucoup, j&rsquo;avais fini par me forger une conviction assez tranch\u00e9e : sous la barre des 30 euros, un aspirateur balai ne pouvait \u00eatre qu&rsquo;un gadget. J&rsquo;imaginais une aspiration fam\u00e9lique, un moteur poussif, un appareil qui ferait plus de bruit que de r\u00e9sultat sur les miettes incrust\u00e9es dans le canap\u00e9 ou les poils de chien tapis dans les fibres de la moquette. Cette id\u00e9e re\u00e7ue venait d&rsquo;exp\u00e9riences pass\u00e9es, souvent d\u00e9cevantes, avec du mat\u00e9riel bon march\u00e9 qui promettait beaucoup et livrait peu.<\/p>\n<p> Et puis j&rsquo;ai d\u00e9couvert ce <a href=\"https:\/\/www.carrefour.fr\/p\/aspirateur-balai-sans-fil-2-en-1-maison-et-voiture-md2308bc-medek-3700902210299\" rel=\"nofollow noopener\" target=\"_blank\">mod\u00e8le MEDEK MD2308BC, vendu chez Carrefour<\/a>, qui a s\u00e9rieusement rebattu les cartes. Sur le papier d\u00e9j\u00e0, les arguments avanc\u00e9s donnent envie d&rsquo;y regarder de plus pr\u00e8s : un moteur annonc\u00e9 pour sa forte aspiration, un design anti-blocage par cyclone cens\u00e9 \u00e9viter les pertes de puissance en cours d&rsquo;utilisation, et une filtration \u00e0 quatre couches qui laisse pr\u00e9sager une capture efficace des poussi\u00e8res les plus fines. Autant de d\u00e9tails qui, mis bout \u00e0 bout, contredisent frontalement l&rsquo;image d&rsquo;un appareil au rabais.<\/p>\n<p>Maison, voiture : ce format 2 en 1 qui change vraiment la donne au quotidien<\/p>\n<p> Ce qui distingue vraiment cet aspirateur, c&rsquo;est sa vocation \u00e0 servir aussi bien \u00e0 la maison qu&rsquo;\u00e0 l&rsquo;int\u00e9rieur de la voiture. On conna\u00eet tous cette situation frustrante : un aspirateur balai efficace sur le carrelage de la cuisine, mais totalement inadapt\u00e9 pour aller chercher les miettes coinc\u00e9es entre les si\u00e8ges de la voiture. Ici, le format sans fil et portable change la donne, puisqu&rsquo;il permet de passer sans transition du salon au coffre de la voiture, sans avoir \u00e0 jongler entre deux appareils diff\u00e9rents.<\/p>\n<p> Le c\u00f4t\u00e9 compact et pratique de l&rsquo;appareil facilite grandement son rangement, notamment gr\u00e2ce \u00e0 sa base de chargement portable, qui permet de le stocker facilement dans un garage, un placard ou m\u00eame dans le coffre pour les trajets. Autre d\u00e9tail qui a son importance au quotidien : la lumi\u00e8re LED int\u00e9gr\u00e9e, qui permet de rep\u00e9rer la salet\u00e9 cach\u00e9e dans les coins sombres de la voiture ou sous les meubles, l\u00e0 o\u00f9 l&rsquo;\u0153il nu peine parfois \u00e0 distinguer les r\u00e9sidus. \u00c0 cela s&rsquo;ajoutent des fonctionnalit\u00e9s bien pens\u00e9es comme le bouton de vidage de la poussi\u00e8re, un grand r\u00e9servoir qui \u00e9vite les vidages trop fr\u00e9quents, un rappel lumineux lorsque le r\u00e9servoir est plein, ainsi qu&rsquo;un affichage du pourcentage de batterie qui permet de savoir en un coup d&rsquo;\u0153il s&rsquo;il reste assez d&rsquo;autonomie pour terminer le m\u00e9nage.<\/p>\n<p>29,99 \u20ac au lieu de 49,99 \u20ac : le d\u00e9tail de l&rsquo;offre carrefour qui m\u00e9rite qu&rsquo;on s&rsquo;y attarde<\/p>\n<p> Passons maintenant au nerf de la guerre : le prix. Cet aspirateur balai MEDEK est actuellement propos\u00e9 par Carrefour \u00e0 29,99 \u20ac, contre un prix habituel de 49,99 \u20ac, ce qui repr\u00e9sente une remise particuli\u00e8rement int\u00e9ressante pour ce type d&rsquo;appareil 2 en 1. L&rsquo;enseigne va m\u00eame plus loin avec une offre associ\u00e9e du type \u00ab 1 achet\u00e9 = 20 \u20ac de remise \u00bb, qui vient renforcer l&rsquo;attractivit\u00e9 de ce prix d\u00e9j\u00e0 r\u00e9duit.<\/p>\n<p> Cette promotion s&rsquo;inscrit dans une p\u00e9riode limit\u00e9e, puisqu&rsquo;elle est annonc\u00e9e jusqu&rsquo;au 7 septembre, selon les magasins participants et dans la limite des stocks disponibles. Un d\u00e9lai \u00e0 prendre en compte si l&rsquo;appareil vous a tap\u00e9 dans l&rsquo;\u0153il, sachant que le prix final peut varier l\u00e9g\u00e8rement selon que vous optiez pour un retrait en Drive ou pour une livraison, et selon le magasin s\u00e9lectionn\u00e9. Carrefour propose par ailleurs un paiement s\u00e9curis\u00e9 \u00e0 100 % ainsi qu&rsquo;une politique satisfait ou rembours\u00e9, deux \u00e9l\u00e9ments qui rassurent au moment de passer commande, surtout pour un achat que l&rsquo;on n&rsquo;a pas forc\u00e9ment l&rsquo;habitude de faire en ligne.<\/p>\n<p> Ce qu&rsquo;il faut retenir avant de craquer pour ce mod\u00e8le medek<\/p>\n<p> Avant de se laisser tenter, quelques points m\u00e9ritent d&rsquo;\u00eatre gard\u00e9s en t\u00eate. Cet aspirateur affiche un poids produit de 0,66 kg, ce qui en fait un appareil particuli\u00e8rement l\u00e9ger \u00e0 manier, un vrai atout pour celles et ceux qui redoutent les aspirateurs lourds et fatigants \u00e0 utiliser sur la dur\u00e9e. C\u00f4t\u00e9 dimensions, le colis mesure 16 cm x 13 cm x 56 cm pour un poids total de 1,5 kg, des donn\u00e9es qui donnent une id\u00e9e assez pr\u00e9cise du format compact de l&rsquo;appareil une fois d\u00e9ball\u00e9.<\/p>\n<p> Sur le plan de la garantie, Carrefour mentionne le chiffre 2 (probablement des ann\u00e9es), un point non n\u00e9gligeable pour un appareil \u00e9lectrom\u00e9nager destin\u00e9 \u00e0 un usage quotidien. En revanche, la fiche produit reste discr\u00e8te sur la disponibilit\u00e9 des pi\u00e8ces d\u00e9tach\u00e9es, tout comme sur l&rsquo;indice de r\u00e9parabilit\u00e9 exact, une note pourtant devenue obligatoire dans le cadre de la loi anti-gaspillage pour l&rsquo;\u00e9conomie circulaire. Il peut donc \u00eatre utile de se renseigner directement en magasin ou aupr\u00e8s du service client si ces crit\u00e8res sont d\u00e9terminants pour vous avant l&rsquo;achat. De m\u00eame, certaines caract\u00e9ristiques techniques comme la puissance exacte en watts, l&rsquo;autonomie pr\u00e9cise de la batterie ou la capacit\u00e9 du bac \u00e0 poussi\u00e8re ne sont pas d\u00e9taill\u00e9es dans la fiche produit, ce qui invite \u00e0 rester prudent et \u00e0 ne pas se fier uniquement au prix pour juger de la pertinence de cet achat.<\/p>\n<p> Au final, ce mod\u00e8le MEDEK vendu chez Carrefour a de quoi surprendre celles et ceux qui, comme moi, pensaient qu&rsquo;aucun aspirateur balai \u00e0 moins de 30 euros ne pouvait offrir un usage s\u00e9rieux au quotidien. Entre son format 2 en 1 pens\u00e9 pour la maison et la voiture, ses fonctionnalit\u00e9s pratiques comme la lumi\u00e8re LED ou l&rsquo;affichage du niveau de batterie, et une promotion qui fait s\u00e9rieusement chuter son prix, cet appareil coche plusieurs cases importantes pour un usage courant. Reste \u00e0 savoir si, une fois test\u00e9 entre vos mains, il confirmera cette bonne impression sur la dur\u00e9e, et si les petits prix ont enfin gagn\u00e9 leurs lettres de noblesse dans l&rsquo;univers de l&rsquo;aspiration.<\/p>\n","protected":false},"excerpt":{"rendered":"Vous aimez notre contenu ? Ajoutez-nous \u00e0 vosfavoris Google Il y a ce moment, juste apr\u00e8s avoir pass\u00e9&hellip;\n","protected":false},"author":2,"featured_media":241026,"comment_status":"","ping_status":"","sticky":false,"template":"","format":"standard","meta":{"footnotes":"","_share_on_mastodon":"0"},"categories":[35],"tags":[25207,69996,12,13,18,17,14617,54924,38,6999,37,36,3822,21333,7204,27846,595,11278],"class_list":["post-241025","post","type-post","status-publish","format-standard","has-post-thumbnail","category-economie","tag-aspirateur","tag-aspirateur-balai","tag-be","tag-be-fr","tag-belgique","tag-belgium","tag-bon-plan","tag-bonne-affaire","tag-business","tag-carrefour","tag-economie","tag-economy","tag-entretien","tag-menage","tag-offre","tag-promotion","tag-push","tag-remise"],"share_on_mastodon":{"url":"https:\/\/pubeurope.com\/@be_fr\/117222817898701906","error":""},"_links":{"self":[{"href":"https:\/\/www.europesays.com\/be-fr\/wp-json\/wp\/v2\/posts\/241025","targetHints":{"allow":["GET"]}}],"collection":[{"href":"https:\/\/www.europesays.com\/be-fr\/wp-json\/wp\/v2\/posts"}],"about":[{"href":"https:\/\/www.europesays.com\/be-fr\/wp-json\/wp\/v2\/types\/post"}],"author":[{"embeddable":true,"href":"https:\/\/www.europesays.com\/be-fr\/wp-json\/wp\/v2\/users\/2"}],"replies":[{"embeddable":true,"href":"https:\/\/www.europesays.com\/be-fr\/wp-json\/wp\/v2\/comments?post=241025"}],"version-history":[{"count":0,"href":"https:\/\/www.europesays.com\/be-fr\/wp-json\/wp\/v2\/posts\/241025\/revisions"}],"wp:featuredmedia":[{"embeddable":true,"href":"https:\/\/www.europesays.com\/be-fr\/wp-json\/wp\/v2\/media\/241026"}],"wp:attachment":[{"href":"https:\/\/www.europesays.com\/be-fr\/wp-json\/wp\/v2\/media?parent=241025"}],"wp:term":[{"taxonomy":"category","embeddable":true,"href":"https:\/\/www.europesays.com\/be-fr\/wp-json\/wp\/v2\/categories?post=241025"},{"taxonomy":"post_tag","embeddable":true,"href":"https:\/\/www.europesays.com\/be-fr\/wp-json\/wp\/v2\/tags?post=241025"}],"curies":[{"name":"wp","href":"https:\/\/api.w.org\/{rel}","templated":true}]}}