{"id":241093,"date":"2026-09-06T08:26:19","date_gmt":"2026-09-06T08:26:19","guid":{"rendered":"https:\/\/www.europesays.com\/be-fr\/241093\/"},"modified":"2026-09-06T08:26:19","modified_gmt":"2026-09-06T08:26:19","slug":"et-si-leurope-fermait-enfin-la-porte-aux-touristes-russes","status":"publish","type":"post","link":"https:\/\/www.europesays.com\/be-fr\/241093\/","title":{"rendered":"Et si l\u2019Europe fermait enfin la porte aux touristes russes\u00a0?"},"content":{"rendered":"<p>Car le sujet n\u2019est pas nouveau.\u00a0D\u00e8s juin, la Su\u00e8de et plusieurs pays du nord et de l\u2019est de l\u2019Europe r\u00e9clamaient d\u00e9j\u00e0 un tour de vis. \u00ab\u00a0Je veux qu\u2019il n\u2019y ait plus de week-end shopping. Je veux qu\u2019il n\u2019y ait plus de voyages de luxe en Europe alors que des Ukrainiens meurent sur le champ de bataille\u00a0\u00bb, avait d\u00e9clar\u00e9 fin juin, le Ministre su\u00e9dois de la Migration, <a href=\"https:\/\/x.com\/JohanForssell\/status\/2062499003758006472\" target=\"_blank\" rel=\"nofollow\">Johan Forssell<\/a> lors d\u2019une r\u00e9union avec ses homologues europ\u00e9ens.<\/p>\n<p>Dans le m\u00eame temps, la Su\u00e8de, la Finlande, le Danemark, la Lituanie, la Lettonie, l\u2019Estonie, la R\u00e9publique tch\u00e8que, la Pologne, les Pays-Bas ainsi que la Norv\u00e8ge et l\u2019Islande cosignaient un courrier \u00e0 la Commission europ\u00e9enne pour d\u00e9noncer ces touristes russes qui profitent des plages et des stations baln\u00e9aires europ\u00e9ennes pendant que la guerre continue.<\/p>\n<p>Et il ne s\u2019agit pas seulement quelques dizaines de touristes. En\u00a02025, les pays europ\u00e9ens ont d\u00e9livr\u00e9 plus de 620.000 visas \u00e0 des ressortissants russes dont 477.000 visas touristiques. Un chiffre en hausse de 10% par rapport \u00e0 l\u2019ann\u00e9e pr\u00e9c\u00e9dente. La France, l\u2019Italie et l\u2019Espagne concentrent \u00e0 elles seules pr\u00e8s des trois quarts des demandes accept\u00e9es.<\/p>\n","protected":false},"excerpt":{"rendered":"Car le sujet n\u2019est pas nouveau.\u00a0D\u00e8s juin, la Su\u00e8de et plusieurs pays du nord et de l\u2019est de&hellip;\n","protected":false},"author":2,"featured_media":241094,"comment_status":"","ping_status":"","sticky":false,"template":"","format":"standard","meta":{"footnotes":"","_share_on_mastodon":"0"},"categories":[8],"tags":[10,12,13,18,17,11],"class_list":["post-241093","post","type-post","status-publish","format-standard","has-post-thumbnail","category-actualites","tag-actualites","tag-be","tag-be-fr","tag-belgique","tag-belgium","tag-news"],"share_on_mastodon":{"url":"https:\/\/pubeurope.com\/@be_fr\/117223147952494294","error":""},"_links":{"self":[{"href":"https:\/\/www.europesays.com\/be-fr\/wp-json\/wp\/v2\/posts\/241093","targetHints":{"allow":["GET"]}}],"collection":[{"href":"https:\/\/www.europesays.com\/be-fr\/wp-json\/wp\/v2\/posts"}],"about":[{"href":"https:\/\/www.europesays.com\/be-fr\/wp-json\/wp\/v2\/types\/post"}],"author":[{"embeddable":true,"href":"https:\/\/www.europesays.com\/be-fr\/wp-json\/wp\/v2\/users\/2"}],"replies":[{"embeddable":true,"href":"https:\/\/www.europesays.com\/be-fr\/wp-json\/wp\/v2\/comments?post=241093"}],"version-history":[{"count":0,"href":"https:\/\/www.europesays.com\/be-fr\/wp-json\/wp\/v2\/posts\/241093\/revisions"}],"wp:featuredmedia":[{"embeddable":true,"href":"https:\/\/www.europesays.com\/be-fr\/wp-json\/wp\/v2\/media\/241094"}],"wp:attachment":[{"href":"https:\/\/www.europesays.com\/be-fr\/wp-json\/wp\/v2\/media?parent=241093"}],"wp:term":[{"taxonomy":"category","embeddable":true,"href":"https:\/\/www.europesays.com\/be-fr\/wp-json\/wp\/v2\/categories?post=241093"},{"taxonomy":"post_tag","embeddable":true,"href":"https:\/\/www.europesays.com\/be-fr\/wp-json\/wp\/v2\/tags?post=241093"}],"curies":[{"name":"wp","href":"https:\/\/api.w.org\/{rel}","templated":true}]}}