{"id":241097,"date":"2026-09-06T08:28:23","date_gmt":"2026-09-06T08:28:23","guid":{"rendered":"https:\/\/www.europesays.com\/be-fr\/241097\/"},"modified":"2026-09-06T08:28:23","modified_gmt":"2026-09-06T08:28:23","slug":"ezechiel-de-melac-cet-officier-girondin-a-la-sinistre-renommee","status":"publish","type":"post","link":"https:\/\/www.europesays.com\/be-fr\/241097\/","title":{"rendered":"\u00c9z\u00e9chiel de M\u00e9lac, cet officier girondin \u00e0 la sinistre renomm\u00e9e"},"content":{"rendered":"<p>\u00ab D\u2019une audace folle \u00bb<\/p>\n<p>L\u2019incendie du ch\u00e2teau de Heidelberg, c\u2019est lui. Un homme \u00ab\u00a0d\u2019une audace folle\u00a0\u00bb, selon Saint&#8230;<\/p>\n<p>\u00ab D\u2019une audace folle \u00bb<\/p>\n<p>L\u2019incendie du ch\u00e2teau de Heidelberg, c\u2019est lui. Un homme \u00ab\u00a0d\u2019une audace folle\u00a0\u00bb, selon Saint-Simon. Il a incendi\u00e9, pill\u00e9, ras\u00e9, tu\u00e9 avec une \u00e9nergie redoutable. Louis XIV loue sa servitude et le fait mar\u00e9chal de camp, puis le nomme gouverneur de Landau (aujourd\u2019hui dans le land de\u00a0Rh\u00e9nanie-Palatinat). \u00ab\u00a0Combien y a-t-il de sc\u00e9l\u00e9rats qu\u2019on punirait pendant la paix, et dont on a besoin de r\u00e9compenser l\u2019audace dans les d\u00e9sordres de la guerre\u00a0\u00bb, \u00e9crit F\u00e9nelon en 1699 dans \u00ab\u00a0Les Aventures de T\u00e9l\u00e9maque\u00a0\u00bb.<\/p>\n<p>        <img decoding=\"async\" id=\"30106615\" src=\"https:\/\/media.sudouest.fr\/30104743\/1200x-1\/wp-melac.jpg?v=1788681600\" alt=\"\u00ab\u00a0Portrait fid\u00e8le de l\u2019incendiaire et meurtrier fran\u00e7ais de M\u00e9lac\u00a0\u00bb, &#10;une caricature datant de 1689\" itemprop=\"contentURL\"\/><\/p>\n<p>    \u00ab\u00a0Portrait fid\u00e8le de l\u2019incendiaire et meurtrier fran\u00e7ais de M\u00e9lac\u00a0\u00bb,<br \/>\nune caricature datant de 1689<\/p>\n<p>Auteur inconnu\/Wikimedia Commons<\/p>\n<p>    Figure embl\u00e9matique<\/p>\n<p>Si le sac du Palatinat a \u00e9t\u00e9 une victoire tactique pour Louis XIV, il a aussi \u00e9t\u00e9 un d\u00e9sastreux faux pas politique pour le monarque vilipend\u00e9 dans toute l\u2019Europe pour la cruaut\u00e9 de ces raids. Le Roi Soleil revendiquait le Palatinat, mais, surtout, il souhaitait cr\u00e9er une immense zone grise \u00e0 l\u2019orient de sa fronti\u00e8re pour briser toute perspective d\u2019incursion. La Ligue d\u2019Augsbourg est n\u00e9e sur les ruines sem\u00e9es par M\u00e9lac et toutes les puissances continentales se dressent alors contre la France. \u00ab\u00a0Un homme, rappelle Victor Hugo dans ses \u2018\u2018Lettres du Rhin\u2019\u2019 , dont le nom est utilis\u00e9 aujourd\u2019hui \u00e0 Heidelberg pour faire peur aux petits enfants, M\u00e9lac, lieutenant g\u00e9n\u00e9ral des arm\u00e9es du roi de France, mit \u00e0 sac la ville palatine et n\u2019en fit qu\u2019un tas de d\u00e9combres\u2026 L\u2019arm\u00e9e du grand roi entra dans Spire\u2026 Les soldats viol\u00e8rent la famille, ils viol\u00e8rent la religion, ils viol\u00e8rent la mort.\u00a0\u00bb<\/p>\n<p>Le nom de M\u00e9lac a sombr\u00e9 dans l\u2019oubli en France, pas en Allemagne. Au lendemain de la Premi\u00e8re Guerre mondiale, alors que les troupes fran\u00e7aises occupent le Palatinat et la Rh\u00e9nanie, la propagande allemande instrumentalise sa figure pour d\u00e9noncer la brutalit\u00e9 historique de l\u2019occupant.<\/p>\n<p>Une famille de l\u2019Entre-deux-Mers<\/p>\n<p>\u00c9z\u00e9chiel de M\u00e9lac est n\u00e9 en 1630 \u00e0 Sainte-Radegonde, en Gironde, au ch\u00e2teau Jean Faux. La famille a consolid\u00e9 son ascension sociale gr\u00e2ce \u00e0 de belles alliances scell\u00e9es au sein de la communaut\u00e9 protestante. \u00c9z\u00e9chiel entre tr\u00e8s jeune dans l\u2019arm\u00e9e et \u00e9volue rapidement. Pas seulement gr\u00e2ce \u00e0 ses m\u00e9rites\u00a0: Louis XIV, lass\u00e9 des r\u00e9seaux d\u2019influence des grandes familles, promet de belles carri\u00e8res \u00e0 des officiers de petite noblesse provinciale, dont il sait que la reconnaissance lui sera pr\u00e9cieuse. Et, pour certains, en leur arrachant une abjuration qui devait les assurer de pr\u00e9server leur fortune.<\/p>\n<p>        <img decoding=\"async\" id=\"30106086\" src=\"https:\/\/www.europesays.com\/be-fr\/wp-content\/uploads\/2026\/09\/town-building-chateau-palace-castle-heidelberg-1346614-pxhere-com.jpg\" alt=\"La partie ruin\u00e9e du ch\u00e2teau de Heidelberg, dans le Bade-Wurtemberg. \u00c0 l\u2019\u00e9poque, c\u2019\u00e9tait la r\u00e9sidence des \u00e9lecteurs palatins. Il n\u2019a jamais \u00e9t\u00e9 compl\u00e8tement reconstruit\" itemprop=\"contentURL\"\/><\/p>\n<p>    La partie ruin\u00e9e du ch\u00e2teau de Heidelberg, dans le Bade-Wurtemberg. \u00c0 l\u2019\u00e9poque, c\u2019\u00e9tait la r\u00e9sidence des \u00e9lecteurs palatins. Il n\u2019a jamais \u00e9t\u00e9 compl\u00e8tement reconstruit<\/p>\n<p>Photo PxHere<\/p>\n<p>        <img decoding=\"async\" id=\"30485005\" src=\"https:\/\/www.europesays.com\/be-fr\/wp-content\/uploads\/2026\/09\/page311-die-zerstorung-heidelbergs-durch-die-franzosen-1689.jpg\" alt=\"\u00ab\u00a0La destruction d\u2019Heidelberg par les Fran\u00e7ais \u2013 1689\u00a0\u00bb, illustration tir\u00e9e d\u2019un livre de Franz Lubojatzky paru en 1858 \u00e0 L\u00f6bau\" itemprop=\"contentURL\"\/><\/p>\n<p>    \u00ab\u00a0La destruction d\u2019Heidelberg par les Fran\u00e7ais \u2013 1689\u00a0\u00bb, illustration tir\u00e9e d\u2019un livre de Franz Lubojatzky paru en 1858 \u00e0 L\u00f6bau<\/p>\n<p>British Library<\/p>\n<p>Entre ses guerres \u2013 Portugal, campagnes de Hollande et de Savoie, Allemagne\u2026\u00a0\u2013, M\u00e9lac, aur\u00e9ol\u00e9 d\u2019une r\u00e9putation de grand tacticien de cavalerie, revient au ch\u00e2teau Jean Faux. Il agrandit la demeure, ach\u00e8te encore des terres, prend soin des jardins. Ayant \u00e9pous\u00e9 tardivement (58\u00a0ans) une demoiselle de la puissante maison de Durfort-Duras \u2013 une ni\u00e8ce du mar\u00e9chal de Duras, sous le commandement duquel il int\u00e8gre l\u2019arm\u00e9e du Rhin l\u2019ann\u00e9e de son mariage, en 1688 \u2013, il n\u2019a pas d\u2019h\u00e9ritier et partage sa fortune entre ses demi-fr\u00e8res et ses neveux. Il meurt \u00e0 Paris en 1704. Un fait qui illustre bien la complexit\u00e9 du personnage\u00a0: en 1702, lorsque les caisses de l\u2019\u00c9tat sont vides, M\u00e9lac sacrifie l\u2019argenterie familiale pour payer ses soldats.<\/p>\n<p>Archives disparues<\/p>\n<p>L\u2019arch\u00e9ologue et historien L\u00e9o Drouyn a publi\u00e9 une pr\u00e9cieuse notice biographique dans les \u00ab\u00a0Actes de l\u2019Acad\u00e9mie nationale des sciences, belles-lettres et arts de Bordeaux\u00a0\u00bb en 1885. Malheureusement, les archives de M\u00e9lac, notamment sa correspondance, ont \u00e9t\u00e9 dispers\u00e9es au fil des successions.<\/p>\n<p>        <img decoding=\"async\" id=\"30106007\" src=\"https:\/\/www.europesays.com\/be-fr\/wp-content\/uploads\/2026\/09\/kreuzgang-vom-peter-und-pauls-kloster-hirsau.jpg\" alt=\"De l\u2019abbaye de Hirsau, d\u00e9di\u00e9e \u00e0 saint Pierre et saint Paul, il ne reste que des vestiges. La chapelle attenante est d\u00e9sormais d\u00e9volue au culte luth\u00e9rien.\" itemprop=\"contentURL\"\/><\/p>\n<p>    De l\u2019abbaye de Hirsau, d\u00e9di\u00e9e \u00e0 saint Pierre et saint Paul, il ne reste que des vestiges. La chapelle attenante est d\u00e9sormais d\u00e9volue au culte luth\u00e9rien.<\/p>\n<p>Wikip\u00e9dia<\/p>\n<p>        <img decoding=\"async\" id=\"30107191\" src=\"https:\/\/www.europesays.com\/be-fr\/wp-content\/uploads\/2026\/09\/900-221-eberhard-ludwig.jpg\" alt=\"Le duc Eberhard-Louis de Wurtemberg 1676-1733) avec son chien-loup, dont le nom, Melac, est grav\u00e9 sur son collier.\" itemprop=\"contentURL\"\/><\/p>\n<p>    Le duc Eberhard-Louis de Wurtemberg 1676-1733) avec son chien-loup, dont le nom, Melac, est grav\u00e9 sur son collier.<\/p>\n<p>peinture anonyme, 1720\/mus\u00e9e de Ludwigsburg<\/p>\n<p>\u00c0 Hirsau, <a href=\"https:\/\/statues.vanderkrogt.net\/object.php?webpage=ST&amp;record=debw155\" target=\"_blank\" rel=\"nofollow noopener\">la statue du sculpteur allemand Peter Lenke<\/a>, qui l\u2019immortalise dans une posture ridicule, signe la long\u00e9vit\u00e9 de son souvenir. Les ruines de l\u2019ancienne abbaye saccag\u00e9e par ses troupes sont toujours l\u00e0. \u00c0 Queichheim, o\u00f9 M\u00e9lac avait achet\u00e9 un domaine, une auberge a port\u00e9 son nom jusqu\u2019au XIXe\u00a0si\u00e8cle, Zur M\u00e9lac, rebaptis\u00e9e depuis Zur Krone. L\u2019enseigne d\u2019origine a \u00e9t\u00e9 d\u00e9pos\u00e9e au mus\u00e9e d\u2019histoire local.<\/p>\n","protected":false},"excerpt":{"rendered":"\u00ab D\u2019une audace folle \u00bb L\u2019incendie du ch\u00e2teau de Heidelberg, c\u2019est lui. Un homme \u00ab\u00a0d\u2019une audace folle\u00a0\u00bb, selon&hellip;\n","protected":false},"author":2,"featured_media":241098,"comment_status":"","ping_status":"","sticky":false,"template":"","format":"standard","meta":{"footnotes":"","_share_on_mastodon":"0"},"categories":[101],"tags":[126,124,125,12,13,18,17,127,96,95],"class_list":["post-241097","post","type-post","status-publish","format-standard","has-post-thumbnail","category-arts-et-design","tag-arts","tag-arts-and-design","tag-arts-et-design","tag-be","tag-be-fr","tag-belgique","tag-belgium","tag-design","tag-divertissement","tag-entertainment"],"share_on_mastodon":{"url":"https:\/\/pubeurope.com\/@be_fr\/117223155953865699","error":""},"_links":{"self":[{"href":"https:\/\/www.europesays.com\/be-fr\/wp-json\/wp\/v2\/posts\/241097","targetHints":{"allow":["GET"]}}],"collection":[{"href":"https:\/\/www.europesays.com\/be-fr\/wp-json\/wp\/v2\/posts"}],"about":[{"href":"https:\/\/www.europesays.com\/be-fr\/wp-json\/wp\/v2\/types\/post"}],"author":[{"embeddable":true,"href":"https:\/\/www.europesays.com\/be-fr\/wp-json\/wp\/v2\/users\/2"}],"replies":[{"embeddable":true,"href":"https:\/\/www.europesays.com\/be-fr\/wp-json\/wp\/v2\/comments?post=241097"}],"version-history":[{"count":0,"href":"https:\/\/www.europesays.com\/be-fr\/wp-json\/wp\/v2\/posts\/241097\/revisions"}],"wp:featuredmedia":[{"embeddable":true,"href":"https:\/\/www.europesays.com\/be-fr\/wp-json\/wp\/v2\/media\/241098"}],"wp:attachment":[{"href":"https:\/\/www.europesays.com\/be-fr\/wp-json\/wp\/v2\/media?parent=241097"}],"wp:term":[{"taxonomy":"category","embeddable":true,"href":"https:\/\/www.europesays.com\/be-fr\/wp-json\/wp\/v2\/categories?post=241097"},{"taxonomy":"post_tag","embeddable":true,"href":"https:\/\/www.europesays.com\/be-fr\/wp-json\/wp\/v2\/tags?post=241097"}],"curies":[{"name":"wp","href":"https:\/\/api.w.org\/{rel}","templated":true}]}}