{"id":241109,"date":"2026-09-06T08:39:13","date_gmt":"2026-09-06T08:39:13","guid":{"rendered":"https:\/\/www.europesays.com\/be-fr\/241109\/"},"modified":"2026-09-06T08:39:13","modified_gmt":"2026-09-06T08:39:13","slug":"ladministration-de-trump-se-prepare-a-une-grande-premiere-pour-la-guerre-en-ukraine","status":"publish","type":"post","link":"https:\/\/www.europesays.com\/be-fr\/241109\/","title":{"rendered":"L&rsquo;administration de Trump se pr\u00e9pare \u00e0 une grande premi\u00e8re pour la guerre en Ukraine"},"content":{"rendered":"<p class=\"ap-StoryElement ap-StoryElement--mb ap-StoryText\">La partie russe \u00ab\u00a0s&rsquo;est dite confiante dans la r\u00e9alisation des objectifs fix\u00e9s\u00a0\u00bb, a-t-il ajout\u00e9, sans d\u00e9voiler les objectifs en question.<\/p>\n<p class=\"ap-StoryElement ap-StoryElement--mb ap-StoryText\">Un porte-parole de la Maison Blanche a par la suite d\u00e9clar\u00e9 \u00e0 l&rsquo;AFP que les deux \u00e9missaires \u00ab\u00a0ont discut\u00e9 de plans substantiels pour les prochaines \u00e9tapes, qui seront annonc\u00e9s dans les semaines \u00e0 venir\u00a0\u00bb.<\/p>\n<p><a href=\"https:\/\/www.dhnet.be\/actu\/monde\/2026\/09\/02\/la-tension-est-a-son-paroxysme-entre-lotan-et-la-russie-apres-lattaque-dejouee-a-leipzig-au-bord-de-lacte-de-guerre-KNHC7PFH6JEN5CQFI2KJITY4BA\/\" target=\"_self\" class=\"ap-StoryInterstitialLink ap-StoryElement ap-StoryElement--mb\" rel=\"nofollow noopener\">La tension est \u00e0 son paroxysme entre l&rsquo;OTAN et la Russie apr\u00e8s l&rsquo;attaque d\u00e9jou\u00e9e \u00e0 Leipzig: \u00ab\u00a0Au bord de l&rsquo;acte de guerre\u00a0\u00bb<\/a><\/p>\n<p class=\"ap-StoryElement ap-StoryElement--mb ap-StoryText\">\u00ab\u00a0La situation n&rsquo;est bien s\u00fbr pas simple\u00a0\u00bb, a d\u00e9clar\u00e9 le pr\u00e9sident russe aux deux envoy\u00e9s dans une vaste salle du Kremlin, selon des images diffus\u00e9es par la t\u00e9l\u00e9vision russe.<\/p>\n<p class=\"ap-StoryElement ap-StoryElement--mb ap-StoryText\">Selon le pr\u00e9sident ukrainien Volodymyr Zelensky, il a \u00e9t\u00e9 envisag\u00e9 \u00e0 un moment que MM. Kushner et Witkoff, dont ce sera la premi\u00e8re visite en Ukraine, se d\u00e9placent directement de Moscou \u00e0 Kiev en avion, ce qui aurait \u00e9t\u00e9 exceptionnel.<\/p>\n<p class=\"ap-StoryElement ap-StoryElement--mb ap-StoryText\">L&rsquo;avion gouvernemental am\u00e9ricain transportant les deux \u00e9missaires a finalement atterri aux premi\u00e8res heures de dimanche \u00e0 Rzeszow, en Pologne, pr\u00e8s de la fronti\u00e8re ukrainienne, selon le site de suivi a\u00e9ronautique FlightRadar24.<\/p>\n<p class=\"ap-StoryElement ap-StoryElement--mb ap-StoryText\">Les personnalit\u00e9s se rendant en Ukraine prennent g\u00e9n\u00e9ralement le train \u00e0 partir de pays frontaliers, les a\u00e9roports ukrainiens \u00e9tant ferm\u00e9s depuis le d\u00e9but de la guerre.<\/p>\n<p>Bombardements \u00ab\u00a0d\u00e9monstratifs\u00a0\u00bb<\/p>\n<p class=\"ap-StoryElement ap-StoryElement--mb ap-StoryText\">Dans la nuit de vendredi \u00e0 samedi, des bombardements russes \u00ab\u00a0d\u00e9monstratifs\u00a0\u00bb avaient frapp\u00e9 les deux a\u00e9roports de Kiev, selon M. Zelensky, qui n&rsquo;a pas pr\u00e9cis\u00e9 l&rsquo;ampleur des d\u00e9g\u00e2ts.<\/p>\n<p class=\"ap-StoryElement ap-StoryElement--mb ap-StoryText\">\u00ab\u00a0Il est clair que ces frappes russes sur les a\u00e9roports constituent une r\u00e9action aux discussions et aux pr\u00e9paratifs concernant l&rsquo;\u00e9ventualit\u00e9 d&rsquo;un d\u00e9placement de la partie am\u00e9ricaine en Ukraine par voie a\u00e9rienne et d&rsquo;un atterrissage aux a\u00e9roports de Kiev ou de Boryspil\u00a0\u00bb, avait-il d\u00e9plor\u00e9.<\/p>\n<p class=\"ap-StoryElement ap-StoryElement--mb ap-StoryText\">Les autorit\u00e9s militaires ukrainiennes ont lanc\u00e9 une alerte au drone dans la capitale dimanche \u00e0 l&rsquo;aube, mais l&rsquo;ont lev\u00e9e une vingtaine de minutes plus tard.<\/p>\n<p class=\"ap-StoryElement ap-StoryElement--mb ap-StoryText\">Le porte-parole du Kremlin, Dmitri Peskov, a affirm\u00e9 samedi que Vladimir Poutine avait ordonn\u00e9 de cesser les frappes pour trois jours sur Kiev, le temps des contacts pr\u00e9vus avec ces repr\u00e9sentants du gouvernement am\u00e9ricain.<\/p>\n<p><a href=\"https:\/\/www.dhnet.be\/actu\/monde\/2026\/09\/01\/ils-vont-me-pendre-pourquoi-vladimir-poutine-craint-pour-sa-vie-et-pourrait-se-venger-en-attaquant-leurope-CBAMRUFTNBB3VPWM4XKUIBLODU\/\" target=\"_self\" class=\"ap-StoryInterstitialLink ap-StoryElement ap-StoryElement--mb\" rel=\"nofollow noopener\">\u00ab\u00a0Ils vont me pendre\u00a0\u00bb: pourquoi Vladimir Poutine craint pour sa vie et pourrait se venger en attaquant l&rsquo;Europe<\/a><\/p>\n<p class=\"ap-StoryElement ap-StoryElement--mb ap-StoryText\">Vendredi, Volodymyr Zelensky avait certifi\u00e9 que l&rsquo;Ukraine ne bombarderait pas la Russie pendant ces n\u00e9gociations et demand\u00e9 \u00e0 Moscou d'\u00a0\u00bbassurer r\u00e9ciproquement un cessez-le-feu\u00a0\u00bb pendant \u00ab\u00a0la dur\u00e9e n\u00e9cessaire \u00e0 la conduite\u00a0\u00bb des pourparlers.<\/p>\n<p class=\"ap-StoryElement ap-StoryElement--mb ap-StoryText\">Depuis son retour \u00e0 la Maison Blanche d\u00e9but 2025, Donald Trump a amorc\u00e9 plusieurs cycles de discussions pour tenter de trouver une issue au conflit, le plus meurtrier en Europe depuis la Seconde Guerre mondiale. Mais ces tentatives n&rsquo;ont jusqu&rsquo;\u00e0 pr\u00e9sent men\u00e9 \u00e0 aucune avanc\u00e9e tangible.<\/p>\n<p class=\"ap-StoryElement ap-StoryElement--mb ap-StoryText\">Le pr\u00e9sident am\u00e9ricain n&rsquo;a pas pr\u00e9cis\u00e9 si la proposition transmise par ses \u00e9missaires impliquait une cession de territoires de la part de l&rsquo;Ukraine, comme il l&rsquo;avait laiss\u00e9 entendre auparavant. Il a juste d\u00e9clar\u00e9: \u00ab\u00a0Nous avons une id\u00e9e pour la paix\u00a0\u00bb.<\/p>\n<p class=\"ap-StoryElement ap-StoryElement--mb ap-StoryText\">Il a par ailleurs attribu\u00e9 la guerre, qui a d\u00e9but\u00e9 avec le d\u00e9clenchement d&rsquo;une offensive russe de grande ampleur contre l&rsquo;Ukraine en f\u00e9vrier 2022, \u00e0 un \u00ab\u00a0probl\u00e8me de personnalit\u00e9\u00a0\u00bb entre MM. Zelensky et Poutine.<\/p>\n<p class=\"ap-StoryElement ap-StoryElement--mb ap-StoryText\">Le d\u00e9placement, un \u00e9v\u00e9nement rare, du directeur de la CIA, John Ratcliffe, la semaine derni\u00e8re dans la capitale russe, avait suscit\u00e9 de nombreuses conjectures.<\/p>\n<p><a href=\"https:\/\/www.dhnet.be\/actu\/monde\/2026\/09\/04\/poutine-a-t-il-lintention-dattaquer-lotan-la-reponse-de-donald-trump-XXGH5YGMVZGDPHCQEOR66FOHXI\/\" target=\"_self\" class=\"ap-StoryInterstitialLink ap-StoryElement ap-StoryElement--mb\" rel=\"nofollow noopener\">Poutine a-t-il l&rsquo;intention d&rsquo;attaquer l&rsquo;Otan? La r\u00e9ponse de Donald Trump<\/a><\/p>\n","protected":false},"excerpt":{"rendered":"La partie russe \u00ab\u00a0s&rsquo;est dite confiante dans la r\u00e9alisation des objectifs fix\u00e9s\u00a0\u00bb, a-t-il ajout\u00e9, sans d\u00e9voiler les objectifs&hellip;\n","protected":false},"author":2,"featured_media":241110,"comment_status":"","ping_status":"","sticky":false,"template":"","format":"standard","meta":{"footnotes":"","_share_on_mastodon":"0"},"categories":[8],"tags":[10,12,13,18,17,333,1240,54330,34,35407,44934,4645,11,331,25581,332,567,2509,3075],"class_list":["post-241109","post","type-post","status-publish","format-standard","has-post-thumbnail","category-actualites","tag-actualites","tag-be","tag-be-fr","tag-belgique","tag-belgium","tag-conflit","tag-diplomatie","tag-dmitri-peskov","tag-donald-trump","tag-iouri-ouchakov","tag-jared-kushner","tag-john-ratcliffe","tag-news","tag-russie","tag-steve-witkoff","tag-ukraine","tag-usa","tag-vladimir-poutine","tag-volodymyr-zelensky"],"share_on_mastodon":{"url":"https:\/\/pubeurope.com\/@be_fr\/117223198996203176","error":""},"_links":{"self":[{"href":"https:\/\/www.europesays.com\/be-fr\/wp-json\/wp\/v2\/posts\/241109","targetHints":{"allow":["GET"]}}],"collection":[{"href":"https:\/\/www.europesays.com\/be-fr\/wp-json\/wp\/v2\/posts"}],"about":[{"href":"https:\/\/www.europesays.com\/be-fr\/wp-json\/wp\/v2\/types\/post"}],"author":[{"embeddable":true,"href":"https:\/\/www.europesays.com\/be-fr\/wp-json\/wp\/v2\/users\/2"}],"replies":[{"embeddable":true,"href":"https:\/\/www.europesays.com\/be-fr\/wp-json\/wp\/v2\/comments?post=241109"}],"version-history":[{"count":0,"href":"https:\/\/www.europesays.com\/be-fr\/wp-json\/wp\/v2\/posts\/241109\/revisions"}],"wp:featuredmedia":[{"embeddable":true,"href":"https:\/\/www.europesays.com\/be-fr\/wp-json\/wp\/v2\/media\/241110"}],"wp:attachment":[{"href":"https:\/\/www.europesays.com\/be-fr\/wp-json\/wp\/v2\/media?parent=241109"}],"wp:term":[{"taxonomy":"category","embeddable":true,"href":"https:\/\/www.europesays.com\/be-fr\/wp-json\/wp\/v2\/categories?post=241109"},{"taxonomy":"post_tag","embeddable":true,"href":"https:\/\/www.europesays.com\/be-fr\/wp-json\/wp\/v2\/tags?post=241109"}],"curies":[{"name":"wp","href":"https:\/\/api.w.org\/{rel}","templated":true}]}}