{"id":241135,"date":"2026-09-06T08:54:13","date_gmt":"2026-09-06T08:54:13","guid":{"rendered":"https:\/\/www.europesays.com\/be-fr\/241135\/"},"modified":"2026-09-06T08:54:13","modified_gmt":"2026-09-06T08:54:13","slug":"reportage-dans-leure-immersion-impressionniste-a-velo-de-porte-joie-a-giverny","status":"publish","type":"post","link":"https:\/\/www.europesays.com\/be-fr\/241135\/","title":{"rendered":"REPORTAGE. Dans l\u2019Eure, immersion impressionniste \u00e0 v\u00e9lo, de Porte-Joie \u00e0 Giverny"},"content":{"rendered":"<p>\n                Article premium,<br \/>\n                    R\u00e9serv\u00e9 aux\u00a0abonn\u00e9s\n            <\/p>\n<p class=\"su-standfirst chapeau\">Le long des 50\u00a0km de la Seine \u00e0 v\u00e9lo dans l\u2019Eure, des paysages s\u2019impriment sur les r\u00e9tines\u2026 Avant de revivre dans les toiles vibrantes de Claude Monet et des peintres impressionnistes.<\/p>\n<p>                                        <img decoding=\"async\" class=\"su-media\" src=\"https:\/\/media.ouest-france.fr\/v1\/pictures\/MjAyNjA5Mzg0NjM0MDExN2IyOWYyMjAzMzk0ZmUwZDcyYjhiYzU?width=630&amp;height=354&amp;focuspoint=50%2C25&amp;cropresize=1&amp;client_id=bpeditorial&amp;sign=cfcf17a3449e2a908be2b3e749712b8966737479021b646f28e6d2a05cac7d1e\" alt=\"Un champ de colza se d\u00e9voile timidement. Partir dans l\u2019Eure, avril\u00a02026.\"  \/><\/p>\n<p>                            Un champ de colza se d\u00e9voile timidement. Partir dans l\u2019Eure, avril\u00a02026. | ANNE-FLORE HERV\u00c9, OUEST-FRANCE<\/p>\n<p>                            fermer<\/p>\n<p><img decoding=\"async\" data-ofmaxheight=\"\" class=\"su-media lazyload\" alt=\"Un champ de colza se d\u00e9voile timidement. Partir dans l\u2019Eure, avril\u00a02026.\" src=\"data:image\/png;base64,iVBORw0KGgoAAAANSUhEUgAAABAAAAAJCAYAAAA7KqwyAAAAGXRFWHRTb2Z0d2FyZQBBZG9iZSBJbWFnZVJlYWR5ccllPAAAABhJREFUeNpi\/P\/\/PwMlgHHUgFEDgAAgwAD+lBrvy+NcxAAAAABJRU5ErkJggg==\" data-oflazyload=\"{&quot;srcset&quot;:&quot;https:\/\/media.ouest-france.fr\/v1\/pictures\/MjAyNjA5Mzg0NjM0MDExN2IyOWYyMjAzMzk0ZmUwZDcyYjhiYzU?width=320&amp;focuspoint=50%2C25&amp;cropresize=1&amp;client_id=bpeditorial&amp;sign=64e6266c940106991e0fc6a3b5f130419cc84d283a1bab73ac35e5d2a1d54cad 320w,https:\/\/media.ouest-france.fr\/v1\/pictures\/MjAyNjA5Mzg0NjM0MDExN2IyOWYyMjAzMzk0ZmUwZDcyYjhiYzU?width=375&amp;focuspoint=50%2C25&amp;cropresize=1&amp;client_id=bpeditorial&amp;sign=3a2ddc1d7827511ea9dd53526e01bcd8ae53bc4bcd3dd62da9de884704f7fba0 360w,https:\/\/media.ouest-france.fr\/v1\/pictures\/MjAyNjA5Mzg0NjM0MDExN2IyOWYyMjAzMzk0ZmUwZDcyYjhiYzU?width=480&amp;focuspoint=50%2C25&amp;cropresize=1&amp;client_id=bpeditorial&amp;sign=8c463e541b5c3e5b76d3b198322711435c99631524b0b97e61c3e30979a95bbb 480w,https:\/\/media.ouest-france.fr\/v1\/pictures\/MjAyNjA5Mzg0NjM0MDExN2IyOWYyMjAzMzk0ZmUwZDcyYjhiYzU?width=630&amp;focuspoint=50%2C25&amp;cropresize=1&amp;client_id=bpeditorial&amp;sign=e8810491fb9ecabf07c97de57039a330fccea0746fd61cb1aa4a0d886dd99fc2 630w,https:\/\/media.ouest-france.fr\/v1\/pictures\/MjAyNjA5Mzg0NjM0MDExN2IyOWYyMjAzMzk0ZmUwZDcyYjhiYzU?width=940&amp;focuspoint=50%2C25&amp;cropresize=1&amp;client_id=bpeditorial&amp;sign=459244dbfc3fd743968a911571d425f8b29ccf96f5e591e9200e48c97c12a837 940w,https:\/\/media.ouest-france.fr\/v1\/pictures\/MjAyNjA5Mzg0NjM0MDExN2IyOWYyMjAzMzk0ZmUwZDcyYjhiYzU?width=1260&amp;focuspoint=50%2C25&amp;cropresize=1&amp;client_id=bpeditorial&amp;sign=257e62f335cded1eb9a0ce253d64052289712a984545018193232faa976ab83f 1260w&quot;}\"\/>Un champ de colza se d\u00e9voile timidement. Partir dans l\u2019Eure, avril\u00a02026. | ANNE-FLORE HERV\u00c9, OUEST-FRANCE                            <\/p>\n<p data-ofstats-scroll=\"read_depth_10\">Avant d\u2019enfourcher le v\u00e9lo d\u00e8s potron-minet, un temps de d\u00e9connexion la veille est recommand\u00e9 pour une mise en condition en douceur, dans l\u2019<a href=\"https:\/\/www.ouest-france.fr\/normandie\/eure\/\" target=\"_self\" rel=\"nofollow noopener\">Eure<\/a>. Depuis la route de Porte-Joie, impossible d\u2019apercevoir le fleuve. Pourtant, il faut oser prendre l\u2019une des voies sans issue pour atteindre la Seine et emprunter \u00e0 pied le chemin de halage verdoyant jusqu\u2019\u00e0 Tournedos-sur-Seine ou au-del\u00e0.<\/p>\n<p>Ici, les v\u00e9los n\u2019ont pas acc\u00e8s et chaque riverain entretient le morceau de berge devant sa maison, explique Olivier, ex-Parisien venu d\u00e9poser ses valises dans ce coin bucolique il y a sept ans&#8230;.<\/p>\n<p style=\"text-align: center; background-color: #dbbe4d; padding-top: 5px; padding-bottom: 5px; font-size: 14px;\">D\u00e9j\u00e0 abonn\u00e9 ? <a data-trkartmonet=\"Identification\" data-trk-sipa=\"{\" blockcategory=\"\" paywall=\"\" href=\"http:\/\/www.ouest-france.fr\/login?redirect=https:\/\/www.ouest-france.fr\/normandie\/eure\/reportage-dans-leure-immersion-impressionniste-a-velo-de-porte-joie-a-giverny-668213ee-4960-11f1-8d14-8d13dcb22116\" rel=\"nofollow noopener\" title=\"Se connecter \u00e0 Ouest-France\" class=\"su-link-light\" target=\"_blank\">Connectez-vous<\/a><\/p>\n<p style=\"text-align: center; padding-top: 15px; padding-bottom: 8px; vertical-align: bottom;\">bloqu\u00e9 Pour lire la suite, abonnez-vous<\/p>\n<p style=\"text-align: center;\">1er mois \u00e0 1\u20ac<\/p>\n<p style=\"text-align: center; margin-top: -5px;\">Annulable \u00e0 tout moment<\/p>\n<p style=\"text-align: center;\">\u00a0<\/p>\n<p style=\"text-align: center;\"><a data-ida=\"\" data-trkartmonet=\"Tunnel OF+\" data-trk-sipa=\"{&#010;\" blockcategory=\"\" paywall=\"\" :=\"\" m=\"\" of=\"\" class=\"su-button su-subscription\" data-trk-bloc=\"paywall\" href=\"https:\/\/abonnement.ouest-france.fr\/tunnel\/pack-essentiel-article\/122096117101?int_medium=lien&amp;int_campaign=PWFR0225-OF&amp;int_content=page-article-payant_boutonjaune-paywall&amp;marquesource=OF&amp;rt=https:\/\/www.ouest-france.fr\/normandie\/eure\/reportage-dans-leure-immersion-impressionniste-a-velo-de-porte-joie-a-giverny-668213ee-4960-11f1-8d14-8d13dcb22116\" rel=\"nofollow noopener\" target=\"_blank\">Je m&rsquo;abonne<\/a><\/p>\n<p style=\"text-align: center; padding-top: 10px; padding-bottom: 10px;\"><img decoding=\"async\" src=\"https:\/\/media.ouest-france.fr\/v1\/fonts\/be7723fcee3f1866f1ce99184077fc6f-carte-bancaire.svg?height=36\" alt=\"CB\"\/>\u00a0\u00a0<img decoding=\"async\" src=\"https:\/\/media.ouest-france.fr\/v1\/fonts\/1819d54c599d8afa64539cfba4ac9dde-rib.svg?height=36\" alt=\"RIB\"\/>\u00a0\u00a0<img decoding=\"async\" src=\"https:\/\/media.ouest-france.fr\/v1\/fonts\/065fc80d7b6a03d14a834c224ce723e1-paypal.svg?height=36\" alt=\"PAYPAL\"\/><\/p>\n","protected":false},"excerpt":{"rendered":"Article premium, R\u00e9serv\u00e9 aux\u00a0abonn\u00e9s Le long des 50\u00a0km de la Seine \u00e0 v\u00e9lo dans l\u2019Eure, des paysages s\u2019impriment&hellip;\n","protected":false},"author":2,"featured_media":241136,"comment_status":"","ping_status":"","sticky":false,"template":"","format":"standard","meta":{"footnotes":"","_share_on_mastodon":"0"},"categories":[101],"tags":[1183,126,124,125,12,13,18,17,17972,419,127,96,95,20712],"class_list":["post-241135","post","type-post","status-publish","format-standard","has-post-thumbnail","category-arts-et-design","tag-actualite-en-continu","tag-arts","tag-arts-and-design","tag-arts-et-design","tag-be","tag-be-fr","tag-belgique","tag-belgium","tag-conseils-voyage","tag-culture","tag-design","tag-divertissement","tag-entertainment","tag-eure"],"share_on_mastodon":{"url":"https:\/\/pubeurope.com\/@be_fr\/117223258198280743","error":""},"_links":{"self":[{"href":"https:\/\/www.europesays.com\/be-fr\/wp-json\/wp\/v2\/posts\/241135","targetHints":{"allow":["GET"]}}],"collection":[{"href":"https:\/\/www.europesays.com\/be-fr\/wp-json\/wp\/v2\/posts"}],"about":[{"href":"https:\/\/www.europesays.com\/be-fr\/wp-json\/wp\/v2\/types\/post"}],"author":[{"embeddable":true,"href":"https:\/\/www.europesays.com\/be-fr\/wp-json\/wp\/v2\/users\/2"}],"replies":[{"embeddable":true,"href":"https:\/\/www.europesays.com\/be-fr\/wp-json\/wp\/v2\/comments?post=241135"}],"version-history":[{"count":0,"href":"https:\/\/www.europesays.com\/be-fr\/wp-json\/wp\/v2\/posts\/241135\/revisions"}],"wp:featuredmedia":[{"embeddable":true,"href":"https:\/\/www.europesays.com\/be-fr\/wp-json\/wp\/v2\/media\/241136"}],"wp:attachment":[{"href":"https:\/\/www.europesays.com\/be-fr\/wp-json\/wp\/v2\/media?parent=241135"}],"wp:term":[{"taxonomy":"category","embeddable":true,"href":"https:\/\/www.europesays.com\/be-fr\/wp-json\/wp\/v2\/categories?post=241135"},{"taxonomy":"post_tag","embeddable":true,"href":"https:\/\/www.europesays.com\/be-fr\/wp-json\/wp\/v2\/tags?post=241135"}],"curies":[{"name":"wp","href":"https:\/\/api.w.org\/{rel}","templated":true}]}}