{"id":241149,"date":"2026-09-06T09:07:14","date_gmt":"2026-09-06T09:07:14","guid":{"rendered":"https:\/\/www.europesays.com\/be-fr\/241149\/"},"modified":"2026-09-06T09:07:14","modified_gmt":"2026-09-06T09:07:14","slug":"les-dessous-du-parcours-estuaire-de-nantes-a-saint-nazaire-des-oeuvres-pour-tous-les-gouts-de-36-900-e-a-850-200-e","status":"publish","type":"post","link":"https:\/\/www.europesays.com\/be-fr\/241149\/","title":{"rendered":"Les dessous du parcours Estuaire, de Nantes \u00e0 Saint-Nazaire\u00a0: des \u0153uvres pour tous les go\u00fbts, de 36\u00a0900\u00a0\u20ac \u00e0 850\u00a0200\u00a0\u20ac"},"content":{"rendered":"<p data-ofstats-scroll=\"read_depth_10\">Quelles sont les \u0153uvres les plus \u00ab\u00a0pr\u00e9cieuses\u00a0\u00bb, en termes de valeur patrimoniale, du parcours Estuaire, mus\u00e9e d\u2019art contemporain \u00e0 ciel ouvert donnant \u00e0 voir une trentaine d\u2019\u0153uvres r\u00e9parties au fil de la Loire, entre Nantes et Saint-Nazaire\u00a0?<\/p>\n<p data-ofstats-scroll=\"read_depth_30\">L\u2019\u0153uvre la plus on\u00e9reuse\u00a0(850\u00a0000\u00a0\u20ac) est l\u2019Observatoire, con\u00e7u \u00e0 Lavau-sur-Loire par l\u2019artiste japonais Tadashi Kawamata. L\u2019installation, apparue dans le paysage en 2007, offre une vue panoramique sur l\u2019estuaire. Elle a \u00e9t\u00e9 compl\u00e9t\u00e9e par une passerelle livr\u00e9e deux ans plus tard, qui a mobilis\u00e9 un investissement suppl\u00e9mentaire de 600\u00a0000\u00a0\u20ac. Ladite passerelle est d\u00e9sormais menac\u00e9e de d\u00e9mant\u00e8lement \u00e0 l\u2019automne, en raison de sa d\u00e9gradation, ce qui suscite <a href=\"https:\/\/www.ouest-france.fr\/culture\/arts\/une-mobilisation-citoyenne-pour-tenter-de-sauver-la-passerelle-de-lartiste-tadashi-kawamata-fef3e88a-a2b3-11f1-8465-547a0964275c?utm_source=troove&amp;utm_medium=site\" target=\"_blank\" rel=\"nofollow noopener\">la col\u00e8re d\u2019habitants et d\u2019\u00e9lus, jugeant <\/a> <a href=\"https:\/\/www.ouest-france.fr\/culture\/arts\/une-mobilisation-citoyenne-pour-tenter-de-sauver-la-passerelle-de-lartiste-tadashi-kawamata-fef3e88a-a2b3-11f1-8465-547a0964275c?utm_source=troove&amp;utm_medium=site\" target=\"_blank\" rel=\"nofollow noopener\">\u00ab\u00a0la passerelle indissociable de l\u2019Observatoire\u00a0\u00bb<\/a>.<\/p>\n<p data-ofstats-scroll=\"read_depth_40\">Tadashi Kawamata a donn\u00e9 son feu vert pour l\u2019enl\u00e8vement de \u00ab\u00a0son\u00a0\u00bb cheminement pi\u00e9tonnier, indique le Voyage \u00e0 Nantes, qui rappelle que l\u2019Observatoire demeurera accessible au public par un chemin qui va faire l\u2019objet d\u2019un r\u00e9am\u00e9nagement.<\/p>\n<p>        Maison dans la Loire et Serpent d\u2019oc\u00e9an\u00a0: des installations ancr\u00e9es dans le paysage<\/p>\n<p data-ofstats-scroll=\"read_depth_50\">Jean-Luc Courcoult, fondateur et metteur en sc\u00e8ne de la compagnie Royal de Luxe, occupe la deuxi\u00e8me place du palmar\u00e8s des artistes ayant sign\u00e9 les \u0153uvres les plus ch\u00e8res, avec sa Maison dans la Loire, arrim\u00e9e dans le fleuve \u00e0 Cou\u00ebron. Co\u00fbt annonc\u00e9\u00a0: 800\u00a0917\u00a0\u20ac.<\/p>\n<p>                        <img decoding=\"async\" class=\"su-media\" title=\"La Maison dans la Loire, de Jean-Luc Courcoult, \u00e0 Cou\u00ebron.\" src=\"data:image\/png;base64,iVBORw0KGgoAAAANSUhEUgAAABAAAAAJCAYAAAA7KqwyAAAAGXRFWHRTb2Z0d2FyZQBBZG9iZSBJbWFnZVJlYWR5ccllPAAAABhJREFUeNpi\/P\/\/PwMlgHHUgFEDgAAgwAD+lBrvy+NcxAAAAABJRU5ErkJggg==\" data-oflazyload=\"{&quot;srcset&quot;:&quot;https:\/\/media.ouest-france.fr\/v1\/pictures\/MjAyNjA5NTMzZGY5OWI5MTMxZTY5NWUwNWU2OTEzZGJlNWJmMDQ?width=320&amp;focuspoint=50%2C25&amp;cropresize=1&amp;client_id=bpeditorial&amp;sign=343c49bc68f75a1ed3a4747b81da83cca6b9b9c50635f2d6fc476d2178cb3773 280w, https:\/\/media.ouest-france.fr\/v1\/pictures\/MjAyNjA5NTMzZGY5OWI5MTMxZTY5NWUwNWU2OTEzZGJlNWJmMDQ?width=375&amp;focuspoint=50%2C25&amp;cropresize=1&amp;client_id=bpeditorial&amp;sign=476e69c0c30142469f7686cb986ba798fb6f53bcfb7af74d09a2c094d9062f4d 360w, https:\/\/media.ouest-france.fr\/v1\/pictures\/MjAyNjA5NTMzZGY5OWI5MTMxZTY5NWUwNWU2OTEzZGJlNWJmMDQ?width=480&amp;focuspoint=50%2C25&amp;cropresize=1&amp;client_id=bpeditorial&amp;sign=7efc7573f1c0d2e3442ead401b1182ad371fe42df603e3f10012814a908fcf79 480w, https:\/\/media.ouest-france.fr\/v1\/pictures\/MjAyNjA5NTMzZGY5OWI5MTMxZTY5NWUwNWU2OTEzZGJlNWJmMDQ?width=630&amp;focuspoint=50%2C25&amp;cropresize=1&amp;client_id=bpeditorial&amp;sign=14d5817db243fda7af2d2b3c30f78baf928db30b623901c623281d94c3153f82 630w, https:\/\/media.ouest-france.fr\/v1\/pictures\/MjAyNjA5NTMzZGY5OWI5MTMxZTY5NWUwNWU2OTEzZGJlNWJmMDQ?width=940&amp;focuspoint=50%2C25&amp;cropresize=1&amp;client_id=bpeditorial&amp;sign=6ace32afc923794679e84381711d168c16b12de7e53c0632995720cd49155233 940w, https:\/\/media.ouest-france.fr\/v1\/pictures\/MjAyNjA5NTMzZGY5OWI5MTMxZTY5NWUwNWU2OTEzZGJlNWJmMDQ?width=1260&amp;focuspoint=50%2C25&amp;cropresize=1&amp;client_id=bpeditorial&amp;sign=e196167b9b7b93fb05a11737e8997b5f74567d29dcbe6aa6711c6fedc9e5ffab 1260w&quot; }\"\/><\/p>\n<p>                    La Maison dans la Loire, de Jean-Luc Courcoult, \u00e0 Cou\u00ebron. | PHOTO ARCHIVES PO-OLIVIER LANRIVAIN<br \/>\n                    Voir en plein \u00e9cran<\/p>\n<p>                    <img decoding=\"async\" class=\"media\" title=\"La Maison dans la Loire, de Jean-Luc Courcoult, \u00e0 Cou\u00ebron.\" data-oflazyload=\"{&quot;srcset&quot;:&quot;https:\/\/media.ouest-france.fr\/v1\/pictures\/MjAyNjA5NTMzZGY5OWI5MTMxZTY5NWUwNWU2OTEzZGJlNWJmMDQ?width=320&amp;focuspoint=50%2C25&amp;cropresize=1&amp;client_id=bpeditorial&amp;sign=343c49bc68f75a1ed3a4747b81da83cca6b9b9c50635f2d6fc476d2178cb3773 280w, https:\/\/media.ouest-france.fr\/v1\/pictures\/MjAyNjA5NTMzZGY5OWI5MTMxZTY5NWUwNWU2OTEzZGJlNWJmMDQ?width=375&amp;focuspoint=50%2C25&amp;cropresize=1&amp;client_id=bpeditorial&amp;sign=476e69c0c30142469f7686cb986ba798fb6f53bcfb7af74d09a2c094d9062f4d 360w, https:\/\/media.ouest-france.fr\/v1\/pictures\/MjAyNjA5NTMzZGY5OWI5MTMxZTY5NWUwNWU2OTEzZGJlNWJmMDQ?width=480&amp;focuspoint=50%2C25&amp;cropresize=1&amp;client_id=bpeditorial&amp;sign=7efc7573f1c0d2e3442ead401b1182ad371fe42df603e3f10012814a908fcf79 480w, https:\/\/media.ouest-france.fr\/v1\/pictures\/MjAyNjA5NTMzZGY5OWI5MTMxZTY5NWUwNWU2OTEzZGJlNWJmMDQ?width=630&amp;focuspoint=50%2C25&amp;cropresize=1&amp;client_id=bpeditorial&amp;sign=14d5817db243fda7af2d2b3c30f78baf928db30b623901c623281d94c3153f82 630w, https:\/\/media.ouest-france.fr\/v1\/pictures\/MjAyNjA5NTMzZGY5OWI5MTMxZTY5NWUwNWU2OTEzZGJlNWJmMDQ?width=940&amp;focuspoint=50%2C25&amp;cropresize=1&amp;client_id=bpeditorial&amp;sign=6ace32afc923794679e84381711d168c16b12de7e53c0632995720cd49155233 940w, https:\/\/media.ouest-france.fr\/v1\/pictures\/MjAyNjA5NTMzZGY5OWI5MTMxZTY5NWUwNWU2OTEzZGJlNWJmMDQ?width=1260&amp;focuspoint=50%2C25&amp;cropresize=1&amp;client_id=bpeditorial&amp;sign=e196167b9b7b93fb05a11737e8997b5f74567d29dcbe6aa6711c6fedc9e5ffab 1260w&quot; }\"\/><br \/>\n                    La Maison dans la Loire, de Jean-Luc Courcoult, \u00e0 Cou\u00ebron. | PHOTO ARCHIVES PO-OLIVIER LANRIVAIN<\/p>\n<p data-ofstats-scroll=\"read_depth_60\">Tandis que Huang Yong Ping et son Serpent d\u2019oc\u00e9an \u2013 plong\u00e9 les \u00ab\u00a0pattes\u00a0\u00bb dans le sable \u00e0 Saint-Brevin-les-Pins et chiffr\u00e9 au centime pr\u00e8s \u00e0 750\u00a0595,10\u00a0\u20ac \u2013 bouclent le podium du club des trois \u0153uvres les plus dispendieuses d\u2019Estuaire. Trois \u0153uvres et installations co\u00fbteuses, certes, mais qui sont incontestablement ancr\u00e9es dans le paysage lig\u00e9rien, et dans le c\u0153ur des habitants.<\/p>\n<p data-ofstats-scroll=\"read_depth_70\"><a href=\"https:\/\/www.ouest-france.fr\/pays-de-la-loire\/nantes-44000\/50-glorieuses-les-annees-2000-la-culture-s-impose-a-nantes-25252db6-875c-11ec-bf1f-1ae6698675cd?utm_source=troove&amp;utm_medium=site\" target=\"_blank\" rel=\"nofollow noopener\">Il est de m\u00eame \u00e0 Nantes des Anneaux, sign\u00e9s Daniel Buren et Patrick Bouchain, propuls\u00e9s au statut d\u2019embl\u00e8me de la ville<\/a>. Lesquels n\u2019ont co\u00fbt\u00e9 \u00ab\u00a0que\u00a0\u00bb 312\u00a0000\u00a0\u20ac. Ou de la Villa chemin\u00e9e, imagin\u00e9e par Tatzu Nishi, maisonnette \u2013 qui fait fonction de chambre d\u2019h\u00f4tes insolite \u2013 \u00e9rig\u00e9e sur une r\u00e9plique miniature des chemin\u00e9es de la centrale de Cordemais\u00a0; l\u2019installation a n\u00e9cessit\u00e9 un investissement avoisinant 560\u00a0000\u00a0\u20ac.<\/p>\n<p>                        <img decoding=\"async\" class=\"su-media\" title=\"La Villa chemin\u00e9e de Tatzu Nishi, \u00e0 Cordemais.\" src=\"data:image\/png;base64,iVBORw0KGgoAAAANSUhEUgAAABAAAAAJCAYAAAA7KqwyAAAAGXRFWHRTb2Z0d2FyZQBBZG9iZSBJbWFnZVJlYWR5ccllPAAAABhJREFUeNpi\/P\/\/PwMlgHHUgFEDgAAgwAD+lBrvy+NcxAAAAABJRU5ErkJggg==\" data-oflazyload=\"{&quot;srcset&quot;:&quot;https:\/\/media.ouest-france.fr\/v1\/pictures\/MjAyNjA5OGVmNmU5MjJjZThjMjY2ODljMWY4NDQ3YTE0YzQ2NmI?width=320&amp;focuspoint=50%2C25&amp;cropresize=1&amp;client_id=bpeditorial&amp;sign=a7a67c8b739e244c5530ad905ecf4e9baa5fcf35a98580f941e16f7330dce0fe 280w, https:\/\/media.ouest-france.fr\/v1\/pictures\/MjAyNjA5OGVmNmU5MjJjZThjMjY2ODljMWY4NDQ3YTE0YzQ2NmI?width=375&amp;focuspoint=50%2C25&amp;cropresize=1&amp;client_id=bpeditorial&amp;sign=c30df094d44f2b1720f43d911492f85a939085f1e0f88b1dafe05db51c2b5a93 360w, https:\/\/media.ouest-france.fr\/v1\/pictures\/MjAyNjA5OGVmNmU5MjJjZThjMjY2ODljMWY4NDQ3YTE0YzQ2NmI?width=480&amp;focuspoint=50%2C25&amp;cropresize=1&amp;client_id=bpeditorial&amp;sign=c6422e0ae00a48d8c8a86d35d7187c763b54695993ebf526103647ffd220d95e 480w, https:\/\/media.ouest-france.fr\/v1\/pictures\/MjAyNjA5OGVmNmU5MjJjZThjMjY2ODljMWY4NDQ3YTE0YzQ2NmI?width=630&amp;focuspoint=50%2C25&amp;cropresize=1&amp;client_id=bpeditorial&amp;sign=3f31a25c384d290e902fcafe27b3b244e61f71b89a8a93f026f326e8eec8379f 630w, https:\/\/media.ouest-france.fr\/v1\/pictures\/MjAyNjA5OGVmNmU5MjJjZThjMjY2ODljMWY4NDQ3YTE0YzQ2NmI?width=940&amp;focuspoint=50%2C25&amp;cropresize=1&amp;client_id=bpeditorial&amp;sign=33525aa37f942a90db01095a4cce32b4d5b19c85fbbc274c29e39329247f5a98 940w, https:\/\/media.ouest-france.fr\/v1\/pictures\/MjAyNjA5OGVmNmU5MjJjZThjMjY2ODljMWY4NDQ3YTE0YzQ2NmI?width=1260&amp;focuspoint=50%2C25&amp;cropresize=1&amp;client_id=bpeditorial&amp;sign=373a8959f5c3b295ad1e45730ede203c6ca0afb24cea8945f9338e03712ea7f7 1260w&quot; }\"\/><\/p>\n<p>                    La Villa chemin\u00e9e de Tatzu Nishi, \u00e0 Cordemais. | PHOTO ARCHIVES PRESSE OC\u00c9AN-OLIVIER LANRIVAIN<br \/>\n                    Voir en plein \u00e9cran<\/p>\n<p>                    <img decoding=\"async\" class=\"media\" title=\"La Villa chemin\u00e9e de Tatzu Nishi, \u00e0 Cordemais.\" data-oflazyload=\"{&quot;srcset&quot;:&quot;https:\/\/media.ouest-france.fr\/v1\/pictures\/MjAyNjA5OGVmNmU5MjJjZThjMjY2ODljMWY4NDQ3YTE0YzQ2NmI?width=320&amp;focuspoint=50%2C25&amp;cropresize=1&amp;client_id=bpeditorial&amp;sign=a7a67c8b739e244c5530ad905ecf4e9baa5fcf35a98580f941e16f7330dce0fe 280w, https:\/\/media.ouest-france.fr\/v1\/pictures\/MjAyNjA5OGVmNmU5MjJjZThjMjY2ODljMWY4NDQ3YTE0YzQ2NmI?width=375&amp;focuspoint=50%2C25&amp;cropresize=1&amp;client_id=bpeditorial&amp;sign=c30df094d44f2b1720f43d911492f85a939085f1e0f88b1dafe05db51c2b5a93 360w, https:\/\/media.ouest-france.fr\/v1\/pictures\/MjAyNjA5OGVmNmU5MjJjZThjMjY2ODljMWY4NDQ3YTE0YzQ2NmI?width=480&amp;focuspoint=50%2C25&amp;cropresize=1&amp;client_id=bpeditorial&amp;sign=c6422e0ae00a48d8c8a86d35d7187c763b54695993ebf526103647ffd220d95e 480w, https:\/\/media.ouest-france.fr\/v1\/pictures\/MjAyNjA5OGVmNmU5MjJjZThjMjY2ODljMWY4NDQ3YTE0YzQ2NmI?width=630&amp;focuspoint=50%2C25&amp;cropresize=1&amp;client_id=bpeditorial&amp;sign=3f31a25c384d290e902fcafe27b3b244e61f71b89a8a93f026f326e8eec8379f 630w, https:\/\/media.ouest-france.fr\/v1\/pictures\/MjAyNjA5OGVmNmU5MjJjZThjMjY2ODljMWY4NDQ3YTE0YzQ2NmI?width=940&amp;focuspoint=50%2C25&amp;cropresize=1&amp;client_id=bpeditorial&amp;sign=33525aa37f942a90db01095a4cce32b4d5b19c85fbbc274c29e39329247f5a98 940w, https:\/\/media.ouest-france.fr\/v1\/pictures\/MjAyNjA5OGVmNmU5MjJjZThjMjY2ODljMWY4NDQ3YTE0YzQ2NmI?width=1260&amp;focuspoint=50%2C25&amp;cropresize=1&amp;client_id=bpeditorial&amp;sign=373a8959f5c3b295ad1e45730ede203c6ca0afb24cea8945f9338e03712ea7f7 1260w&quot; }\"\/><br \/>\n                    La Villa chemin\u00e9e de Tatzu Nishi, \u00e0 Cordemais. | PHOTO ARCHIVES PRESSE OC\u00c9AN-OLIVIER LANRIVAIN<\/p>\n<p data-ofstats-scroll=\"read_depth_90\">\u00c0 cette aune, <a href=\"https:\/\/www.ouest-france.fr\/pays-de-la-loire\/loire-atlantique\/l-ete-en-loire-atlantique-le-bateau-mou-oeuvre-discrete-et-originale-fcf6445e-f90f-11eb-bfc0-b73bf8d3db27?utm_source=troove&amp;utm_medium=site\" target=\"_blank\" rel=\"nofollow noopener\">la facture de Misconceivable, le c\u00e9l\u00e8bre \u00ab\u00a0bateau mou\u00a0\u00bb d\u2019Erwin Wurm pos\u00e9 au bout du canal de la Martini\u00e8re au Pellerin, appara\u00eet plus que modeste<\/a>, pointant \u00e0 moins de 94\u00a0000\u00a0\u20ac. Tout comme la Suite de triangles de Felice Varini\u00a0(170\u00a0000\u00a0\u20ac), triangles rouges peints sur des silos et b\u00e2timents du port de Saint-Nazaire.<\/p>\n<p data-ofstats-scroll=\"read_depth_100\">L\u2019\u0153uvre la moins ch\u00e8re\u00a0? Air, de Rolf Julius, qui a dot\u00e9 le b\u00e2timent Manny, sur l\u2019\u00eele de Nantes, d\u2019un habillage m\u00e9tallique \u00e9mettant cliquetis m\u00e9talliques et vagues chants d\u2019oiseaux. Chiffrage rigoureusement \u00e9tabli \u00e0 36\u00a0902,22\u00a0\u20ac par la soci\u00e9t\u00e9 publique locale Le Voyage \u00e0 Nantes.<\/p>\n","protected":false},"excerpt":{"rendered":"Quelles sont les \u0153uvres les plus \u00ab\u00a0pr\u00e9cieuses\u00a0\u00bb, en termes de valeur patrimoniale, du parcours Estuaire, mus\u00e9e d\u2019art contemporain&hellip;\n","protected":false},"author":2,"featured_media":241150,"comment_status":"","ping_status":"","sticky":false,"template":"","format":"standard","meta":{"footnotes":"","_share_on_mastodon":"0"},"categories":[101],"tags":[7432,126,124,125,12,13,18,17,38098,127,96,95,75143,41872,1550,14012,1182],"class_list":["post-241149","post","type-post","status-publish","format-standard","has-post-thumbnail","category-arts-et-design","tag-art-contemporain","tag-arts","tag-arts-and-design","tag-arts-et-design","tag-be","tag-be-fr","tag-belgique","tag-belgium","tag-coueron","tag-design","tag-divertissement","tag-entertainment","tag-lavau-sur-loire","tag-le-pellerin","tag-nantes","tag-saint-nazaire","tag-une"],"share_on_mastodon":{"url":"https:\/\/pubeurope.com\/@be_fr\/117223309343659434","error":""},"_links":{"self":[{"href":"https:\/\/www.europesays.com\/be-fr\/wp-json\/wp\/v2\/posts\/241149","targetHints":{"allow":["GET"]}}],"collection":[{"href":"https:\/\/www.europesays.com\/be-fr\/wp-json\/wp\/v2\/posts"}],"about":[{"href":"https:\/\/www.europesays.com\/be-fr\/wp-json\/wp\/v2\/types\/post"}],"author":[{"embeddable":true,"href":"https:\/\/www.europesays.com\/be-fr\/wp-json\/wp\/v2\/users\/2"}],"replies":[{"embeddable":true,"href":"https:\/\/www.europesays.com\/be-fr\/wp-json\/wp\/v2\/comments?post=241149"}],"version-history":[{"count":0,"href":"https:\/\/www.europesays.com\/be-fr\/wp-json\/wp\/v2\/posts\/241149\/revisions"}],"wp:featuredmedia":[{"embeddable":true,"href":"https:\/\/www.europesays.com\/be-fr\/wp-json\/wp\/v2\/media\/241150"}],"wp:attachment":[{"href":"https:\/\/www.europesays.com\/be-fr\/wp-json\/wp\/v2\/media?parent=241149"}],"wp:term":[{"taxonomy":"category","embeddable":true,"href":"https:\/\/www.europesays.com\/be-fr\/wp-json\/wp\/v2\/categories?post=241149"},{"taxonomy":"post_tag","embeddable":true,"href":"https:\/\/www.europesays.com\/be-fr\/wp-json\/wp\/v2\/tags?post=241149"}],"curies":[{"name":"wp","href":"https:\/\/api.w.org\/{rel}","templated":true}]}}