{"id":241157,"date":"2026-09-06T09:14:13","date_gmt":"2026-09-06T09:14:13","guid":{"rendered":"https:\/\/www.europesays.com\/be-fr\/241157\/"},"modified":"2026-09-06T09:14:13","modified_gmt":"2026-09-06T09:14:13","slug":"bepicolombo-amorce-sa-mise-en-orbite-autour-de-mercure","status":"publish","type":"post","link":"https:\/\/www.europesays.com\/be-fr\/241157\/","title":{"rendered":"BepiColombo amorce sa mise en orbite autour de Mercure"},"content":{"rendered":"<p>En r\u00e9sum\u00e9 :<\/p>\n<p>la sonde s&rsquo;est d\u00e9lest\u00e9e de son module de croisi\u00e8re le 3 septembre 2026, \u00e0 plus de 200 millions de kilom\u00e8tres de la Terre;<\/p>\n<p>l&rsquo;insertion en orbite est pr\u00e9vue le 21 novembre 2026, et les premi\u00e8res donn\u00e9es scientifiques, le 6 avril 2027;<\/p>\n<p>Mercure encaisse des \u00e9carts de temp\u00e9rature de plus de 600 \u00b0C entre le jour et la nuit.<\/p>\n<p>Un stationnement qui dure six mois<\/p>\n<p>Pas de freinage spectaculaire ici. L\u00e0 o\u00f9 la plupart des sondes ex\u00e9cutent une seule grande man\u0153uvre, BepiColombo doit s&rsquo;y prendre tout en douceur pendant six mois, port\u00e9e par la gravit\u00e9 de Mercure et par de petites pouss\u00e9es bien dos\u00e9es. Un peu comme reculer dans un espace de stationnement trop serr\u00e9\u2026 avec une vingtaine de minutes de d\u00e9lai entre le volant et les roues, puisqu&rsquo;aucune correction en temps r\u00e9el n&rsquo;est possible \u00e0 cette distance.<\/p>\n<p><img url=\"\/\/images.twnmm.com\/c55i45ef3o2a\/gnizTtXvtmNNXeP4Y4mc9\/ca3c2ec43d033cfdb8cbdb7f96fd3f26\/1567214836642-MESSENGER_PIA18145_625.jpg\" alt=\"Man\u0153uvre d\u00e9licate \u00e0 200 millions de km : la mission BepiColombo entre dans sa phase critique \" loading=\"lazy\" decoding=\"async\" data-nimg=\"fill\" style=\"position:absolute;height:100%;width:100%;left:0;top:0;right:0;bottom:0;object-fit:contain;object-position:center center;color:transparent\"   src=\"https:\/\/www.europesays.com\/be-fr\/wp-content\/uploads\/2026\/09\/1567214836642-MESSENGER_PIA18145_625.jpg\"\/><\/p>\n<p>Cr\u00e9dit : NASA\/Johns Hopkins University Applied Physics Laboratory\/Carnegie Institution of Washington<\/p>\n<p>Des extr\u00eames\u2026 et de la glace !<\/p>\n<p>Imaginez un endroit o\u00f9 le mercure grimpe \u00e0 450 \u00b0C le jour et plonge \u00e0 \u2212180 \u00b0C la nuit. Sans atmosph\u00e8re pour redistribuer la chaleur, la plan\u00e8te subit tout de plein fouet. Le plus \u00e9tonnant : au fond de certains crat\u00e8res polaires que le Soleil n&rsquo;atteint jamais se cacherait de la glace d&rsquo;eau. Du frimas \u00e0 quelques dizaines de millions de kilom\u00e8tres du Soleil, c\u2019est quand m\u00eame incroyable.<\/p>\n<p><img url=\"\/\/images.twnmm.com\/c55i45ef3o2a\/QDBW1pMC751i6tr5DnKn7\/c14a85ea4f34006f5fe2b7e24ac4fae7\/2_feature_1600x900_mercury.jpg\" alt=\"MERCURE NASA\" loading=\"lazy\" decoding=\"async\" data-nimg=\"fill\" style=\"position:absolute;height:100%;width:100%;left:0;top:0;right:0;bottom:0;object-fit:contain;object-position:center center;color:transparent\"   src=\"https:\/\/www.europesays.com\/be-fr\/wp-content\/uploads\/2026\/09\/2_feature_1600x900_mercury.jpg\"\/><\/p>\n<p>Cr\u00e9dit : NASA<\/p>\n<p>Deux sondes valent mieux qu&rsquo;une<\/p>\n<p>Lanc\u00e9e en 2018, cette mission europ\u00e9enne et japonaise transporte deux orbiteurs. Le MPO cartographiera la surface et sondera l&rsquo;immense noyau de fer de la plan\u00e8te, tandis que Mio scrutera son champ magn\u00e9tique. Les deux se s\u00e9pareront vers le 9 d\u00e9cembre pour travailler en duo, une premi\u00e8re autour de Mercure.<\/p>\n<p><img url=\"\/\/images.twnmm.com\/c55i45ef3o2a\/3LOh81aLwyWOqSdecCOYds\/9c5ac821751df93039e10b9baf648de5\/BepiColombo_MTM_M-CAM1_Farewell_Earth_20200410T171336_625.jpg\" alt=\"Man\u0153uvre d\u00e9licate \u00e0 200 millions de km : la mission BepiColombo entre dans sa phase critique \" loading=\"lazy\" decoding=\"async\" data-nimg=\"fill\" style=\"position:absolute;height:100%;width:100%;left:0;top:0;right:0;bottom:0;object-fit:contain;object-position:center center;color:transparent\"   src=\"https:\/\/www.europesays.com\/be-fr\/wp-content\/uploads\/2026\/09\/BepiColombo_MTM_M-CAM1_Farewell_Earth_20200410T171336_625.jpg\"\/><\/p>\n<p>Cr\u00e9dit : ESA\/BepiColombo\/MTM, CC BY-SA 3.0 IGO<\/p>\n<p>\u00c0 surveiller cet automne<\/p>\n<p>Le 21 novembre, la petite plan\u00e8te la plus proche du Soleil accueillera enfin ses deux visiteurs. Apr\u00e8s huit ans de route et six survols, on peut bien patienter encore quelques semaines.<\/p>\n<p>Source : <a href=\"https:\/\/www.esa.int\/Science_Exploration\/Space_Science\/BepiColombo\/Latest_updates_BepiColombo_s_arrival_at_Mercury\" target=\"_blank\" rel=\"noopener noreferrer nofollow\">European Space Agency (ESA)<\/a><\/p>\n<p>INSOLITE : De la neige l\u00e0 o\u00f9 il n&rsquo;y en a presque jamais<\/p>\n","protected":false},"excerpt":{"rendered":"En r\u00e9sum\u00e9 : la sonde s&rsquo;est d\u00e9lest\u00e9e de son module de croisi\u00e8re le 3 septembre 2026, \u00e0 plus&hellip;\n","protected":false},"author":2,"featured_media":241158,"comment_status":"","ping_status":"","sticky":false,"template":"","format":"standard","meta":{"footnotes":"","_share_on_mastodon":"0"},"categories":[70],"tags":[12,13,18,17,73,71,75,72,76,74],"class_list":["post-241157","post","type-post","status-publish","format-standard","has-post-thumbnail","category-sciences-et-technologies","tag-be","tag-be-fr","tag-belgique","tag-belgium","tag-science","tag-science-and-technology","tag-sciences","tag-sciences-et-technologies","tag-technologies","tag-technology"],"share_on_mastodon":{"url":"https:\/\/pubeurope.com\/@be_fr\/117223336975613567","error":""},"_links":{"self":[{"href":"https:\/\/www.europesays.com\/be-fr\/wp-json\/wp\/v2\/posts\/241157","targetHints":{"allow":["GET"]}}],"collection":[{"href":"https:\/\/www.europesays.com\/be-fr\/wp-json\/wp\/v2\/posts"}],"about":[{"href":"https:\/\/www.europesays.com\/be-fr\/wp-json\/wp\/v2\/types\/post"}],"author":[{"embeddable":true,"href":"https:\/\/www.europesays.com\/be-fr\/wp-json\/wp\/v2\/users\/2"}],"replies":[{"embeddable":true,"href":"https:\/\/www.europesays.com\/be-fr\/wp-json\/wp\/v2\/comments?post=241157"}],"version-history":[{"count":0,"href":"https:\/\/www.europesays.com\/be-fr\/wp-json\/wp\/v2\/posts\/241157\/revisions"}],"wp:featuredmedia":[{"embeddable":true,"href":"https:\/\/www.europesays.com\/be-fr\/wp-json\/wp\/v2\/media\/241158"}],"wp:attachment":[{"href":"https:\/\/www.europesays.com\/be-fr\/wp-json\/wp\/v2\/media?parent=241157"}],"wp:term":[{"taxonomy":"category","embeddable":true,"href":"https:\/\/www.europesays.com\/be-fr\/wp-json\/wp\/v2\/categories?post=241157"},{"taxonomy":"post_tag","embeddable":true,"href":"https:\/\/www.europesays.com\/be-fr\/wp-json\/wp\/v2\/tags?post=241157"}],"curies":[{"name":"wp","href":"https:\/\/api.w.org\/{rel}","templated":true}]}}