{"id":241203,"date":"2026-09-06T10:01:10","date_gmt":"2026-09-06T10:01:10","guid":{"rendered":"https:\/\/www.europesays.com\/be-fr\/241203\/"},"modified":"2026-09-06T10:01:10","modified_gmt":"2026-09-06T10:01:10","slug":"dou-sortent-ces-trois-marelles-peintes-dans-les-rues-de-ce-quartier-de-toulon","status":"publish","type":"post","link":"https:\/\/www.europesays.com\/be-fr\/241203\/","title":{"rendered":"D\u2019o\u00f9 sortent ces trois marelles peintes dans les rues de ce quartier de Toulon\u00a0?"},"content":{"rendered":"<p>Pinceaux, rouleaux et tubes de peinture en bandouli\u00e8re, Virgilien est pr\u00eat \u00e0 accomplir sa mission\u00a0: \u00e9gayer quelques rues du Mourillon avec son style qu\u2019il d\u00e9crit lui-m\u00eame comme \u00ab\u00a0na\u00eff, psych\u00e9d\u00e9lique et color\u00e9\u00a0\u00bb.<\/p>\n<p>D\u00e8s vendredi soir, il s\u2019est attaqu\u00e9 \u00e0 la place Monseigneur Deydier. Ce samedi matin, c\u2019est au tour de la rue Lamalgue de passer entre ses mains.<\/p>\n<p>L\u2019artiste a \u00e9t\u00e9 missionn\u00e9 par l\u2019<a href=\"https:\/\/www.nicematin.com\/economie\/commerce\/trois-jours-de-grande-braderie-dans-le-quartier-du-mourillon-a-toulon-les-commercants-en-attendent-beaucoup-10701524\" rel=\"nofollow noopener\" target=\"_blank\">association des commer\u00e7ants du Mourillon<\/a> pour dessiner trois marelles sur le bitume. Mettre un peu de couleurs et de vie sur tout ce gris. Et marquer, \u00e0 sa mani\u00e8re, la rentr\u00e9e scolaire. Une action qu\u2019il assure b\u00e9n\u00e9volement. Un peu de son temps pour faire plaisir aux petits et l\u2019occasion de montrer son savoir-faire et sa personnalit\u00e9 \u00e0 leurs parents\u00a0!<\/p>\n<p>    \u00ab\u00a0Cr\u00e9er un lien dans le quartier\u00a0\u00bb<\/p>\n<p class=\"fs-5 \">\u00ab\u00a0J\u2019aime beaucoup l\u2019id\u00e9e de cr\u00e9er un lien dans le quartier. Il y a beaucoup d\u2019enfants ici. Et la marelle, j\u2019adorai y jouer quand j\u2019\u00e9tais gamin\u00a0!\u00a0\u00bb<\/p>\n<p class=\"fs-5 \">Gamin, il l\u2019est un peu rest\u00e9 quelque part. Toujours tr\u00e8s enthousiaste \u00e0 partager sa passion pour la peinture.<\/p>\n<p>        <img id=\"article-thumbnail-8\" src=\"https:\/\/www.europesays.com\/be-fr\/wp-content\/uploads\/2026\/09\/ARTVIEW-10705317-1200-800-bd7015f_ftp-1-lnxu6etinrsc-touxxq394-cd-canicule-les-touristes-se-refugien.jpeg\"   width=\"600\" height=\"400\" loading=\"lazy\" decoding=\"async\" alt=\"Le nouveau r\u00e9glement impose des d\u00e9jeuners sur l\u2019herbe mais l\u2019attirance du farniente sur chaises est trop forte\u00a0!\" class=\"img-fluid position-absolute w-100 h-100 object-fit-cover rounded-2\"\/><\/p>\n<p class=\"fs-5 \">\u00ab\u00a0J\u2019ai commenc\u00e9 \u00e0 Montr\u00e9al o\u00f9 j\u2019habitais \u00e0 l\u2019\u00e9poque en 2009. J\u2019avais besoin de m\u2019exprimer.\u00a0\u00bb Revenu \u00e0 Toulon, il en fait son m\u00e9tier, multiplie les expositions.<\/p>\n<p class=\"fs-5 \">C\u2019est d\u2019ailleurs l\u2019actuelle, qui se d\u00e9roule depuis le mois de juin \u00e0 Terrasse en ville, rue Lamalgue, qui a inspir\u00e9 l\u2019association des commer\u00e7ants.<\/p>\n<p>    L\u2019improvisation comme mantra<\/p>\n<p class=\"fs-5 \">\u00ab\u00a0Ils ont d\u00e9couvert mon travail et visiblement ils ont aim\u00e9\u00a0\u00bb, sourit l\u2019artiste.<\/p>\n<p class=\"fs-5 \">Il revendique une peinture \u00ab\u00a0multi-lectures\u00a0\u00bb, avec, pass\u00e9 un premier abord na\u00eff, plusieurs messages d\u00e9livr\u00e9s. \u00ab\u00a0J\u2019ai un c\u00f4t\u00e9 un peu \u00e9colo, utopiste. Street art, pop, un peu cubiste aussi. C\u2019est un peu perch\u00e9\u00a0\u00bb, avoue-t-il.<\/p>\n<p class=\"fs-5 \">Pour les marelles, il reste sur une structure classique. Mais son style est bel et bien reconnaissable. \u00ab\u00a0J\u2019ai fait quelques croquis, mais je me laisse guider par l\u2019imagination. Je fais \u00e0 l\u2019impro, comme pour mes toiles.\u00a0\u00bb<\/p>\n<p class=\"fs-5 \">Les trois \u0153uvres mourillonnaises devraient durer trois mois. La peinture acrylique utilis\u00e9e est tr\u00e8s r\u00e9sistante, notamment face aux intemp\u00e9ries.<\/p>\n<p class=\"fs-5 \">Le jeu ne fait donc que commencer\u00a0!<\/p>\n","protected":false},"excerpt":{"rendered":"Pinceaux, rouleaux et tubes de peinture en bandouli\u00e8re, Virgilien est pr\u00eat \u00e0 accomplir sa mission\u00a0: \u00e9gayer quelques rues&hellip;\n","protected":false},"author":2,"featured_media":241204,"comment_status":"","ping_status":"","sticky":false,"template":"","format":"standard","meta":{"footnotes":"","_share_on_mastodon":"0"},"categories":[101],"tags":[126,124,125,12,13,18,17,127,96,95],"class_list":["post-241203","post","type-post","status-publish","format-standard","has-post-thumbnail","category-arts-et-design","tag-arts","tag-arts-and-design","tag-arts-et-design","tag-be","tag-be-fr","tag-belgique","tag-belgium","tag-design","tag-divertissement","tag-entertainment"],"share_on_mastodon":{"url":"https:\/\/pubeurope.com\/@be_fr\/117223521699303950","error":""},"_links":{"self":[{"href":"https:\/\/www.europesays.com\/be-fr\/wp-json\/wp\/v2\/posts\/241203","targetHints":{"allow":["GET"]}}],"collection":[{"href":"https:\/\/www.europesays.com\/be-fr\/wp-json\/wp\/v2\/posts"}],"about":[{"href":"https:\/\/www.europesays.com\/be-fr\/wp-json\/wp\/v2\/types\/post"}],"author":[{"embeddable":true,"href":"https:\/\/www.europesays.com\/be-fr\/wp-json\/wp\/v2\/users\/2"}],"replies":[{"embeddable":true,"href":"https:\/\/www.europesays.com\/be-fr\/wp-json\/wp\/v2\/comments?post=241203"}],"version-history":[{"count":0,"href":"https:\/\/www.europesays.com\/be-fr\/wp-json\/wp\/v2\/posts\/241203\/revisions"}],"wp:featuredmedia":[{"embeddable":true,"href":"https:\/\/www.europesays.com\/be-fr\/wp-json\/wp\/v2\/media\/241204"}],"wp:attachment":[{"href":"https:\/\/www.europesays.com\/be-fr\/wp-json\/wp\/v2\/media?parent=241203"}],"wp:term":[{"taxonomy":"category","embeddable":true,"href":"https:\/\/www.europesays.com\/be-fr\/wp-json\/wp\/v2\/categories?post=241203"},{"taxonomy":"post_tag","embeddable":true,"href":"https:\/\/www.europesays.com\/be-fr\/wp-json\/wp\/v2\/tags?post=241203"}],"curies":[{"name":"wp","href":"https:\/\/api.w.org\/{rel}","templated":true}]}}