{"id":241211,"date":"2026-09-06T10:14:17","date_gmt":"2026-09-06T10:14:17","guid":{"rendered":"https:\/\/www.europesays.com\/be-fr\/241211\/"},"modified":"2026-09-06T10:14:17","modified_gmt":"2026-09-06T10:14:17","slug":"cotillard-niney-bad-bunny-les-stars-defilent-sous-lobjectif-de-valentin-le-cron-installe-dans-lorne","status":"publish","type":"post","link":"https:\/\/www.europesays.com\/be-fr\/241211\/","title":{"rendered":"Cotillard, Niney, Bad Bunny : les stars d\u00e9filent sous l&rsquo;objectif de Valentin Le Cron, install\u00e9 dans l&rsquo;Orne"},"content":{"rendered":"<p>                    Par<\/p>\n<p>            <a href=\"https:\/\/actu.fr\/auteur\/vincent-guerrier\" title=\"Consulter tous les articles de Vincent Guerrier\" rel=\"nofollow noopener\" target=\"_blank\">Vincent Guerrier<\/a><\/p>\n<p>        Publi\u00e9 le<\/p>\n<p>            6 sept. 2026 \u00e0 11h05        <\/p>\n<p>Pouvait-il seulement imaginer, quand il avait l\u2019\u00e2ge de sortir faire du skate avec ses potes au Plessis-Trevise, en banlieue parisienne, que sa recherche du \u00ab beau \u00bb en photo allait le conduire quelques ann\u00e9es plus tard \u00e0 photographier des personnalit\u00e9s au <a href=\"https:\/\/actu.fr\/tag\/festival-de-cannes\" rel=\"nofollow noopener\" target=\"_blank\">Festival de Cannes ?<\/a> Mais que pr\u00e9f\u00e8re-t-il vraiment ? Difficile de trancher. <a href=\"https:\/\/www.instagram.com\/valentinlecron\/?hl=fr\" rel=\"nofollow noopener\" target=\"_blank\">Valentin Le Cron<\/a>, 33\u00a0ans, est un photographe qui a l\u2019\u00e2ge de l\u2019assurance. Voil\u00e0 10\u00a0ans qu\u2019il travaille pour des marques de prestige charg\u00e9es d\u2019habiller les stars pour la c\u00e9l\u00e8bre mont\u00e9e des marches \u00e0 Cannes, par exemple.<\/p>\n<p>On appelle \u00e7a un getting ready. Avant un \u00e9v\u00e8nement, une avant-premi\u00e8re par exemple, ou un d\u00e9fil\u00e9 de Mode, les personnalit\u00e9s se pr\u00e9parent, elles sont maquill\u00e9es et coiff\u00e9es. Elles s\u2019habillent avec une tenue qui leur est pr\u00eat\u00e9e pour l\u2019occasion par une marque qui me mandate pour r\u00e9aliser des photos. La plupart du temps cela se passe dans une chambre d\u2019h\u00f4tel. C\u2019est l\u00e0 que j\u2019interviens, on me donne un temps bien pr\u00e9cis, en fonction de la commande, pour faire des images qui mettent en valeur la marque et, bien s\u00fbr, la personnalit\u00e9 du talent.<\/p>\n<p>Valentin Le Cron<\/p>\n<p class=\" wall-content\">\u00c9videmment, on a tous envie de lui demander : \u00ab Alors Valentin, \u00e7a fait quoi de rencontrer Marion Cotillard ? Tu as pu parler avec Bad Bunny ? Il est sympa ? \u00bb. La r\u00e9alit\u00e9 est souvent un peu plus d\u00e9cevante.<\/p>\n<p class=\" wall-content\">\u00ab Pour les personnalit\u00e9s comme pour moi, c\u2019est un boulot. Pour Marion Cotillard, par exemple, son agent ne m\u2019a laiss\u00e9 que quelques secondes avec elle, le temps de faire trois images\u2026 Il faut donc savoir \u00eatre efficace et composer avec la pression. Autant dire que je n\u2019ai pas vraiment le temps d\u2019apprendre \u00e0 les conna\u00eetre. \u00bb<\/p>\n<p>Un \u0153il laser<\/p>\n<p class=\" wall-content\">L\u2019\u0153il de Valentin, qui g\u00e8re avec sa compagne Marie Verlhac le bar \u00e0 vins Silo \u00e0 Mortagne-au-Perche, est aff\u00fbt\u00e9 comme un laser par des ann\u00e9es de pratique. Il scrute la chambre d\u2019un regard, d\u00e9niche les meilleurs \u00ab spots \u00bb, et fait bouger son sujet en lui proposant une posture, un regard.<\/p>\n<p>Avec l\u2019exp\u00e9rience, tu apprends \u00e0 mieux g\u00e9rer ton stress. Et j\u2019ai mes habitudes surtout, je sais ce que veulent les marques qui font appel \u00e0 mes services. Donc je m\u2019adapte tout en essayant de faire quelque chose qui me plaise aussi, \u00e9videmment.<\/p>\n<p>Valentin Le Cron<\/p>\n<p class=\" wall-content\">Quand les commandes sont plus prestigieuses, comme r\u00e9cemment pour la couverture de Vogue avec l\u2019actrice tha\u00eflandaise Lingling, r\u00e9alis\u00e9e au Ch\u00e2teau de La Colle Noire, Valentin profite d\u2019avoir plus de temps avec son mod\u00e8le. \u00ab C\u2019est vraiment autre chose, car on peut penser \u00e0 plusieurs options, \u00e0 des jeux de lumi\u00e8re, et surtout cela permet de gagner la confiance de son interlocuteur. C\u2019est crucial, car on ose finalement demander des choses plus ambitieuses : du mouvement, des attitudes plus \u00e9ditoriales\u2026 C\u2019est un luxe.<\/p>\n<p>    <img   decoding=\"async\" loading=\"lazy\" class=\"size-large\" src=\"https:\/\/www.europesays.com\/be-fr\/wp-content\/uploads\/2026\/09\/703e55c91c8a6743e55c91c8a583e5v-683x640.jpg\" alt=\"Marion Cotillard\" width=\"683\" height=\"640\"\/><br \/>\n    Marion Cotillard \u00a9Valentin Le CronDes d\u00e9buts dans les soir\u00e9es parisiennes<\/p>\n<p class=\" wall-content\">Avant d\u2019arriver \u00e0 capter l\u2019attention des stars, Valentin a d\u00e9but\u00e9 \u00e0 18\u00a0ans dans des soir\u00e9es, o\u00f9 il \u00e9tait charg\u00e9 de photographier les personnalit\u00e9s. Puis il y a eu les d\u00e9fil\u00e9s des fameuses \u00ab Fashion weeks \u00bb \u00e0 Paris, o\u00f9 certains photographes sont charg\u00e9s de photographier les personnalit\u00e9s des premiers rangs, et non les mod\u00e8les qui d\u00e9filent. En 2026, la couverture de Vogue l\u2019a fait passer dans un autre univers.<\/p>\n<p class=\" wall-content\">Tout comme les clich\u00e9s de Jennifer Aniston, Dua Lipa, Zendaya, Pierre Niney ou encore Omar Sy. \u00ab Quand on arrive \u00e0 shooter de grandes c\u00e9l\u00e9brit\u00e9s comme des stars am\u00e9ricaines, tout est diff\u00e9rent. Car les marques se disent qu\u2019on est capable de g\u00e9rer des personnalit\u00e9s d\u2019envergure avec leurs exigences, tout en canalisant le stress qui va avec. C\u2019est un gage de rigueur qui, souvent, fait franchir un palier et am\u00e8ne d\u2019autres commandes prestigieuses. \u00bb<\/p>\n<p>Dix m\u00e9tiers en un<br \/>\n    <img   decoding=\"async\" loading=\"lazy\" class=\"size-large\" src=\"https:\/\/www.europesays.com\/be-fr\/wp-content\/uploads\/2026\/09\/f96c95c91c8a6ed6c95c91c8ab17c9v-683x640.jpg\" alt=\"Tahar Rahim\" width=\"683\" height=\"640\"\/><br \/>\n    Tahar Rahim \u00a9Valentin Le Cron<\/p>\n<p class=\" wall-content\">Mais ce n\u2019est pas parce que Valentin encha\u00eene les photographies de c\u00e9l\u00e9brit\u00e9s qu\u2019il les collectionne pour autant. Son plaisir, il le trouve autant dans l\u2019univers feutr\u00e9 et confidentiel de la mode que dans des s\u00e9ries photographiques plus personnelles, comme celle qu\u2019il a initi\u00e9 depuis quelques ann\u00e9es avec l\u2019association de danse country des \u00ab\u00a0Coyotes\u00a0\u00bb de Longny-au-Perche qu\u2019il suit sur leurs prestations et \u00e9v\u00e9nements. \u00ab La photo de reportage m\u2019a toujours vraiment int\u00e9ress\u00e9. C\u2019\u00e9tait finalement ce que je faisais d\u00e9j\u00e0 \u00e0 l\u2019adolescence au skatepark. \u00bb<\/p>\n<p>    <img   decoding=\"async\" loading=\"lazy\" class=\"size-large\" src=\"https:\/\/www.europesays.com\/be-fr\/wp-content\/uploads\/2026\/09\/ef5a15c91c8a6d36a15c91c8ac76a1v-731x640.jpg\" alt=\"Bad Bunny\" width=\"731\" height=\"640\"\/><br \/>\n    Bad Bunny \u00a9Valentin Le Cron<\/p>\n<p class=\" wall-content\">\u00c0 son compte, le photographe vit toujours \u00e0 100 \u00e0 l\u2019heure entre le bar \u00e0 vins de Mortagne et son travail \u00e0 Paris, ses commandes et sa pr\u00e9sence sur les r\u00e9seaux sociaux, indispensable dans un m\u00e9tier o\u00f9 l\u2019image est primordiale. \u00ab Photographe, c\u2019est une activit\u00e9 finalement pas si \u00e9loign\u00e9e de la restauration et du commerce : il faut \u00eatre sympa, serviable, efficace et savoir faire 10 m\u00e9tiers en m\u00eame temps. C\u2019est aussi ce qui est passionnant. \u00bb<\/p>\n<p>Pratique @valentinlecron \/ Site : www.valentinlecron.com<\/p>\n<p class=\" wall-content\">Personnalisez votre actualit\u00e9 en ajoutant vos villes et m\u00e9dias en favori avec <a href=\"https:\/\/moncompte.actu.fr\" title=\"D\u00e9couvez Mon Actu\" rel=\"nofollow noopener\" data-trk=\"{&quot;cta&quot;:{&quot;action&quot;:&quot;https:\\\/\\\/moncompte.actu.fr&quot;,&quot;category&quot;:&quot;mon compte&quot;,&quot;from&quot;:&quot;article footer&quot;,&quot;name&quot;:&quot;Mon actu&quot;,&quot;type&quot;:&quot;cta&quot;}}\" target=\"_blank\">Mon Actu<\/a>.<\/p>\n<p>                    <script async src=\"\/\/www.instagram.com\/embed.js\"><\/script><\/p>\n","protected":false},"excerpt":{"rendered":"Par Vincent Guerrier Publi\u00e9 le 6 sept. 2026 \u00e0 11h05 Pouvait-il seulement imaginer, quand il avait l\u2019\u00e2ge de&hellip;\n","protected":false},"author":2,"featured_media":241212,"comment_status":"","ping_status":"","sticky":false,"template":"","format":"standard","meta":{"footnotes":"","_share_on_mastodon":"0"},"categories":[101],"tags":[126,124,125,12,13,18,17,127,96,95,2477,2303],"class_list":["post-241211","post","type-post","status-publish","format-standard","has-post-thumbnail","category-arts-et-design","tag-arts","tag-arts-and-design","tag-arts-et-design","tag-be","tag-be-fr","tag-belgique","tag-belgium","tag-design","tag-divertissement","tag-entertainment","tag-lifestyle","tag-photographie"],"share_on_mastodon":{"url":"https:\/\/pubeurope.com\/@be_fr\/117223573088511409","error":""},"_links":{"self":[{"href":"https:\/\/www.europesays.com\/be-fr\/wp-json\/wp\/v2\/posts\/241211","targetHints":{"allow":["GET"]}}],"collection":[{"href":"https:\/\/www.europesays.com\/be-fr\/wp-json\/wp\/v2\/posts"}],"about":[{"href":"https:\/\/www.europesays.com\/be-fr\/wp-json\/wp\/v2\/types\/post"}],"author":[{"embeddable":true,"href":"https:\/\/www.europesays.com\/be-fr\/wp-json\/wp\/v2\/users\/2"}],"replies":[{"embeddable":true,"href":"https:\/\/www.europesays.com\/be-fr\/wp-json\/wp\/v2\/comments?post=241211"}],"version-history":[{"count":0,"href":"https:\/\/www.europesays.com\/be-fr\/wp-json\/wp\/v2\/posts\/241211\/revisions"}],"wp:featuredmedia":[{"embeddable":true,"href":"https:\/\/www.europesays.com\/be-fr\/wp-json\/wp\/v2\/media\/241212"}],"wp:attachment":[{"href":"https:\/\/www.europesays.com\/be-fr\/wp-json\/wp\/v2\/media?parent=241211"}],"wp:term":[{"taxonomy":"category","embeddable":true,"href":"https:\/\/www.europesays.com\/be-fr\/wp-json\/wp\/v2\/categories?post=241211"},{"taxonomy":"post_tag","embeddable":true,"href":"https:\/\/www.europesays.com\/be-fr\/wp-json\/wp\/v2\/tags?post=241211"}],"curies":[{"name":"wp","href":"https:\/\/api.w.org\/{rel}","templated":true}]}}