{"id":241253,"date":"2026-09-06T10:55:12","date_gmt":"2026-09-06T10:55:12","guid":{"rendered":"https:\/\/www.europesays.com\/be-fr\/241253\/"},"modified":"2026-09-06T10:55:12","modified_gmt":"2026-09-06T10:55:12","slug":"un-vrai-moment-legendaire-plk-invite-jul-sur-scene-au-stade-de-france-video","status":"publish","type":"post","link":"https:\/\/www.europesays.com\/be-fr\/241253\/","title":{"rendered":"\u00ab\u00a0Un vrai moment l\u00e9gendaire\u00a0\u00bb : PLK invite Jul sur sc\u00e8ne au Stade de France (vid\u00e9o)"},"content":{"rendered":"<p>Des invit\u00e9s d&rsquo;exception<\/p>\n<p class=\"ap-StoryElement ap-StoryElement--mb ap-StoryText\">Toujours ce samedi, juste avant la venue d&rsquo;Hamza sur sc\u00e8ne, PLK a re\u00e7u un invit\u00e9 historique. En effet, alors que les premi\u00e8res notes de \u00ab\u00a0Faut pas\u00a0\u00bb ont retenti, le public a eu la surprise de voir arriver Jul sur sc\u00e8ne. Cela faisait plusieurs heures que les fans se demandaient si le rappeur marseillais allait faire une apparition, sans r\u00e9ellement y croire. En effet, comme le pr\u00e9cise PLK avant d&rsquo;accueillir son coll\u00e8gue sur sc\u00e8ne, c&rsquo;est \u00ab\u00a0un vrai moment l\u00e9gendaire\u00a0\u00bb. Au moment de son entr\u00e9e, le public \u00e9tait en folie. \u00ab\u00a0C&rsquo;est pas de la surprise \u00e7a ?\u00a0\u00bb, demande le rappeur \u00e0 la fin de leur chanson. Avant de pr\u00e9ciser : \u00ab\u00a0Jul nous a fait l&rsquo;honneur d&rsquo;\u00eatre parmi nous, c&rsquo;est une dinguerie. Il n&rsquo;est jamais venu dans un autre concert que le sien. Il est venu pour vous\u00a0\u00bb. Le 15 mai dernier, Jul avait notamment le propre record d&rsquo;affluence au Stade de France, avec 100 080 spectateurs. Il l&rsquo;avait d\u00e9j\u00e0 battu <a href=\"https:\/\/www.parismatch.be\/culture\/musique\/2025\/04\/27\/en-claquettes-chaussettes-jul-a-enflamme-le-stade-de-france-DZBID4X5YBDOZLBJ3JVVRTD7UQ\/\" target=\"_self\" rel=\"nofollow noopener\">en avril 2025<\/a>.<\/p>\n<p class=\"ap-StoryElement ap-StoryElement--mb ap-StoryText\">Durant ces deux concerts, PLK a ainsi invit\u00e9 de nombreux autres rappeurs sur sc\u00e8ne. On peut notamment citer Niska, Gazo, SCH, Mister V, Rim&rsquo;K, Leto, Lisko, Oboy, Tessa B, Vacra, Paluch, La Rvfleuse et Luis Peligroso. Certains ont m\u00eame fait le d\u00e9placement lors des deux dates. SCH, qui est le premier gros rappeur \u00e0 \u00eatre apparu sur le premier album de PLK, a notamment dit qu&rsquo;il \u00e9tait fier de lui. \u00ab\u00a0Je t&rsquo;ai connu il y a dix ans. Je suis fier de toi mon fr\u00e8re\u00a0\u00bb, a-t-il dit apr\u00e8s leur morceau \u00ab\u00a0Hier\u00a0\u00bb.<\/p>\n<p class=\"ap-StoryElement ap-StoryElement--mb ap-StoryText\">\u00c0 un moment, plus ou moins du milieu du concert, un court documentaire sur les d\u00e9buts du rappeur est diffus\u00e9. Quand les lumi\u00e8res se rallument, il est sur la sc\u00e8ne, au milieu de la fosse, accompagn\u00e9 des membres de Panama Bende, avec qui il a commenc\u00e9 sa carri\u00e8re. Ils ont ensuite interpr\u00e9t\u00e9 un freestyle, assis dans des fauteuils face \u00e0 un micro, comme lors d&rsquo;une conf\u00e9rence de presse.<\/p>\n<p class=\"ap-StoryElement ap-StoryElement--mb ap-StoryText\">Les deux jours, un show de drones a eu lieu pendant le show, qui a \u00e9t\u00e9 conclu par un feu d&rsquo;artifice, que PLK contemplait, assis sur la sc\u00e8ne, visiblement \u00e9mu par cet accomplissement.<\/p>\n","protected":false},"excerpt":{"rendered":"Des invit\u00e9s d&rsquo;exception Toujours ce samedi, juste avant la venue d&rsquo;Hamza sur sc\u00e8ne, PLK a re\u00e7u un invit\u00e9&hellip;\n","protected":false},"author":2,"featured_media":241254,"comment_status":"","ping_status":"","sticky":false,"template":"","format":"standard","meta":{"footnotes":"","_share_on_mastodon":"0"},"categories":[98],"tags":[12,13,18,17,666,96,95,75183,65434,19552,420,107,108,943,60639,708,26019,44988],"class_list":["post-241253","post","type-post","status-publish","format-standard","has-post-thumbnail","category-musique","tag-be","tag-be-fr","tag-belgique","tag-belgium","tag-concerts","tag-divertissement","tag-entertainment","tag-guests","tag-hamza","tag-invites","tag-jul","tag-music","tag-musique","tag-paris","tag-plk","tag-rappeur","tag-stade-de-france","tag-surprises"],"share_on_mastodon":{"url":"https:\/\/pubeurope.com\/@be_fr\/117223733515292393","error":""},"_links":{"self":[{"href":"https:\/\/www.europesays.com\/be-fr\/wp-json\/wp\/v2\/posts\/241253","targetHints":{"allow":["GET"]}}],"collection":[{"href":"https:\/\/www.europesays.com\/be-fr\/wp-json\/wp\/v2\/posts"}],"about":[{"href":"https:\/\/www.europesays.com\/be-fr\/wp-json\/wp\/v2\/types\/post"}],"author":[{"embeddable":true,"href":"https:\/\/www.europesays.com\/be-fr\/wp-json\/wp\/v2\/users\/2"}],"replies":[{"embeddable":true,"href":"https:\/\/www.europesays.com\/be-fr\/wp-json\/wp\/v2\/comments?post=241253"}],"version-history":[{"count":0,"href":"https:\/\/www.europesays.com\/be-fr\/wp-json\/wp\/v2\/posts\/241253\/revisions"}],"wp:featuredmedia":[{"embeddable":true,"href":"https:\/\/www.europesays.com\/be-fr\/wp-json\/wp\/v2\/media\/241254"}],"wp:attachment":[{"href":"https:\/\/www.europesays.com\/be-fr\/wp-json\/wp\/v2\/media?parent=241253"}],"wp:term":[{"taxonomy":"category","embeddable":true,"href":"https:\/\/www.europesays.com\/be-fr\/wp-json\/wp\/v2\/categories?post=241253"},{"taxonomy":"post_tag","embeddable":true,"href":"https:\/\/www.europesays.com\/be-fr\/wp-json\/wp\/v2\/tags?post=241253"}],"curies":[{"name":"wp","href":"https:\/\/api.w.org\/{rel}","templated":true}]}}