{"id":241277,"date":"2026-09-06T11:22:09","date_gmt":"2026-09-06T11:22:09","guid":{"rendered":"https:\/\/www.europesays.com\/be-fr\/241277\/"},"modified":"2026-09-06T11:22:09","modified_gmt":"2026-09-06T11:22:09","slug":"le-concert-dalizee-a-ajaccio-annule-apres-un-incident-technique","status":"publish","type":"post","link":"https:\/\/www.europesays.com\/be-fr\/241277\/","title":{"rendered":"Le concert d&rsquo;Aliz\u00e9e \u00e0 Ajaccio annul\u00e9 apr\u00e8s un incident technique"},"content":{"rendered":"<p>Selon les i<a href=\"https:\/\/www.parismatch.com\/culture\/musique\/je-suis-vraiment-desolee-alizee-en-larmes-apres-lannulation-de-son-concert-275253\" target=\"_self\" rel=\"nofollow noopener\">nformations de Paris-Match<\/a>, le concert d&rsquo;Aliz\u00e9e, qui <a href=\"https:\/\/www.corsematin.com\/article\/culture-loisirs\/21632288647152\/mylene-farmer-elon-musk-succes-famille-alizee-se-confie-avant-le-lancement-de-sa-tournee\" target=\"_self\" rel=\"nofollow noopener\">devait se tenir, samedi 5 septembre, dans la salle de th\u00e9\u00e2tre l&rsquo;Empire \u00e0 Ajaccio<\/a> n&rsquo;a pas pu avoir lieu. En cause, un incident technique survenu peu avant le d\u00e9but de la repr\u00e9sentation.<\/p>\n<p>Cit\u00e9 par l&rsquo;hebdomadaire, Michel Marti, le directeur de la salle de spectacle, explique\u00a0 :\u00a0\u00bbL&rsquo;\u00e9quipe d&rsquo;Aliz\u00e9e a fait monter ce qu&rsquo;on appelle des ponts, trop haut (\u2026) cela a craqu\u00e9 le placo du plafond. Des bouts sont tomb\u00e9s, on a nettoy\u00e9 et on a regard\u00e9 si cela tenait. Quand on a mis la musique, avec les basses, des petits bouts qui ne tenaient pas sont tomb\u00e9s. On prend z\u00e9ro risque\u00a0\u00bb.<\/p>\n<p>Dans une vid\u00e9o partag\u00e9e sur les r\u00e9seaux sociaux, l&rsquo;artiste est apparue en larmes, \u00ab\u00a0j&rsquo;ai vraiment beaucoup travaill\u00e9 pour cette date. J&rsquo;avais plus le stress de chanter l\u00e0 qu&rsquo;\u00e0 l&rsquo;Olympia, je suis vraiment d\u00e9sol\u00e9e\u00a0\u00bb, a-t-elle regrett\u00e9 aupr\u00e8s de ses fans.\u00a0<\/p>\n<p>Une nouvelle date pourrait \u00eatre programm\u00e9e d&rsquo;ici la fin du mois de septembre.\u00a0<\/p>\n","protected":false},"excerpt":{"rendered":"Selon les informations de Paris-Match, le concert d&rsquo;Aliz\u00e9e, qui devait se tenir, samedi 5 septembre, dans la salle&hellip;\n","protected":false},"author":2,"featured_media":241278,"comment_status":"","ping_status":"","sticky":false,"template":"","format":"standard","meta":{"footnotes":"","_share_on_mastodon":"0"},"categories":[98],"tags":[41,88,30971,7335,12,13,18,17,3309,366,75197,96,95,6508,12167,107,108,13078],"class_list":["post-241277","post","type-post","status-publish","format-standard","has-post-thumbnail","category-musique","tag-41","tag-ajaccio","tag-annule","tag-apres","tag-be","tag-be-fr","tag-belgique","tag-belgium","tag-breakingnews","tag-concert","tag-dalizee","tag-divertissement","tag-entertainment","tag-faits-divers-justice","tag-incident","tag-music","tag-musique","tag-technique"],"share_on_mastodon":{"url":"https:\/\/pubeurope.com\/@be_fr\/117223839692345138","error":""},"_links":{"self":[{"href":"https:\/\/www.europesays.com\/be-fr\/wp-json\/wp\/v2\/posts\/241277","targetHints":{"allow":["GET"]}}],"collection":[{"href":"https:\/\/www.europesays.com\/be-fr\/wp-json\/wp\/v2\/posts"}],"about":[{"href":"https:\/\/www.europesays.com\/be-fr\/wp-json\/wp\/v2\/types\/post"}],"author":[{"embeddable":true,"href":"https:\/\/www.europesays.com\/be-fr\/wp-json\/wp\/v2\/users\/2"}],"replies":[{"embeddable":true,"href":"https:\/\/www.europesays.com\/be-fr\/wp-json\/wp\/v2\/comments?post=241277"}],"version-history":[{"count":0,"href":"https:\/\/www.europesays.com\/be-fr\/wp-json\/wp\/v2\/posts\/241277\/revisions"}],"wp:featuredmedia":[{"embeddable":true,"href":"https:\/\/www.europesays.com\/be-fr\/wp-json\/wp\/v2\/media\/241278"}],"wp:attachment":[{"href":"https:\/\/www.europesays.com\/be-fr\/wp-json\/wp\/v2\/media?parent=241277"}],"wp:term":[{"taxonomy":"category","embeddable":true,"href":"https:\/\/www.europesays.com\/be-fr\/wp-json\/wp\/v2\/categories?post=241277"},{"taxonomy":"post_tag","embeddable":true,"href":"https:\/\/www.europesays.com\/be-fr\/wp-json\/wp\/v2\/tags?post=241277"}],"curies":[{"name":"wp","href":"https:\/\/api.w.org\/{rel}","templated":true}]}}