{"id":241309,"date":"2026-09-06T11:55:15","date_gmt":"2026-09-06T11:55:15","guid":{"rendered":"https:\/\/www.europesays.com\/be-fr\/241309\/"},"modified":"2026-09-06T11:55:15","modified_gmt":"2026-09-06T11:55:15","slug":"direct-guerre-au-moyen-orient-les-attaques-continuent-un-drone-naval-americain-attaque","status":"publish","type":"post","link":"https:\/\/www.europesays.com\/be-fr\/241309\/","title":{"rendered":"DIRECT \u2013 Guerre au Moyen-Orient\u00a0: les attaques continuent, un drone naval am\u00e9ricain attaqu\u00e9"},"content":{"rendered":"<p class=\"ap-StoryElement ap-StoryElement--mb ap-StoryText\">Plus t\u00f4t, ils avaient annonc\u00e9 avoir \u00ab\u00a0cibl\u00e9 trois p\u00e9troliers sur des passages non autoris\u00e9s dans le d\u00e9troit d&rsquo;Ormuz et trois navires am\u00e9ricains dans d&rsquo;autres zones\u00a0\u00bb, mettant en garde les autres bateaux contre toute tentative de transit via des routes non approuv\u00e9es par T\u00e9h\u00e9ran.<\/p>\n<p class=\"ap-StoryElement ap-StoryElement--mb ap-StoryText\">Encore avant cela, le Commandement militaire am\u00e9ricain avait dit avoir vis\u00e9 des p\u00e9troliers iraniens.<\/p>\n<p class=\"ap-StoryElement ap-StoryElement--mb ap-StoryText\">Il a affirm\u00e9 en avoir \u00ab\u00a0neutralis\u00e9 de mani\u00e8re permanente\u00a0\u00bb deux et \u00ab\u00a0compl\u00e8tement d\u00e9truit\u00a0\u00bb un troisi\u00e8me, assurant que ces b\u00e2timents faisaient partie \u00ab\u00a0d&rsquo;un r\u00e9seau occulte\u00a0\u00bb finan\u00e7ant les Gardiens et leurs alli\u00e9s \u00e0 hauteur de \u00ab\u00a0plusieurs milliards de dollars\u00a0\u00bb.<\/p>\n<p class=\"ap-StoryElement ap-StoryElement--mb ap-StoryText\">Un des vaisseaux se trouvait au large de l&rsquo;\u00eele de Kharg, o\u00f9 se situe le principal terminal p\u00e9trolier de l&rsquo;Iran dans le Golfe, un autre plus au sud \u00e0 proximit\u00e9 du d\u00e9troit d&rsquo;Ormuz, pr\u00e8s de Jask, et le troisi\u00e8me dans le Golfe d&rsquo;Oman, a d\u00e9taill\u00e9 l&rsquo;arm\u00e9e am\u00e9ricaine.<\/p>\n<p class=\"ap-StoryElement ap-StoryElement--mb ap-StoryText\">Les Gardiens ont confirm\u00e9 l&rsquo;attaque am\u00e9ricaine contre \u00ab\u00a0trois p\u00e9troliers appartenant \u00e0 la R\u00e9publique islamique d&rsquo;Iran dans le d\u00e9troit d&rsquo;Ormuz, provoquant des d\u00e9g\u00e2ts\u00a0\u00bb, y voyant un \u00ab\u00a0acte de d\u00e9sespoir face \u00e0 la fermeture\u00a0\u00bb de cette voie strat\u00e9gique pour le commerce.<\/p>\n<p class=\"ap-StoryElement ap-StoryElement--mb ap-StoryText\">Ces nouveaux \u00e9changes de frappes interviennent sur fond d&rsquo;impasse diplomatique pour mettre fin au conflit au Moyen-Orient, alors que Washington r\u00e9p\u00e8te vouloir accentuer la pression \u00e9conomique sur T\u00e9h\u00e9ran.<\/p>\n<p class=\"ap-StoryElement ap-StoryElement--mb ap-StoryText\">L&rsquo;Iran continue de bloquer Ormuz et les Etats-Unis imposent un blocus sur les ports iraniens, aucun ne semblant vouloir c\u00e9der.<\/p>\n<p>Iran: le n\u00e9gociateur en chef menace de ripostes \u00ab\u00a0plus rapides et plus intenses\u00a0\u00bb aux attaques am\u00e9ricaines<\/p>\n<p>Le n\u00e9gociateur en chef iranien, Mohammad Bagher Ghalibaf, a menac\u00e9 dimanche de ripostes \u00ab\u00a0plus rapides et plus intenses\u00a0\u00bb face aux attaques am\u00e9ricaines, apr\u00e8s que T\u00e9h\u00e9ran a cibl\u00e9 des navires de guerre am\u00e9ricains en repr\u00e9sailles aux frappes contre des p\u00e9troliers iraniens.<\/p>\n<p>\u00ab\u00a0Les Am\u00e9ricains ont d\u00fb comprendre que l&rsquo;\u00e8re des ripostes proportionn\u00e9es \u00e9tait r\u00e9volue\u00a0\u00bb, a d\u00e9clar\u00e9 M. Ghalibaf dans un message diffus\u00e9 par un m\u00e9dia d&rsquo;Etat, ajoutant que \u00ab\u00a0toute agression contre les int\u00e9r\u00eats et la s\u00e9curit\u00e9 de l&rsquo;Iran recevra une r\u00e9ponse plus rapide, plus intense et plus douloureuse\u00a0\u00bb.<\/p>\n<p>Quatre morts au Liban dans des frappes isra\u00e9liennes<\/p>\n<p>Le minist\u00e8re libanais de la Sant\u00e9 a annonc\u00e9 dimanche la mort de quatre personnes dans des frappes isra\u00e9liennes dans le sud du pays, Isra\u00ebl affirmant avoir men\u00e9 des raids apr\u00e8s une attaque du Hezbollah, marquant une nouvelle escalade malgr\u00e9 une tr\u00eave fragile. Le minist\u00e8re a fait \u00e9tat de deux morts \u00e0 Nabatiy\u00e9 el-Faouqa et de deux femmes tu\u00e9es \u00e0 Arab Salim, une commune voisine.<\/p>\n<p>Ce bilan provisoire fait \u00e9galement \u00e9tat de vingt bless\u00e9s, dont plusieurs femmes et trois enfants, dans ces localit\u00e9s ainsi qu&rsquo;\u00e0 Nabatiy\u00e9 et \u00e0 Kfar Rumman.L&rsquo;arm\u00e9e isra\u00e9lienne a dit riposter au lancement par le Hezbollah de deux drones contre ses soldats dans le sud du Liban. Cette attaque n&rsquo;a pas fait de bless\u00e9, a d\u00e9clar\u00e9 l&rsquo;arm\u00e9e qui a d\u00e9nonc\u00e9 \u00ab\u00a0une violation flagrante\u00a0\u00bb du cessez-le-feu. Elle avait \u00e9mis plus t\u00f4t dimanche son premier ordre d&rsquo;\u00e9vacuation depuis plusieurs semaines, enjoignant aux habitants install\u00e9s \u00ab\u00a0\u00e0 proximit\u00e9 d&rsquo;une installation appartenant\u00a0\u00bb au Hezbollah \u00e0 Arab Salim de quitter les lieux. Aucun avertissement n&rsquo;a \u00e9t\u00e9 \u00e9mis pour les autres zones touch\u00e9es par des frappes.<\/p>\n<p>L&rsquo;Agence nationale d&rsquo;information (ANI) libanaise a rapport\u00e9 qu&rsquo;apr\u00e8s l&rsquo;avertissement isra\u00e9lien, \u00ab\u00a0des avions de combat ennemis ont frapp\u00e9 une autre maison, la d\u00e9truisant\u00a0\u00bb et tuant les deux femmes. Elle a ajout\u00e9 que l&rsquo;arm\u00e9e isra\u00e9lienne avait ensuite \u00ab\u00a0men\u00e9 une frappe sur la maison\u00a0\u00bb concern\u00e9e par l&rsquo;ordre d&rsquo;\u00e9vacuation.Selon les m\u00e9dias locaux, une frappe \u00e0 Nabatiy\u00e9 el-Faouqa a d\u00e9truit l&rsquo;ancien h\u00f4pital Ghandour, un \u00e9tablissement qui n&rsquo;est plus en activit\u00e9 depuis des ann\u00e9es.<\/p>\n<p>Deux femmes tu\u00e9es dans des frappes isra\u00e9liennes, selon un m\u00e9dia d&rsquo;Etat<\/p>\n<p>L&rsquo;arm\u00e9e isra\u00e9lienne ordonne aux habitants d&rsquo;une zone du sud du Liban d&rsquo;\u00e9vacuer<\/p>\n<p>L&rsquo;arm\u00e9e isra\u00e9lienne a ordonn\u00e9 t\u00f4t dimanche aux habitants d&rsquo;une zone de la localit\u00e9 d&rsquo;Arab Salim, dans le sud du Liban, d&rsquo;\u00e9vacuer imm\u00e9diatement en pr\u00e9vision de frappes imminentes contre le mouvement chiite pro-iranien Hezbollah.<\/p>\n<p>\u00ab\u00a0Vous \u00eates situ\u00e9s \u00e0 proximit\u00e9 d&rsquo;une installation appartenant \u00e0 l&rsquo;organisation terroriste Hezbollah, contre laquelle l&rsquo;arm\u00e9e isra\u00e9lienne va mener des op\u00e9rations\u00a0\u00bb, indique cette derni\u00e8re dans un message en arabe sur Telegram, en joignant une carte du p\u00e9rim\u00e8tre \u00e0 \u00e9vacuer.<\/p>\n<p>Les Gardiens de la R\u00e9volution disent avoir attaqu\u00e9 un drone naval am\u00e9ricain<\/p>\n<p>Les Gardiens de la R\u00e9volution, arm\u00e9e id\u00e9ologique de l&rsquo;Iran, ont annonc\u00e9 dimanche avoir attaqu\u00e9 un drone naval am\u00e9ricain dans la r\u00e9gion du d\u00e9troit d&rsquo;Ormuz, selon l&rsquo;agence officielle Irna et la t\u00e9l\u00e9vision d&rsquo;Etat.<\/p>\n<p>Les Gardiens de la R\u00e9volution \u00ab\u00a0ont attaqu\u00e9 un v\u00e9hicule de surface militaire am\u00e9ricain sans pilote (navire t\u00e9l\u00e9op\u00e9r\u00e9) qui tentait de p\u00e9n\u00e9trer dans la zone prot\u00e9g\u00e9e du d\u00e9troit d&rsquo;Ormuz\u00a0\u00bb, ont-ils \u00e9crit dans un communiqu\u00e9 cit\u00e9 par la t\u00e9l\u00e9vision d&rsquo;Etat.<\/p>\n<p>L&rsquo;Iran r\u00e9plique apr\u00e8s les frappes am\u00e9ricaines sur trois de ses p\u00e9troliers<\/p>\n<p>L&rsquo;Iran a annonc\u00e9 samedi soir avoir vis\u00e9 des navires li\u00e9s aux Etats-Unis apr\u00e8s des frappes de l&rsquo;arm\u00e9e am\u00e9ricaine sur trois de ses p\u00e9troliers dans le Golfe, que le Pentagone a pr\u00e9sent\u00e9es lui-m\u00eame comme une riposte.<\/p>\n<p>La marine des Gardiens a \u00ab\u00a0cibl\u00e9 trois p\u00e9troliers sur des passages non autoris\u00e9s dans le d\u00e9troit d&rsquo;Ormuz et trois navires am\u00e9ricains dans d&rsquo;autres zones\u00a0\u00bb, a d\u00e9clar\u00e9 l&rsquo;arm\u00e9e id\u00e9ologique de T\u00e9h\u00e9ran.<\/p>\n<p>Elle a mis en garde les autres bateaux contre toute tentative de transit via des routes non approuv\u00e9es par T\u00e9h\u00e9ran.<\/p>\n<p>Le Commandement militaire am\u00e9ricain avait dit plus t\u00f4t dans la journ\u00e9e avoir vis\u00e9 des p\u00e9troliers li\u00e9s aux Gardiens.<\/p>\n<p>Il a affirm\u00e9 en avoir \u00ab\u00a0neutralis\u00e9 de mani\u00e8re permanente\u00a0\u00bb deux et \u00ab\u00a0compl\u00e8tement d\u00e9truit\u00a0\u00bb un troisi\u00e8me, assurant que ces b\u00e2timents faisaient partie \u00ab\u00a0d&rsquo;un r\u00e9seau occulte\u00a0\u00bb finan\u00e7ant les Gardiens et leurs alli\u00e9s \u00e0 hauteur de \u00ab\u00a0plusieurs milliards de dollars\u00a0\u00bb.<\/p>\n<p>            Load more        <\/p>\n<p>    Menaces de frappes \u00ab\u00a0plus dures\u00a0\u00bb<\/p>\n<p class=\"ap-StoryElement ap-StoryElement--mb ap-StoryText\">En cas de poursuite des hostilit\u00e9s, les frappes \u00ab\u00a0contre les b\u00e2timents militaires am\u00e9ricains dans la r\u00e9gion seront plus dures qu&rsquo;auparavant et pourraient s&rsquo;\u00e9tendre\u00a0\u00bb, a menac\u00e9 Khatam al-Anbiya, le commandement militaire central interarm\u00e9es iranien.<\/p>\n<p class=\"ap-StoryElement ap-StoryElement--mb ap-StoryText\">Washington a r\u00e9alis\u00e9 ces nouvelles frappes apr\u00e8s qu&rsquo;un porte-avions et un destroyer am\u00e9ricains \u00ab\u00a0ont \u00e9chapp\u00e9 \u00e0 de multiples attaques iraniennes non provoqu\u00e9es\u00a0\u00bb, a rapport\u00e9 l&rsquo;arm\u00e9e des Etats-Unis, ajoutant qu&rsquo;aucun de ses miliaires n&rsquo;avait \u00e9t\u00e9 bless\u00e9.<\/p>\n<p class=\"ap-StoryElement ap-StoryElement--mb ap-StoryText\">Selon un correspondant de la t\u00e9l\u00e9vision d&rsquo;Etat iranienne sur place, le bombardement du p\u00e9trolier pr\u00e8s de l&rsquo;\u00eele de Kharg n&rsquo;a pas fait de victimes.<\/p>\n<p class=\"ap-StoryElement ap-StoryElement--mb ap-StoryText\">Un autre journaliste de la m\u00eame cha\u00eene \u00e0 Jask, qui a fait \u00e9tat d&rsquo;attaques contre deux p\u00e9troliers \u00ab\u00a0\u00e0 proximit\u00e9 de la ville\u00a0\u00bb, a affirm\u00e9 que l&rsquo;un \u00ab\u00a0\u00e9tait vide\u00a0\u00bb et que le second \u00ab\u00a0transportait du p\u00e9trole\u00a0\u00bb. Les \u00e9quipages ont \u00e9t\u00e9 transf\u00e9r\u00e9s \u00e0 terre selon lui.<\/p>\n<p class=\"ap-StoryElement ap-StoryElement--mb ap-StoryText\">Apr\u00e8s un mois d&rsquo;ao\u00fbt marqu\u00e9 par une baisse notable des frappes, les affrontements ont repris le 30 \u00e0 l&rsquo;initiative de l&rsquo;arm\u00e9e am\u00e9ricaine, qui a dit vouloir emp\u00eacher des roquettes charg\u00e9es de mines marines d&rsquo;\u00eatre tir\u00e9es dans le d\u00e9troit d&rsquo;Ormuz.<\/p>\n<p><a href=\"https:\/\/www.dhnet.be\/actu\/monde\/2026\/09\/05\/guerre-au-moyen-orient-liran-promet-des-represailles-plus-dures-si-les-attaques-americaines-se-poursuivent-QYPIQQRCOBBPNIDWPEYGZEDMJI\/\" target=\"_self\" class=\"ap-StoryInterstitialLink ap-StoryElement ap-StoryElement--mb\" rel=\"nofollow noopener\">Guerre au Moyen-Orient : l&rsquo;Iran promet des repr\u00e9sailles \u00ab\u00a0plus dures\u00a0\u00bb si les attaques am\u00e9ricaines se poursuivent<\/a>Affrontements sanglants au Y\u00e9men<\/p>\n<p class=\"ap-StoryElement ap-StoryElement--mb ap-StoryText\">L&rsquo;Iran a r\u00e9pondu en ciblant ses voisins du Golfe, comme depuis le d\u00e9but du conflit d\u00e9clench\u00e9 par une offensive am\u00e9ricano-isra\u00e9lienne contre lui fin f\u00e9vrier.<\/p>\n<p class=\"ap-StoryElement ap-StoryElement--mb ap-StoryText\">Le pr\u00e9sident am\u00e9ricain Donald Trump a estim\u00e9 vendredi que les Etats-Unis menaient des \u00ab\u00a0frappes ponctuelles\u00a0\u00bb en Iran, assurant \u00ab\u00a0ne pas \u00eatre actuellement en train de se battre\u00a0\u00bb.<\/p>\n<p class=\"ap-StoryElement ap-StoryElement--mb ap-StoryText\">Afin de renforcer sa pression \u00e9conomique, Washington a annonc\u00e9 de nouvelles sanctions contre T\u00e9h\u00e9ran, qui en subit d\u00e9j\u00e0 depuis des d\u00e9cennies.<\/p>\n<p class=\"ap-StoryElement ap-StoryElement--mb ap-StoryText\">\u00ab\u00a0Si vous tirez sur deux de nos navires, nous vous imposerons un prix \u00e9conomique encore plus grand\u00a0: vous en prendre trois\u00a0\u00bb, a affirm\u00e9 le chef du Centcom, Brad Cooper, apr\u00e8s les frappes de samedi.<\/p>\n<p><a href=\"https:\/\/www.dhnet.be\/actu\/monde\/2026\/09\/04\/guerre-au-moyen-orient-donald-trump-dit-que-la-guerre-en-iran-cest-de-la-gnognotte-ZXP2AMADTZDOHBY3LTUHXETRIA\/\" target=\"_self\" class=\"ap-StoryInterstitialLink ap-StoryElement ap-StoryElement--mb\" rel=\"nofollow noopener\">Guerre au Moyen-Orient: Donald Trump dit que la guerre en Iran, c&rsquo;est de la \u00ab\u00a0gnognotte\u00a0\u00bb<\/a><\/p>\n<p class=\"ap-StoryElement ap-StoryElement--mb ap-StoryText\">Le conflit, qui a fait des milliers de morts et entra\u00een\u00e9 une flamb\u00e9e des cours du p\u00e9trole, s&rsquo;est \u00e9tendu dans la r\u00e9gion, avec plusieurs fronts.<\/p>\n<p class=\"ap-StoryElement ap-StoryElement--mb ap-StoryText\">Au Y\u00e9men, o\u00f9 les hostilit\u00e9s entre les forces gouvernementales et les rebelles houthis pro-iraniens connaissaient depuis des ann\u00e9es un r\u00e9pit \u00e0 la faveur d&rsquo;une tr\u00eave, de nouveaux combats ont fait pr\u00e8s de 200 morts depuis jeudi.<\/p>\n<p class=\"ap-StoryElement ap-StoryElement--mb ap-StoryText\">Au Liban, pays entra\u00een\u00e9 dans la guerre en mars par le Hezbollah, autre alli\u00e9 de T\u00e9h\u00e9ran, l&rsquo;arm\u00e9e isra\u00e9lienne a ordonn\u00e9 t\u00f4t dimanche l&rsquo;\u00e9vacuation imm\u00e9diate d&rsquo;une localit\u00e9 d&rsquo;Arab Salim (sud) en pr\u00e9vision de frappes contre ce mouvement chiite.<\/p>\n<p class=\"ap-StoryElement ap-StoryElement--mb ap-StoryText\">Vendredi soir, des bombardements isra\u00e9liens avaient fait quatre morts, selon le minist\u00e8re de la Sant\u00e9 libanais.<\/p>\n","protected":false},"excerpt":{"rendered":"Plus t\u00f4t, ils avaient annonc\u00e9 avoir \u00ab\u00a0cibl\u00e9 trois p\u00e9troliers sur des passages non autoris\u00e9s dans le d\u00e9troit d&rsquo;Ormuz&hellip;\n","protected":false},"author":2,"featured_media":241310,"comment_status":"","ping_status":"","sticky":false,"template":"","format":"standard","meta":{"footnotes":"","_share_on_mastodon":"0"},"categories":[9],"tags":[12,13,18,17,75237,34,56,5367,2514,31,2208,5682,5683,4137,67,567,32],"class_list":["post-241309","post","type-post","status-publish","format-standard","has-post-thumbnail","category-international","tag-be","tag-be-fr","tag-belgique","tag-belgium","tag-brad-cooper","tag-donald-trump","tag-energie","tag-gaz","tag-guerre","tag-international","tag-iran","tag-mer","tag-petrole","tag-production","tag-transport","tag-usa","tag-world-news"],"share_on_mastodon":{"url":"https:\/\/pubeurope.com\/@be_fr\/117223969808153172","error":""},"_links":{"self":[{"href":"https:\/\/www.europesays.com\/be-fr\/wp-json\/wp\/v2\/posts\/241309","targetHints":{"allow":["GET"]}}],"collection":[{"href":"https:\/\/www.europesays.com\/be-fr\/wp-json\/wp\/v2\/posts"}],"about":[{"href":"https:\/\/www.europesays.com\/be-fr\/wp-json\/wp\/v2\/types\/post"}],"author":[{"embeddable":true,"href":"https:\/\/www.europesays.com\/be-fr\/wp-json\/wp\/v2\/users\/2"}],"replies":[{"embeddable":true,"href":"https:\/\/www.europesays.com\/be-fr\/wp-json\/wp\/v2\/comments?post=241309"}],"version-history":[{"count":0,"href":"https:\/\/www.europesays.com\/be-fr\/wp-json\/wp\/v2\/posts\/241309\/revisions"}],"wp:featuredmedia":[{"embeddable":true,"href":"https:\/\/www.europesays.com\/be-fr\/wp-json\/wp\/v2\/media\/241310"}],"wp:attachment":[{"href":"https:\/\/www.europesays.com\/be-fr\/wp-json\/wp\/v2\/media?parent=241309"}],"wp:term":[{"taxonomy":"category","embeddable":true,"href":"https:\/\/www.europesays.com\/be-fr\/wp-json\/wp\/v2\/categories?post=241309"},{"taxonomy":"post_tag","embeddable":true,"href":"https:\/\/www.europesays.com\/be-fr\/wp-json\/wp\/v2\/tags?post=241309"}],"curies":[{"name":"wp","href":"https:\/\/api.w.org\/{rel}","templated":true}]}}