{"id":241405,"date":"2026-09-06T13:21:09","date_gmt":"2026-09-06T13:21:09","guid":{"rendered":"https:\/\/www.europesays.com\/be-fr\/241405\/"},"modified":"2026-09-06T13:21:09","modified_gmt":"2026-09-06T13:21:09","slug":"au-pied-leve-orelsan-remplace-gims-souffrant-gros-ouf-de-soulagement-pour-le-festival-la-flume-enchantee","status":"publish","type":"post","link":"https:\/\/www.europesays.com\/be-fr\/241405\/","title":{"rendered":"Au pied lev\u00e9, Orelsan remplace Gims, souffrant. Gros ouf de soulagement pour le festival La Flume Enchant\u00e9e"},"content":{"rendered":"<p class=\"article__intro\">Le festival La Flume enchant\u00e9e, \u00e0 G\u00e9vez\u00e9 pr\u00e8s de Rennes, s&rsquo;ouvre vendredi prochain, et Gims s&rsquo;annon\u00e7ait comme la t\u00eate d&rsquo;affiche du week-end. Mais le rappeur a d\u00fb annuler sa venue pour raison de sant\u00e9. C&rsquo;est Orelsan qui a repris le flambeau, au grand soulagement de l&rsquo;organisation.<\/p>\n<p>\u00ab\u00a0Il nous a vraiment sauv\u00e9s le dimanche, voir tout le week-end !\u00a0\u00bb Louis Larcher, copr\u00e9sident du festival La Flume enchant\u00e9e n&rsquo;a pas assez de mots pour remercier Orelsan. \u00ab\u00a0C&rsquo;\u00e9tait super sympa de sa part, on le remercie \u00e9norm\u00e9ment !\u00a0\u00bb L&rsquo;artiste normand s&rsquo;est en effet tr\u00e8s rapidement port\u00e9 volontaire pour remplacer Gims sur la sc\u00e8ne du festival de G\u00e9vez\u00e9, au nord-ouest de Rennes, ce dimanche 13 septembre 2026.<\/p>\n<p>Cette derni\u00e8re semaine a d\u00fb para\u00eetre interminable aux organisateurs du festival, qui apprennent mercredi, (le 2 septembre), \u00e0 moins de dix jours des premiers concerts, que Gims est contraint, pour raison de sant\u00e9, d&rsquo;annuler sa venue, comme sa tourn\u00e9e canadienne. Le rappeur souffrant, arr\u00eat\u00e9 pour deux semaines, \u00ab\u00a0partage la d\u00e9ception de toutes celles et tous ceux qui avaient pr\u00e9vu d&rsquo;\u00eatre pr\u00e9sents et remercie le festival et son public pour leur compr\u00e9hension et leur soutien.\u00a0\u00bb<\/p>\n<p>C&rsquo;est alors un peu la panique, l&rsquo;\u00e9quipe de <a href=\"https:\/\/www.festival-laflumeenchantee.fr\/\" target=\"_blank\" rel=\"noopener noreferrer nofollow\" data-tooltip-url=\"https:\/\/www.festival-laflumeenchantee.fr\/\">La Flume enchant\u00e9e <\/a>se r\u00e9unit en urgence, \u00ab\u00a0On s&rsquo;est mis des noms sur une feuille\u00a0\u00bb raconte le copr\u00e9sident. \u00ab\u00a0Nous avons cherch\u00e9 dans les artistes fran\u00e7ais, Gims \u00e9tait notre t\u00eate d&rsquo;affiche et il fallait quelqu&rsquo;un d&rsquo;\u00e9quivalent. Et puis, nous avons contact\u00e9 les bo\u00eetes de production, mais la difficult\u00e9 c&rsquo;\u00e9tait de trouver quelqu&rsquo;un de disponible, que toute son \u00e9quipe le soit aussi, comme le mat\u00e9riel.\u00a0\u00bb<\/p>\n<p>Le lendemain, Orelsan leur appara\u00eet comme susceptible d&rsquo;\u00eatre pr\u00e9sent. Sa production est contact\u00e9e. \u00ab\u00a0Le vendredi matin on a re\u00e7u le contrat, relate Louis Larcher, et l\u00e0, on a fait partir la communication.\u00a0\u00bbs<\/p>\n<p class=\"ftvi_citation_quote\">Orelsan \u00e9tait interess\u00e9 pour venir et il \u00e9tait curieux de d\u00e9couvrir le festival, ce qui est plut\u00f4t une excellente nouvelle !<\/p>\n<p>Louis Larcher<\/p>\n<p class=\"ftvi_citation_source\">copr\u00e9sident du festival La Flume enchant\u00e9e<\/p>\n<p>\u00ab\u00a0Orelsan \u00e9tait int\u00e9ress\u00e9 pour venir et il \u00e9tait curieux de d\u00e9couvrir le festival, ce qui est plut\u00f4t une excellente nouvelle !\u00a0\u00bb sourit le copr\u00e9sident, qui a encore du mal \u00e0 r\u00e9aliser.<\/p>\n<p>\u00ab\u00a0On ne pensait pas pouvoir vous annoncer une telle nouvelle \u00e0 quelques jours du festival\u2026 Et on est tellement heureux de voir Orelsan rejoindre cette programmation d\u00e9j\u00e0 incroyable ! Orelsan \u00e0 La Flume\u2026 Franchement, on ne l\u2019avait pas vu venir non plus,\u00a0\u00bb \u00e9crivent d&rsquo;ailleurs les organisateurs sur les r\u00e9seaux. Une programmation qui compte notamment Big Flo &amp; Oli, Bob Sinclar, Offenbach, Skip The Use, Claudio Cap\u00e9o, Luiza ou Zaz.<\/p>\n<p>L&rsquo;organisation a malgr\u00e9 tout v\u00e9cu quelques heures compliqu\u00e9es. \u00ab\u00a0On avait des craintes au d\u00e9but par rapport au d\u00e9sistement, du c\u00f4t\u00e9 du public, qui venait pour voir Gims. Et en fait, il y a eu un fort engouement tout de suite, assure le responsable, on a re\u00e7u le soutien des gens, qui ont applaudi la r\u00e9action d&rsquo;Orelsan. On a eu une tr\u00e8s grosse peur, mais nous sommes tr\u00e8s contents finalement !\u00a0\u00bb<\/p>\n<p>\u00ab\u00a0On a vraiment eu de la chance !\u00a0\u00bb souffle Louis Larcher. C&rsquo;est vrai que des d\u00e9sistements d&rsquo;artistes peuvent survenir, mais des remplacements comme celui-l\u00e0, \u00e0 la derni\u00e8re minute, on peut dire que c&rsquo;est assez exceptionnel.<\/p>\n","protected":false},"excerpt":{"rendered":"Le festival La Flume enchant\u00e9e, \u00e0 G\u00e9vez\u00e9 pr\u00e8s de Rennes, s&rsquo;ouvre vendredi prochain, et Gims s&rsquo;annon\u00e7ait comme la&hellip;\n","protected":false},"author":2,"featured_media":241406,"comment_status":"","ping_status":"","sticky":false,"template":"","format":"standard","meta":{"footnotes":"","_share_on_mastodon":"0"},"categories":[98],"tags":[12,13,18,17,96,95,107,108],"class_list":["post-241405","post","type-post","status-publish","format-standard","has-post-thumbnail","category-musique","tag-be","tag-be-fr","tag-belgique","tag-belgium","tag-divertissement","tag-entertainment","tag-music","tag-musique"],"share_on_mastodon":{"url":"https:\/\/pubeurope.com\/@be_fr\/117224307966757951","error":""},"_links":{"self":[{"href":"https:\/\/www.europesays.com\/be-fr\/wp-json\/wp\/v2\/posts\/241405","targetHints":{"allow":["GET"]}}],"collection":[{"href":"https:\/\/www.europesays.com\/be-fr\/wp-json\/wp\/v2\/posts"}],"about":[{"href":"https:\/\/www.europesays.com\/be-fr\/wp-json\/wp\/v2\/types\/post"}],"author":[{"embeddable":true,"href":"https:\/\/www.europesays.com\/be-fr\/wp-json\/wp\/v2\/users\/2"}],"replies":[{"embeddable":true,"href":"https:\/\/www.europesays.com\/be-fr\/wp-json\/wp\/v2\/comments?post=241405"}],"version-history":[{"count":0,"href":"https:\/\/www.europesays.com\/be-fr\/wp-json\/wp\/v2\/posts\/241405\/revisions"}],"wp:featuredmedia":[{"embeddable":true,"href":"https:\/\/www.europesays.com\/be-fr\/wp-json\/wp\/v2\/media\/241406"}],"wp:attachment":[{"href":"https:\/\/www.europesays.com\/be-fr\/wp-json\/wp\/v2\/media?parent=241405"}],"wp:term":[{"taxonomy":"category","embeddable":true,"href":"https:\/\/www.europesays.com\/be-fr\/wp-json\/wp\/v2\/categories?post=241405"},{"taxonomy":"post_tag","embeddable":true,"href":"https:\/\/www.europesays.com\/be-fr\/wp-json\/wp\/v2\/tags?post=241405"}],"curies":[{"name":"wp","href":"https:\/\/api.w.org\/{rel}","templated":true}]}}