{"id":241421,"date":"2026-09-06T13:35:26","date_gmt":"2026-09-06T13:35:26","guid":{"rendered":"https:\/\/www.europesays.com\/be-fr\/241421\/"},"modified":"2026-09-06T13:35:26","modified_gmt":"2026-09-06T13:35:26","slug":"les-concerts-les-plus-longs-et-les-plus-courts-de-lhistoire-du-rock","status":"publish","type":"post","link":"https:\/\/www.europesays.com\/be-fr\/241421\/","title":{"rendered":"Les concerts les plus longs et les plus courts de l\u2019histoire du rock"},"content":{"rendered":"<p style=\"text-align:start\">Du c\u00f4t\u00e9 des concerts brefs, on signalera bien entendu The Jesus and Mary Chain\u00a0: Au milieu des ann\u00e9es\u00a01980, ces figures du rock ind\u00e9pendant et shoegaze britannique \u00e9taient c\u00e9l\u00e8bres pour jouer dos au public, noy\u00e9s sous le feedback et la fum\u00e9e, avant de saccager leur mat\u00e9riel ou d\u2019arr\u00eater le concert au bout d\u2019un quart d\u2019heure, provoquant r\u00e9guli\u00e8rement des \u00e9meutes. Des prestations n\u2019ont pas d\u00e9pass\u00e9 les dix minutes.<\/p>\n<p style=\"text-align:start\">Le record du concert le plus court annul\u00e9 involontairement est d\u00e9tenu par le groupe britannique\u00a0The Who.\u00a0Le 13\u00a0mars 2007, \u00e0 Tampa en Floride, le groupe monte sur sc\u00e8ne face \u00e0 9000 fans.\u00a0Pete Townshend plaque les premiers accords de\u00a0I Can\u2019t Explain, mais le chanteur Roger Daltrey, terrass\u00e9 par une bronchite foudroyante, r\u00e9alise instantan\u00e9ment qu\u2019il est incapable d\u2019\u00e9mettre un son et quitte la sc\u00e8ne.\u00a0Bilan\u00a0: 13 secondes de concert.\u00a0Le groupe reprogrammera la date deux semaines plus tard pour se rattraper.<\/p>\n<p style=\"text-align:start\">\u00c0 l\u2019inverse de l\u2019annulation pour cause de maladie, The White Stripes\u00a0ont sciemment th\u00e9oris\u00e9 la bri\u00e8vet\u00e9. Le 16\u00a0juillet 2007 \u00e0 St. John\u2019s, au Canada, Jack et Meg White ont donn\u00e9 ce qui reste le concert conceptuel le plus court de l\u2019histoire. Jack White est mont\u00e9 sur une sc\u00e8ne en plein air, a jou\u00e9\u00a0une seule note\u00a0de guitare (un C#), a lanc\u00e9 un\u00a0\u00ab\u00a0Thank you very much, we are the White Stripes\u00a0!\u00a0\u00bb\u00a0\u00e0 la foule abasourdie, et le duo s\u2019est \u00e9clips\u00e9. Ce concert d\u2019une fraction de seconde visait \u00e0 jouer dans chaque province et territoire du Canada lors de leur tourn\u00e9e, poussant l\u2019id\u00e9e du concert symbolique \u00e0 son paroxysme.<\/p>\n<p style=\"text-align:start\">Bref, qu\u2019il s\u2019agisse de tester les limites physiques des musiciens ou de jouer avec les attentes du public, ces extr\u00eames rappellent que la sc\u00e8ne rock demeure un espace d\u2019exp\u00e9rimentation o\u00f9 le temps n\u2019est plus une simple mesure, mais (parfois) un \u00e9l\u00e9ment du spectacle \u00e0 part enti\u00e8re.<\/p>\n","protected":false},"excerpt":{"rendered":"Du c\u00f4t\u00e9 des concerts brefs, on signalera bien entendu The Jesus and Mary Chain\u00a0: Au milieu des ann\u00e9es\u00a01980,&hellip;\n","protected":false},"author":2,"featured_media":241422,"comment_status":"","ping_status":"","sticky":false,"template":"","format":"standard","meta":{"footnotes":"","_share_on_mastodon":"0"},"categories":[98],"tags":[12,13,18,17,96,95,107,108],"class_list":["post-241421","post","type-post","status-publish","format-standard","has-post-thumbnail","category-musique","tag-be","tag-be-fr","tag-belgique","tag-belgium","tag-divertissement","tag-entertainment","tag-music","tag-musique"],"share_on_mastodon":{"url":"https:\/\/pubeurope.com\/@be_fr\/117224362900679753","error":""},"_links":{"self":[{"href":"https:\/\/www.europesays.com\/be-fr\/wp-json\/wp\/v2\/posts\/241421","targetHints":{"allow":["GET"]}}],"collection":[{"href":"https:\/\/www.europesays.com\/be-fr\/wp-json\/wp\/v2\/posts"}],"about":[{"href":"https:\/\/www.europesays.com\/be-fr\/wp-json\/wp\/v2\/types\/post"}],"author":[{"embeddable":true,"href":"https:\/\/www.europesays.com\/be-fr\/wp-json\/wp\/v2\/users\/2"}],"replies":[{"embeddable":true,"href":"https:\/\/www.europesays.com\/be-fr\/wp-json\/wp\/v2\/comments?post=241421"}],"version-history":[{"count":0,"href":"https:\/\/www.europesays.com\/be-fr\/wp-json\/wp\/v2\/posts\/241421\/revisions"}],"wp:featuredmedia":[{"embeddable":true,"href":"https:\/\/www.europesays.com\/be-fr\/wp-json\/wp\/v2\/media\/241422"}],"wp:attachment":[{"href":"https:\/\/www.europesays.com\/be-fr\/wp-json\/wp\/v2\/media?parent=241421"}],"wp:term":[{"taxonomy":"category","embeddable":true,"href":"https:\/\/www.europesays.com\/be-fr\/wp-json\/wp\/v2\/categories?post=241421"},{"taxonomy":"post_tag","embeddable":true,"href":"https:\/\/www.europesays.com\/be-fr\/wp-json\/wp\/v2\/tags?post=241421"}],"curies":[{"name":"wp","href":"https:\/\/api.w.org\/{rel}","templated":true}]}}