{"id":241489,"date":"2026-09-06T14:44:21","date_gmt":"2026-09-06T14:44:21","guid":{"rendered":"https:\/\/www.europesays.com\/be-fr\/241489\/"},"modified":"2026-09-06T14:44:21","modified_gmt":"2026-09-06T14:44:21","slug":"lalbum-photos-de-michel-sardou-dans-son-appartement-de-famille-a-paris-avec-moquette-au-sol-et-canape-chesterfield","status":"publish","type":"post","link":"https:\/\/www.europesays.com\/be-fr\/241489\/","title":{"rendered":"L&rsquo;album photos de Michel Sardou dans son appartement de famille \u00e0 Paris, avec moquette au sol et canap\u00e9 chesterfield"},"content":{"rendered":"<p>Avec Les Lacs du Connemara, Je vais t&rsquo;aimer, La Maladie d&rsquo;amour ou encore En chantant, <a href=\"https:\/\/www.purepeople.com\/people\/michel-sardou_p1371\" rel=\"nofollow noopener\" target=\"_blank\">Michel Sardou<\/a> a sign\u00e9 quelques-unes des plus grandes chansons du patrimoine fran\u00e7ais. Apr\u00e8s plus de soixante ans de carri\u00e8re, des millions d&rsquo;albums vendus et une ultime tourn\u00e9e achev\u00e9e en 2024, l&rsquo;artiste a tourn\u00e9 la page de la sc\u00e8ne. Bien avant de s&rsquo;installer dans le Var, le chanteur avait exceptionnellement ouvert les portes de son appartement parisien, o\u00f9 il partageait son quotidien avec <a href=\"https:\/\/www.purepeople.com\/article\/davy-sardou-son-pere-michel-divorce-d-elisabeth-haas-les-declarations-du-chanteur-sur-leur-rupture_a523726\/1\" rel=\"nofollow noopener\" target=\"_blank\">son \u00e9pouse de l&rsquo;\u00e9poque, Elisabeth Haas, dite Babeth<\/a>, et leurs enfants.<\/p>\n<p>Un bureau, un Minitel et des devoirs : le quotidien de Michel Sardou \u00e0 Paris<\/p>\n<p>Les clich\u00e9s, r\u00e9alis\u00e9s entre 1985 et 1989, d\u00e9voilent un int\u00e9rieur \u00e0 la fois \u00e9l\u00e9gant et tr\u00e8s vivant. Dans l&rsquo;une des pi\u00e8ces, Michel Sardou est install\u00e9 sur une chaise derri\u00e8re un imposant bureau noir, surmont\u00e9 d&rsquo;un vaste tableau accroch\u00e9 au mur. D&rsquo;autres photos le montrent concentr\u00e9 devant une machine \u00e0 \u00e9crire, puis devant un Minitel, v\u00e9ritable anc\u00eatre de l&rsquo;ordinateur moderne, qui rappelle toute une \u00e9poque. Mais derri\u00e8re la star de la chanson appara\u00eet surtout un p\u00e8re de famille investi. Une s\u00e9rie d&rsquo;images le montre ainsi en train d&rsquo;initier <a href=\"https:\/\/www.purepeople.com\/article\/lachez-moi-avec-ca-le-fils-de-michel-sardou-davy-met-les-choses-au-clair_a538707\/1\" rel=\"nofollow noopener\" target=\"_blank\">son fils Davy, \u00e2g\u00e9 de 9 ans \u00e0 l&rsquo;\u00e9poque<\/a>, au golf&#8230; directement dans le salon de l&rsquo;appartement. Plus loin, il aide Davy et <a href=\"https:\/\/www.purepeople.com\/article\/romain-sardou-n-est-pas-uniquement-un-ecrivain-a-succes-son-autre-grand-projet-peut-sauver-des-vies_a526055\/1\" rel=\"nofollow noopener\" target=\"_blank\">son fr\u00e8re Romain, alors \u00e2g\u00e9 de 13 ans<\/a>, \u00e0 faire leurs devoirs dans ce qui semble \u00eatre un bureau. Une sc\u00e8ne familiale des plus classiques, loin des salles de concert, qui contraste avec l&rsquo;immense popularit\u00e9 de l&rsquo;interpr\u00e8te des Lacs du Connemara.<\/p>\n<p>Chez Michel Sardou, une d\u00e9coration \u00e9l\u00e9gante et un \u00e9crin de verdure en plein Paris<\/p>\n<p>L&rsquo;appartement r\u00e9v\u00e8le \u00e9galement une d\u00e9coration particuli\u00e8rement soign\u00e9e. Le salon est domin\u00e9 par des teintes brunes, avec une moquette \u00e9paisse, un canap\u00e9 Chesterfield en cuir marron fonc\u00e9, une biblioth\u00e8que int\u00e9gr\u00e9e et plusieurs masques accroch\u00e9s aux murs. Dans une autre pi\u00e8ce, des rideaux aux nuances brique prolongent cette atmosph\u00e8re chaleureuse. Si l&rsquo;ensemble para\u00eet assez sombre au premier regard, une immense baie vitr\u00e9e ouvre pourtant largement le logement sur l&rsquo;ext\u00e9rieur. La vue surprend : loin de l&rsquo;agitation parisienne, la v\u00e9g\u00e9tation omnipr\u00e9sente donne presque l&rsquo;impression d&rsquo;\u00eatre \u00e0 la campagne. Le couple s&rsquo;est m\u00eame pr\u00eat\u00e9 \u00e0 une s\u00e9ance photo dans ce d\u00e9cor verdoyant. Dans le couloir, Michel Sardou pose d&rsquo;ailleurs aux c\u00f4t\u00e9s de Babeth, sacs de voyage \u00e0 la main, dont un embl\u00e9matique Keepall sign\u00e9 Louis Vuitton, comme s&rsquo;ils s&rsquo;appr\u00eataient \u00e0 quitter leur cocon familial pour reprendre la route.<\/p>\n<p>Michel Sardou savoure d\u00e9sormais une retraite paisible dans le Var<\/p>\n<p>Cette parenth\u00e8se parisienne appartient d\u00e9sormais au pass\u00e9. Depuis la fin de sa tourn\u00e9e Je me souviens d&rsquo;un adieu, dont le dernier concert s&rsquo;est tenu en mars 2024, Michel Sardou profite de sa retraite dans <a href=\"https:\/\/www.purepeople.com\/article\/michel-sardou-proprietaire-d-une-villa-de-500m2-dans-le-sud-le-chanteur-apprecie-une-chose-devenue-impossible-a-paris_a545250\/1\" rel=\"nofollow noopener\" target=\"_blank\">une vaste propri\u00e9t\u00e9 de 500 m\u00b2 situ\u00e9e au Cap B\u00e9nat, \u00e0 Bormes-les-Mimosas<\/a>, o\u00f9 il vit avec <a href=\"https:\/\/www.purepeople.com\/article\/elle-ma-faconne-une-nouvelle-vie-michel-sardou-evoque-sa-femme-anne-marie-perier-et-tout-ce-quelle-fait-pour-lui-dans-lombre_a552550\/1\" rel=\"nofollow noopener\" target=\"_blank\">son \u00e9pouse actuelle Anne-Marie P\u00e9rier<\/a>. Apr\u00e8s avoir r\u00e9sid\u00e9 en Normandie, \u00e0 Paris, \u00e0 Neuilly-sur-Seine ou encore en Floride, le chanteur dit avoir trouv\u00e9 l&rsquo;endroit id\u00e9al pour profiter d&rsquo;une vie plus paisible. \u00ab\u00a0Je ne voulais pas de Nice, ni de Cannes. J&rsquo;ai d&rsquo;abord cherch\u00e9 vers Cassis avant de m&rsquo;installer ici\u2026 J&rsquo;ai regard\u00e9 la vue\u2026 Ici, on ne m&#8217;emb\u00eate pas. On ne me demande pas de selfie\u00a0\u00bb, expliquait-il \u00e0 Var-Matin. Entre les promenades avec sa chienne Sissi, les travaux r\u00e9alis\u00e9s dans sa maison et <a href=\"https:\/\/www.purepeople.com\/article\/michel-sardou-a-bormes-les-mimosas-pour-une-partie-de-boules-le-chanteur-prepare-un-rendez-vous-unique-dedie-a-une-personne-tres-speciale_a550488\/1\" rel=\"nofollow noopener\" target=\"_blank\">son projet d&rsquo;organiser un concours de p\u00e9tanque<\/a> en hommage \u00e0 son p\u00e8re, Michel Sardou semble aujourd&rsquo;hui savourer une retraite active, loin de l&rsquo;effervescence qui a longtemps accompagn\u00e9 sa carri\u00e8re.<\/p>\n","protected":false},"excerpt":{"rendered":"Avec Les Lacs du Connemara, Je vais t&rsquo;aimer, La Maladie d&rsquo;amour ou encore En chantant, Michel Sardou a&hellip;\n","protected":false},"author":2,"featured_media":241490,"comment_status":"","ping_status":"","sticky":false,"template":"","format":"standard","meta":{"footnotes":"","_share_on_mastodon":"0"},"categories":[98],"tags":[12,13,18,17,96,95,107,108],"class_list":["post-241489","post","type-post","status-publish","format-standard","has-post-thumbnail","category-musique","tag-be","tag-be-fr","tag-belgique","tag-belgium","tag-divertissement","tag-entertainment","tag-music","tag-musique"],"share_on_mastodon":{"url":"https:\/\/pubeurope.com\/@be_fr\/117224633869548933","error":""},"_links":{"self":[{"href":"https:\/\/www.europesays.com\/be-fr\/wp-json\/wp\/v2\/posts\/241489","targetHints":{"allow":["GET"]}}],"collection":[{"href":"https:\/\/www.europesays.com\/be-fr\/wp-json\/wp\/v2\/posts"}],"about":[{"href":"https:\/\/www.europesays.com\/be-fr\/wp-json\/wp\/v2\/types\/post"}],"author":[{"embeddable":true,"href":"https:\/\/www.europesays.com\/be-fr\/wp-json\/wp\/v2\/users\/2"}],"replies":[{"embeddable":true,"href":"https:\/\/www.europesays.com\/be-fr\/wp-json\/wp\/v2\/comments?post=241489"}],"version-history":[{"count":0,"href":"https:\/\/www.europesays.com\/be-fr\/wp-json\/wp\/v2\/posts\/241489\/revisions"}],"wp:featuredmedia":[{"embeddable":true,"href":"https:\/\/www.europesays.com\/be-fr\/wp-json\/wp\/v2\/media\/241490"}],"wp:attachment":[{"href":"https:\/\/www.europesays.com\/be-fr\/wp-json\/wp\/v2\/media?parent=241489"}],"wp:term":[{"taxonomy":"category","embeddable":true,"href":"https:\/\/www.europesays.com\/be-fr\/wp-json\/wp\/v2\/categories?post=241489"},{"taxonomy":"post_tag","embeddable":true,"href":"https:\/\/www.europesays.com\/be-fr\/wp-json\/wp\/v2\/tags?post=241489"}],"curies":[{"name":"wp","href":"https:\/\/api.w.org\/{rel}","templated":true}]}}