{"id":241601,"date":"2026-09-06T16:27:14","date_gmt":"2026-09-06T16:27:14","guid":{"rendered":"https:\/\/www.europesays.com\/be-fr\/241601\/"},"modified":"2026-09-06T16:27:14","modified_gmt":"2026-09-06T16:27:14","slug":"la-casa-de-papel-que-devient-alba-flores-qui-jouait-nairobi-dans-la-serie-netflix","status":"publish","type":"post","link":"https:\/\/www.europesays.com\/be-fr\/241601\/","title":{"rendered":"La Casa de Papel : Que devient Alba Flores qui jouait Nairobi dans la s\u00e9rie Netflix ?"},"content":{"rendered":"<p>Si Alba Flores a fait ses premiers pas \u00e0 l&rsquo;\u00e9cran au milieu des ann\u00e9es 2000, ce n&rsquo;est qu&rsquo;\u00e0 partir de 2017 que l&rsquo;actrice a acquis une renomm\u00e9e mondiale gr\u00e2ce \u00e0 son r\u00f4le dans <a href=\"https:\/\/www.programme-tv.net\/news\/series-tv\/402232-la-casa-de-papel-un-nouveau-teaser-enflamme-confirme-le-retour-du-professeur-alvaro-morte-dans-la-nouvelle-serie-annoncee\/\" data-api-deeplink=\"teleloisirs:\/\/news\/402232\" rel=\"nofollow noopener\" target=\"_blank\">la s\u00e9rie Casa de Papel<\/a>, qui a connu le succ\u00e8s gr\u00e2ce \u00e0 Netflix.<\/p>\n<p>Pendant quatre saisons, elle a pr\u00eat\u00e9 ses traits \u00e0 la braqueuse au c\u0153ur tendre, <a href=\"https:\/\/www.programme-tv.net\/news\/series-tv\/277303-exclu-la-casa-de-papel-netflix-la-createur-explique-pourquoi-nairobi-alba-flores-naurait-pas-eu-sa-place-dans-la-saison-5\/\" data-api-deeplink=\"teleloisirs:\/\/news\/277303\" rel=\"nofollow noopener\" target=\"_blank\">Nairobi<\/a>. Malheureusement, son personnage a connu l&rsquo;une des morts les plus tristes du programme, succombant \u00e0 une balle avant la saison 5.<\/p>\n<p>Si la plupart des fans l&rsquo;ont d\u00e9couverte gr\u00e2ce \u00e0 la s\u00e9rie de braquage, certains la connaissaient d\u00e9j\u00e0 pour son apparition dans <a href=\"https:\/\/www.programme-tv.net\/news\/series-tv\/211322-derriere-les-barreaux-teva-que-vaut-cette-serie-des-createurs-de-la-casa-de-papel\/\" data-api-deeplink=\"teleloisirs:\/\/news\/211322\" rel=\"nofollow noopener\" target=\"_blank\">Derri\u00e8re les barreaux.<\/a> Entre 2015 et 2019, parall\u00e8lement au tournage de La Casa de Papel, elle a pr\u00eat\u00e9 ses traits \u00e0 un personnage phare de la s\u00e9rie, Saray Vargas. Elle a \u00e9t\u00e9 r\u00e9compens\u00e9e plusieurs fois pour ce r\u00f4le, notamment au Spanish Actors Union.<\/p>\n<p>                        Apr\u00e8s La Casa de Papel, Alba Flores est apparue dans une autre s\u00e9rie Netflix aux c\u00f4t\u00e9s de Najwa Nimri (Alicia)<\/p>\n<p>Depuis ces deux plus grands projets qui se sont achev\u00e9s avant 2020, ses apparitions \u00e0 l&rsquo;\u00e9cran se sont faites plus rares. En 2022, elle a tout de m\u00eame retrouv\u00e9 sa partenaire de jeu de Derri\u00e8re les barreaux et de La Casa de Papel, Najwa Nimri, dans une s\u00e9rie diffus\u00e9e sur Netflix. Les interpr\u00e8tes d&rsquo;Alcia Sierra et de Nairobi ont tenu les r\u00f4les principaux de <a href=\"https:\/\/www.programme-tv.net\/news\/series-tv\/341453-sur-lautel-de-la-famille-netflix-la-serie-aura-t-elle-une-saison-3\/\" data-api-deeplink=\"teleloisirs:\/\/news\/341453\" rel=\"nofollow noopener\" target=\"_blank\">Sur l&rsquo;autel de la famille<\/a> (Sagrada Familia).<\/p>\n<p>En 2023, les fans ont \u00e9galement eu l&rsquo;occasion de la retrouver dans un registre plus sombre, m\u00ealant drame et romance, dans Romancero. Dans cette s\u00e9rie en huit \u00e9pisodes propos\u00e9e par Prime Video, elle campe le r\u00f4le de Tabata. \u00ab\u00a0Jordan et Cornelia sont deux enfants perdus qui d\u00e9cident de s&rsquo;\u00e9vader au beau milieu de la nuit pour \u00e9chapper \u00e0 ceux qui les accusent de meurtre\u00a0\u00bb, indique le synopsis.<\/p>\n<p>Sur Instagram, l&rsquo;actrice partage r\u00e9guli\u00e8rement de ses nouvelles. En 2022, elle avait particip\u00e9 \u00e0 une campagne de soutien aux femmes d&rsquo;Iran en d\u00e9voilant une vid\u00e9o sur le r\u00e9seau social. Elle \u00e9tait apparue aux c\u00f4t\u00e9s d&rsquo;autres femmes en se coupant les cheveux. Depuis, elle a adopt\u00e9 les cheveux courts.<\/p>\n<p>Alba Flores a r\u00e9alis\u00e9 un documentaire en hommage \u00e0 son p\u00e8re, le chanteur Antonio Flores<\/p>\n<p>En mars dernier, elle partageait une photo d&rsquo;elle, troph\u00e9e en main, apr\u00e8s avoir re\u00e7u le Goya de la meilleure chanson originale pour son documentaire Flores para Antonio. \u00ab\u00a0Une nuit m\u00e9morable, un Goya sous le bras (&#8230;) ce voyage extraordinaire, \u00e0 la fois si intime et si public, o\u00f9 nous nous sommes engag\u00e9s \u00e0 placer mon p\u00e8re au centre de nos c\u0153urs\u00a0\u00bb, a-t-elle \u00e9crit en description.<\/p>\n<p>    <img decoding=\"async\" src=\"https:\/\/www.europesays.com\/be-fr\/wp-content\/uploads\/2026\/09\/1788712034_189_thumbnail.jpg\" alt=\"\"\/><\/p>\n<p>        \u00a9LALO YASKY \/ BESTIMAGE<\/p>\n<p>Quelques mois plus t\u00f4t, elle avait d\u00e9voil\u00e9 un documentaire hommage \u00e0 son p\u00e8re, le c\u00e9l\u00e8bre chanteur espagnol Antonio Flores, lui-m\u00eame fils des artistes Lola Flores et El Pescailla. Dans sa r\u00e9alisation, elle a ainsi pu livrer un r\u00e9cit intime sur la m\u00e9moire de l&rsquo;artiste, qui est d\u00e9c\u00e9d\u00e9 alors qu&rsquo;elle n&rsquo;avait que neuf ans.<\/p>\n<p>Pour son projet, elle a \u00e9galement interpr\u00e9t\u00e9 la chanson qui a \u00e9t\u00e9 r\u00e9compens\u00e9e par un Goya. \u00ab\u00a0Apr\u00e8s tout ce parcours de vie et ce film, je peux enfin r\u00e9pondre \u00e0 l&rsquo;amour de mon p\u00e8re avec une nouvelle chanson\u00a0\u00bb, a-t-elle \u00e9crit en description d&rsquo;un extrait du documentaire partag\u00e9 sur Instagram.<\/p>\n<p>Article \u00e9crit en collaboration avec 6M\u00e9dias.<\/p>\n","protected":false},"excerpt":{"rendered":"Si Alba Flores a fait ses premiers pas \u00e0 l&rsquo;\u00e9cran au milieu des ann\u00e9es 2000, ce n&rsquo;est qu&rsquo;\u00e0&hellip;\n","protected":false},"author":2,"featured_media":241602,"comment_status":"","ping_status":"","sticky":false,"template":"","format":"standard","meta":{"footnotes":"","_share_on_mastodon":"0"},"categories":[99],"tags":[1928,75361,12,13,18,17,512,118,96,95,75362,38024,75364,560,2573,2572,2438,112,75363],"class_list":["post-241601","post","type-post","status-publish","format-standard","has-post-thumbnail","category-television","tag-actrice","tag-alba-flores","tag-be","tag-be-fr","tag-belgique","tag-belgium","tag-channel_tl-story","tag-commentaire","tag-divertissement","tag-entertainment","tag-guid_6058381479001","tag-la-casa-de-papel","tag-la-casa-de-papel-saison-3","tag-netflix","tag-pub-streaming-netflix","tag-su00e9rie-netflix","tag-svod","tag-television","tag-uuid_ee38d982-108f-4002-bf04-d441c1ac1c3d"],"share_on_mastodon":{"url":"https:\/\/pubeurope.com\/@be_fr\/117225039660748132","error":""},"_links":{"self":[{"href":"https:\/\/www.europesays.com\/be-fr\/wp-json\/wp\/v2\/posts\/241601","targetHints":{"allow":["GET"]}}],"collection":[{"href":"https:\/\/www.europesays.com\/be-fr\/wp-json\/wp\/v2\/posts"}],"about":[{"href":"https:\/\/www.europesays.com\/be-fr\/wp-json\/wp\/v2\/types\/post"}],"author":[{"embeddable":true,"href":"https:\/\/www.europesays.com\/be-fr\/wp-json\/wp\/v2\/users\/2"}],"replies":[{"embeddable":true,"href":"https:\/\/www.europesays.com\/be-fr\/wp-json\/wp\/v2\/comments?post=241601"}],"version-history":[{"count":0,"href":"https:\/\/www.europesays.com\/be-fr\/wp-json\/wp\/v2\/posts\/241601\/revisions"}],"wp:featuredmedia":[{"embeddable":true,"href":"https:\/\/www.europesays.com\/be-fr\/wp-json\/wp\/v2\/media\/241602"}],"wp:attachment":[{"href":"https:\/\/www.europesays.com\/be-fr\/wp-json\/wp\/v2\/media?parent=241601"}],"wp:term":[{"taxonomy":"category","embeddable":true,"href":"https:\/\/www.europesays.com\/be-fr\/wp-json\/wp\/v2\/categories?post=241601"},{"taxonomy":"post_tag","embeddable":true,"href":"https:\/\/www.europesays.com\/be-fr\/wp-json\/wp\/v2\/tags?post=241601"}],"curies":[{"name":"wp","href":"https:\/\/api.w.org\/{rel}","templated":true}]}}