{"id":241765,"date":"2026-09-06T18:56:15","date_gmt":"2026-09-06T18:56:15","guid":{"rendered":"https:\/\/www.europesays.com\/be-fr\/241765\/"},"modified":"2026-09-06T18:56:15","modified_gmt":"2026-09-06T18:56:15","slug":"grand-prix-de-monza-charles-leclerc-victime-dun-accident-violent","status":"publish","type":"post","link":"https:\/\/www.europesays.com\/be-fr\/241765\/","title":{"rendered":"Grand Prix de Monza\u00a0: Charles Leclerc victime d\u2019un accident violent"},"content":{"rendered":"<p>  <img decoding=\"async\" class=\"r-img lazyloaded\" src=\"https:\/\/www.europesays.com\/be-fr\/wp-content\/uploads\/2026\/09\/1788720975_680_dalessandra.jpg\" alt=\"Thomas D'Alessandro\"\/><\/p>\n<p>par <a href=\"https:\/\/www.rtl.be\/373137\/dpi-authors\/thomas-dalessandro\" rel=\"nofollow noopener\" target=\"_blank\">Thomas D&rsquo;Alessandro<\/a><\/p>\n<p>\tPubli\u00e9 le 06 septembre \u00e0 16h28<\/p>\n<p>  <a href=\"https:\/\/www.google.com\/preferences\/source?q=rtl%20info\" class=\"r-link--google-favorites\" role=\"button\">Ajoutez-nous \u00e0 vos favoris Google<\/a><br \/>\n\tL\u2019iconique Grand Prix de Monza a lieu ce dimanche, et le pilote Ferrari Charles Leclerc a \u00e9t\u00e9 victime d\u2019un \u00e9norme accident lors du deuxi\u00e8me tour. En sortie de virage, le Mon\u00e9gasque a perdu le contr\u00f4le de sa monoplace avant de percuter le mur de pneu \u00e0 pleine vitesse.<\/p>\n<p>&#13;<br \/>\n&#13;<\/p>\n<p>Le Grand Prix d\u2019Italie de Formule 1, 13e manche de la saison, a \u00e9t\u00e9 interrompu dimanche au troisi\u00e8me tour apr\u00e8s un spectaculaire accident de Charles Leclerc (Ferrari), et n\u2019a repris qu\u2019apr\u00e8s 40 minutes environ avec un nouveau d\u00e9part depuis la grille. Troisi\u00e8me sur la grille, le Mon\u00e9gasque, qui avait pouss\u00e9 son co\u00e9quipier britannique Lewis Hamilton dans les graviers \u00e0 la premi\u00e8re chicane, a perdu le contr\u00f4le de sa monoplace \u00e0 la fin du deuxi\u00e8me tour, en pleine +Parabolica+, le dernier virage du mythique trac\u00e9 italien.<\/p>\n<p>Juste apr\u00e8s avoir \u00e9t\u00e9 doubl\u00e9 par le N\u00e9erlandais Max Verstappen (Red Bull), Leclerc a r\u00e9sist\u00e9 \u00e0 une attaque de l\u2019Australien Oscar Piastri (McLaren) \u00e0 l\u2019entr\u00e9e de ce long virage, mais en passant sur la bordure verte qui jouxte la piste, sa route arri\u00e8re gauche a d\u00e9rap\u00e9 et la voiture a fil\u00e9 tout droit dans les graviers avant de s\u2019\u00e9craser contre un mur de pneus.<\/p>\n<p>&#13;<br \/>\n&#13;<\/p>\n<p>&#13;<br \/>\n&#13;<\/p>\n<p>\n  <a class=\"embedly-card\" href=\"https:\/\/x.com\/F1BigData\/status\/2096588404599267486\" rel=\"nofollow\">uri<\/a>\n<\/p>\n<p>Malgr\u00e9 le choc violent, le Mon\u00e9gasque s\u2019est rapidement extrait de son baquet sans aide ext\u00e9rieure. Un drapeau jaune a \u00e9t\u00e9 brandi, puis c\u2019est la voiture de s\u00e9curit\u00e9 qui est entr\u00e9e en piste, avant qu\u2019un drapeau rouge, synonyme d\u2019interruption de la course, ne soit finalement sorti par les commissaires afin de r\u00e9parer le mur de protection endommag\u00e9.<\/p>\n<p>\n  &#13;<br \/>\n  \u00c0 lire aussi&#13;<br \/>\n  &#13;<\/p>\n<p>  <img decoding=\"async\" class=\"r-img\"  typeof=\"foaf:Image\" src=\"https:\/\/www.europesays.com\/be-fr\/wp-content\/uploads\/2026\/09\/97148739.jpeg\" alt=\"Max Verstappen va toucher le gros lot.\"\/><br \/>\n        <a class=\"r-stories--link\" href=\"https:\/\/www.rtl.be\/sport\/tous-les-sports\/f1\/une-pluie-de-billets-max-verstappen-signe-le-plus-gros-contrat-de-lhistoire-de\/2026-08-20\/article\/797810\" rel=\"nofollow noopener\" target=\"_blank\">Une pluie de billets\u00a0: Max Verstappen signe le plus gros contrat de l\u2019histoire de la F1 chez Red Bull<\/a>&#13;<br \/>\n  &#13;<br \/>\n&#13;\n<\/p>\n<p>Apr\u00e8s l\u2019\u00e9vacuation de la Ferrari et la remise en \u00e9tat du mur de pneus, un nouveau d\u00e9part a \u00e9t\u00e9 donn\u00e9, dans l\u2019ordre du classement au moment de l\u2019interruption\u00a0: le Britannique George Russell (Mercedes) est reparti de la premi\u00e8re place devant le Fran\u00e7ais Pierre Gasly (Alpine), auteur de la pole position la veille, Verstappen et le surprenant Argentin Franco Colapinto (Alpine). Devant des tifosis m\u00e9dus\u00e9s, dont certains \u00e9taient en pleurs, Hamilton \u00e9tait rel\u00e9gu\u00e9 au huiti\u00e8me rang, alors que l\u2019Italien Kimi Antonelli (Mercedes), leader du championnat du monde, avait d\u00e9j\u00e0 effectu\u00e9 une remont\u00e9e spectaculaire.<\/p>\n<p>&#13;<br \/>\n&#13;<\/p>\n<p>&#13;<br \/>\n&#13;<\/p>\n<p><a class=\"r-btn r-btn--tag\" href=\"https:\/\/www.rtl.be\/333549\/locations\/italie\" title=\"Italie\" rel=\"nofollow noopener\" target=\"_blank\">Italie<\/a><br \/>\n<a class=\"r-btn r-btn--tag\" href=\"https:\/\/www.rtl.be\/383071\/persons\/charles-leclerc\" title=\"Charles Leclerc\" rel=\"nofollow noopener\" target=\"_blank\">Charles Leclerc<\/a><\/p>\n","protected":false},"excerpt":{"rendered":"par Thomas D&rsquo;Alessandro Publi\u00e9 le 06 septembre \u00e0 16h28 Ajoutez-nous \u00e0 vos favoris Google L\u2019iconique Grand Prix de&hellip;\n","protected":false},"author":2,"featured_media":241766,"comment_status":"","ping_status":"","sticky":false,"template":"","format":"standard","meta":{"footnotes":"","_share_on_mastodon":"0"},"categories":[81],"tags":[75482,12,13,18,17,6636,1710,649,5710,75483,1371,3438,75484,75485,84],"class_list":["post-241765","post","type-post","status-publish","format-standard","has-post-thumbnail","category-sports","tag-accident-monza","tag-be","tag-be-fr","tag-belgique","tag-belgium","tag-charles-leclerc","tag-ferrari","tag-formule-1","tag-george-russell","tag-grand-prix-ditalie","tag-lewis-hamilton","tag-max-verstappen","tag-parabolica","tag-securite-piste","tag-sports"],"share_on_mastodon":{"url":"https:\/\/pubeurope.com\/@be_fr\/117225625639528111","error":""},"_links":{"self":[{"href":"https:\/\/www.europesays.com\/be-fr\/wp-json\/wp\/v2\/posts\/241765","targetHints":{"allow":["GET"]}}],"collection":[{"href":"https:\/\/www.europesays.com\/be-fr\/wp-json\/wp\/v2\/posts"}],"about":[{"href":"https:\/\/www.europesays.com\/be-fr\/wp-json\/wp\/v2\/types\/post"}],"author":[{"embeddable":true,"href":"https:\/\/www.europesays.com\/be-fr\/wp-json\/wp\/v2\/users\/2"}],"replies":[{"embeddable":true,"href":"https:\/\/www.europesays.com\/be-fr\/wp-json\/wp\/v2\/comments?post=241765"}],"version-history":[{"count":0,"href":"https:\/\/www.europesays.com\/be-fr\/wp-json\/wp\/v2\/posts\/241765\/revisions"}],"wp:featuredmedia":[{"embeddable":true,"href":"https:\/\/www.europesays.com\/be-fr\/wp-json\/wp\/v2\/media\/241766"}],"wp:attachment":[{"href":"https:\/\/www.europesays.com\/be-fr\/wp-json\/wp\/v2\/media?parent=241765"}],"wp:term":[{"taxonomy":"category","embeddable":true,"href":"https:\/\/www.europesays.com\/be-fr\/wp-json\/wp\/v2\/categories?post=241765"},{"taxonomy":"post_tag","embeddable":true,"href":"https:\/\/www.europesays.com\/be-fr\/wp-json\/wp\/v2\/tags?post=241765"}],"curies":[{"name":"wp","href":"https:\/\/api.w.org\/{rel}","templated":true}]}}