{"id":241805,"date":"2026-09-06T19:44:12","date_gmt":"2026-09-06T19:44:12","guid":{"rendered":"https:\/\/www.europesays.com\/be-fr\/241805\/"},"modified":"2026-09-06T19:44:12","modified_gmt":"2026-09-06T19:44:12","slug":"paris-pour-les-concerts-de-celine-dion-certains-fans-alsaciens-ont-explose-le-budget","status":"publish","type":"post","link":"https:\/\/www.europesays.com\/be-fr\/241805\/","title":{"rendered":"Paris. Pour les concerts de C\u00e9line Dion, certains fans alsaciens ont \u00ab\u00a0explos\u00e9 le budget\u00a0\u00bb"},"content":{"rendered":"<p>J\u2019imaginais payer au maximum 400\u00a0\u20ac\u00a0la place de concert de C\u00e9line Dion, raconte Ana\u00efs Formwald. La jeune trentenaire qui vit \u00e0 Hattstatt s\u2019est finalement acquitt\u00e9e de 850\u00a0\u20ac\u00a0par billet en VIP. \u00ab\u00a0Il ne restait plus que cela et je voulais absolument la voir une fois dans ma vie\u00a0\u00bb, affirme la responsable des ressources humaines d\u2019une grosse entreprise alsacienne.<\/p>\n<p>Elle a achet\u00e9 deux billets, d\u00e9cidant d\u2019y emmener son compagnon Nicolas\u2026 Pourtant nettement moins fan qu\u2019elle. Celui-ci a d\u2019ailleurs sourcill\u00e9 en voyant la somme du virement bancaire que sa compagne avait effectu\u00e9e sur leur compte joint. \u00ab\u00a0Ma carte bancaire personnelle ne fonctionnait pas pour finaliser l\u2019achat, rel\u00e8ve l\u2019admiratrice de la diva qu\u00e9b\u00e9coise, aussi ai-je utilis\u00e9 l\u2019autre. J\u2019ai renflou\u00e9 notre compte avec de l\u2019argent mis de c\u00f4t\u00e9\u00a0\u00bb.<\/p>\n<p>\u00ab\u00a0C\u00e9line se bat contre la maladie, elle est l\u00e0 pour son public\u00a0\u00bb<\/p>\n<p>\u00c0 ce prix-l\u00e0, le 23\u00a0septembre le&#8230;<\/p>\n","protected":false},"excerpt":{"rendered":"J\u2019imaginais payer au maximum 400\u00a0\u20ac\u00a0la place de concert de C\u00e9line Dion, raconte Ana\u00efs Formwald. La jeune trentenaire qui&hellip;\n","protected":false},"author":2,"featured_media":241806,"comment_status":"","ping_status":"","sticky":false,"template":"","format":"standard","meta":{"footnotes":"","_share_on_mastodon":"0"},"categories":[98],"tags":[6546,12,13,18,17,287,96,95,288,107,108,4195],"class_list":["post-241805","post","type-post","status-publish","format-standard","has-post-thumbnail","category-musique","tag-alsace","tag-be","tag-be-fr","tag-belgique","tag-belgium","tag-culture-loisirs","tag-divertissement","tag-entertainment","tag-fil-info","tag-music","tag-musique","tag-spectacle"],"share_on_mastodon":{"url":"https:\/\/pubeurope.com\/@be_fr\/117225813673623823","error":""},"_links":{"self":[{"href":"https:\/\/www.europesays.com\/be-fr\/wp-json\/wp\/v2\/posts\/241805","targetHints":{"allow":["GET"]}}],"collection":[{"href":"https:\/\/www.europesays.com\/be-fr\/wp-json\/wp\/v2\/posts"}],"about":[{"href":"https:\/\/www.europesays.com\/be-fr\/wp-json\/wp\/v2\/types\/post"}],"author":[{"embeddable":true,"href":"https:\/\/www.europesays.com\/be-fr\/wp-json\/wp\/v2\/users\/2"}],"replies":[{"embeddable":true,"href":"https:\/\/www.europesays.com\/be-fr\/wp-json\/wp\/v2\/comments?post=241805"}],"version-history":[{"count":0,"href":"https:\/\/www.europesays.com\/be-fr\/wp-json\/wp\/v2\/posts\/241805\/revisions"}],"wp:featuredmedia":[{"embeddable":true,"href":"https:\/\/www.europesays.com\/be-fr\/wp-json\/wp\/v2\/media\/241806"}],"wp:attachment":[{"href":"https:\/\/www.europesays.com\/be-fr\/wp-json\/wp\/v2\/media?parent=241805"}],"wp:term":[{"taxonomy":"category","embeddable":true,"href":"https:\/\/www.europesays.com\/be-fr\/wp-json\/wp\/v2\/categories?post=241805"},{"taxonomy":"post_tag","embeddable":true,"href":"https:\/\/www.europesays.com\/be-fr\/wp-json\/wp\/v2\/tags?post=241805"}],"curies":[{"name":"wp","href":"https:\/\/api.w.org\/{rel}","templated":true}]}}