{"id":2574,"date":"2026-02-11T12:56:14","date_gmt":"2026-02-11T12:56:14","guid":{"rendered":"https:\/\/www.europesays.com\/be-fr\/2574\/"},"modified":"2026-02-11T12:56:14","modified_gmt":"2026-02-11T12:56:14","slug":"plus-belle-la-vie-spoiler-eric-fait-une-decouverte-choc-sur-juliette-video-episode-du-13-fevrier","status":"publish","type":"post","link":"https:\/\/www.europesays.com\/be-fr\/2574\/","title":{"rendered":"Plus Belle La Vie spoiler : Eric fait une d\u00e9couverte choc sur Juliette ! (vid\u00e9o \u00e9pisode du 13 f\u00e9vrier)"},"content":{"rendered":"<p>\nPublicit\u00e9<\/p>\n<p>Plus belle la vie, encore plus belle spoiler \u2013 Jennifer a fait appel \u00e0 Eric pour retrouver Juliette, son amie d\u2019enfance, dans votre s\u00e9rie quotidienne de TF1 <a href=\"https:\/\/www.plusbellelavie.org\/category\/pblv\/\" rel=\"nofollow noopener\" target=\"_blank\">\u00ab\u00a0Plus belle la vie, encore plus belle\u00a0\u00bb<\/a>. Etonnamment, Jennifer ne se souvient pas de son visage\u2026 Et dans quelques jours, Eric va fait une d\u00e9couverte choc !<\/p>\n<p><img fetchpriority=\"high\" decoding=\"async\" src=\"data:image\/svg+xml,%3Csvg%20xmlns=\" http:=\"\" alt=\"Plus Belle La Vie spoiler : Eric fait une d\u00e9couverte choc sur Juliette ! (vid\u00e9o \u00e9pisode du 13 f\u00e9vrier)\" width=\"1200\" height=\"617\" class=\"size-full wp-image-23097\" data-lazy- data-lazy- data-lazy-src=\"https:\/\/www.europesays.com\/be-fr\/wp-content\/uploads\/2026\/02\/ericsaitquiestjuliette.jpg\"\/><img fetchpriority=\"high\" decoding=\"async\" src=\"https:\/\/www.europesays.com\/be-fr\/wp-content\/uploads\/2026\/02\/ericsaitquiestjuliette.jpg\" alt=\"Plus Belle La Vie spoiler : Eric fait une d\u00e9couverte choc sur Juliette ! (vid\u00e9o \u00e9pisode du 13 f\u00e9vrier)\" width=\"1200\" height=\"617\" class=\"size-full wp-image-23097\"  \/>Capture TF1<\/p>\n<p>\nPublicit\u00e9<\/p>\n<p>En effet, Eric va d\u00e9couvrir que Juliette vit au Mistral depuis des ann\u00e9es sous un autre nom ! Et elle a tr\u00e8s bien reconnu Jennifer mais refuse qu\u2019elle sache qui elle est.<\/p>\n<p>Eric va alors mentir \u00e0 Jennifer en lui disant ne pas avoir r\u00e9ussi \u00e0 retrouver son amie. Laura, qui a compris qu\u2019Eric mentait, exige des explications\u2026. Mais il refuse de lui r\u00e9v\u00e9ler de qui il s\u2019agit.<\/p>\n<p>\nPublicit\u00e9<\/p>\n<p>Plus belle la vie, encore plus belle spoiler extrait vid\u00e9o \u00e9pisode 519 du 13 f\u00e9vrier 2026<\/p>\n<p>Retrouver la vid\u00e9o de cette s\u00e9quence en avance directement sur TF1+ <a href=\"https:\/\/www.tf1.fr\/tf1\/plus-belle-la-vie\/videos\/pblvepb-spoiler-eric-a-menti-a-jennifer-80375723.html\" target=\"_blank\" rel=\"nofollow noopener\">en cliquant ici<\/a>.<\/p>\n","protected":false},"excerpt":{"rendered":"Publicit\u00e9 Plus belle la vie, encore plus belle spoiler \u2013 Jennifer a fait appel \u00e0 Eric pour retrouver&hellip;\n","protected":false},"author":2,"featured_media":2575,"comment_status":"","ping_status":"","sticky":false,"template":"","format":"standard","meta":{"footnotes":"","_share_on_mastodon":"0"},"categories":[99],"tags":[12,13,18,17,96,95,1812,1813,112],"class_list":["post-2574","post","type-post","status-publish","format-standard","has-post-thumbnail","category-television","tag-be","tag-be-fr","tag-belgique","tag-belgium","tag-divertissement","tag-entertainment","tag-pblv","tag-pblvepb","tag-television"],"share_on_mastodon":{"url":"","error":""},"_links":{"self":[{"href":"https:\/\/www.europesays.com\/be-fr\/wp-json\/wp\/v2\/posts\/2574","targetHints":{"allow":["GET"]}}],"collection":[{"href":"https:\/\/www.europesays.com\/be-fr\/wp-json\/wp\/v2\/posts"}],"about":[{"href":"https:\/\/www.europesays.com\/be-fr\/wp-json\/wp\/v2\/types\/post"}],"author":[{"embeddable":true,"href":"https:\/\/www.europesays.com\/be-fr\/wp-json\/wp\/v2\/users\/2"}],"replies":[{"embeddable":true,"href":"https:\/\/www.europesays.com\/be-fr\/wp-json\/wp\/v2\/comments?post=2574"}],"version-history":[{"count":0,"href":"https:\/\/www.europesays.com\/be-fr\/wp-json\/wp\/v2\/posts\/2574\/revisions"}],"wp:featuredmedia":[{"embeddable":true,"href":"https:\/\/www.europesays.com\/be-fr\/wp-json\/wp\/v2\/media\/2575"}],"wp:attachment":[{"href":"https:\/\/www.europesays.com\/be-fr\/wp-json\/wp\/v2\/media?parent=2574"}],"wp:term":[{"taxonomy":"category","embeddable":true,"href":"https:\/\/www.europesays.com\/be-fr\/wp-json\/wp\/v2\/categories?post=2574"},{"taxonomy":"post_tag","embeddable":true,"href":"https:\/\/www.europesays.com\/be-fr\/wp-json\/wp\/v2\/tags?post=2574"}],"curies":[{"name":"wp","href":"https:\/\/api.w.org\/{rel}","templated":true}]}}