{"id":28776,"date":"2026-03-05T10:08:10","date_gmt":"2026-03-05T10:08:10","guid":{"rendered":"https:\/\/www.europesays.com\/be-fr\/28776\/"},"modified":"2026-03-05T10:08:10","modified_gmt":"2026-03-05T10:08:10","slug":"retrouvailles-inattendues-pour-rita-biga-et-josee-deschenes","status":"publish","type":"post","link":"https:\/\/www.europesays.com\/be-fr\/28776\/","title":{"rendered":"retrouvailles inattendues pour Rita Biga et Jos\u00e9e Desch\u00eanes"},"content":{"rendered":"<p class=\"c-paragraph\"><a href=\"https:\/\/www.noovomoi.ca\/en-vedette\/rita-baga-jean-francois-guevremont-chic-amoureux.html\" target=\"_self\" rel=\"nofollow noopener\" title=\"https:\/\/www.noovomoi.ca\/en-vedette\/rita-baga-jean-francois-guevremont-chic-amoureux.html\">Jean\u2011Fran\u00e7ois Gu\u00e8vremont<\/a>, mieux connu sous le nom de Rita Baga, a d\u00e9croch\u00e9 un r\u00f4le dans la populaire s\u00e9rie Ind\u00e9fendable.<\/p>\n<p class=\"c-paragraph\">La drag queen y incarne Madamoiseau, la drag mother de Paul Beaulac (<a href=\"https:\/\/www.noovomoi.ca\/en-vedette\/david-savard-flambant-nu-mexique.html\" target=\"_self\" rel=\"nofollow noopener\" title=\"https:\/\/www.noovomoi.ca\/en-vedette\/david-savard-flambant-nu-mexique.html\">David Savard<\/a>). Rita Baga a d\u2019ailleurs v\u00e9cu des retrouvailles avec <a href=\"https:\/\/www.noovomoi.ca\/en-vedette\/josee-deschenes-presente-petits-enfants.html\" target=\"_self\" rel=\"nofollow noopener\" title=\"https:\/\/www.noovomoi.ca\/en-vedette\/josee-deschenes-presente-petits-enfants.html\">Jos\u00e9e Desch\u00eanes<\/a>. Les deux s\u2019\u00e9taient d\u00e9j\u00e0 crois\u00e9es en 2024 sur le plateau de La petite vie.<\/p>\n<p class=\"c-paragraph\">Dans les plus r\u00e9cents \u00e9pisodes de La Petite Vie, Rita Baga avait fait une apparition dans un flamboyant costume de drag.<\/p>\n<p class=\"c-paragraph\">Elle et Jos\u00e9e Desch\u00eanes ont d\u2019ailleurs immortalis\u00e9 leurs retrouvailles sur une photo que Rita Baga a partag\u00e9e sur ses m\u00e9dias sociaux.<\/p>\n<p class=\"c-paragraph\">Si vous cliquez sur les fl\u00e8ches au centre de l\u2019image vous pourrez voir les photos.<\/p>\n<p class=\"c-paragraph\">Dans sa publication, Rita Baga explique aussi que ce retour sur un plateau de tournage lui a permis de renouer avec sa passion pour le jeu.<\/p>\n<p class=\"c-paragraph\">\u00abUne superbe \u00e9quipe qui a raviv\u00e9 ma flamme pour le jeu. Merci Izabel Chevrier et Pixcom pour la confiance. \u00catre entour\u00e9 de S\u00e9bastien Delorme, Michel Charette, David Savard, Jos\u00e9e Desch\u00eanes et Nathalie Madore pour un premier r\u00f4le, c\u2019est extraordinaire!\u00bb<\/p>\n<p class=\"c-paragraph\">Dans l\u2019intrigue de Ind\u00e9fendable, Rita Baga fait partie de l\u2019entourage de Paul Beaulac, un homme gay qui souhaite devenir drag queen et qui travaille comme homme \u00e0 tout faire.<\/p>\n<p class=\"c-paragraph\">Ce dernier est accus\u00e9 du meurtre de trois jeunes hommes homosexuels, qu\u2019il aurait d\u00e9membr\u00e9s avant d\u2019enterrer les corps dans la cour de ses clients.<\/p>\n<p class=\"c-paragraph\">La plus r\u00e9cente intrigue de la quotidienne s\u2019inspire librement d\u2019une affaire criminelle bien r\u00e9elle survenue \u00e0 Toronto. L\u2019histoire rappelle celle de Bruce McArthur, un meurtrier en s\u00e9rie arr\u00eat\u00e9 en 2018 apr\u00e8s la disparition de plusieurs hommes de la communaut\u00e9 gaie, dont les restes ont \u00e9t\u00e9 retrouv\u00e9s enterr\u00e9s dans des jardins o\u00f9 il travaillait comme paysagiste.<\/p>\n<p class=\"c-paragraph\">Jean\u2011Fran\u00e7ois Gu\u00e8vremont a \u00e9galement particip\u00e9 \u00e0 la troisi\u00e8me saison de Z\u00e9nith, o\u00f9 il a remport\u00e9 <a href=\"https:\/\/www.noovomoi.ca\/en-vedette\/rita-baga-remporte-finale-generation-y-zenith.html\" target=\"_self\" rel=\"nofollow noopener\" title=\"https:\/\/www.noovomoi.ca\/en-vedette\/rita-baga-remporte-finale-generation-y-zenith.html\">la finale de la g\u00e9n\u00e9ration Y<\/a>.<\/p>\n<p>Articles connexes<\/p>\n","protected":false},"excerpt":{"rendered":"Jean\u2011Fran\u00e7ois Gu\u00e8vremont, mieux connu sous le nom de Rita Baga, a d\u00e9croch\u00e9 un r\u00f4le dans la populaire s\u00e9rie&hellip;\n","protected":false},"author":2,"featured_media":28777,"comment_status":"","ping_status":"","sticky":false,"template":"","format":"standard","meta":{"footnotes":"","_share_on_mastodon":"0"},"categories":[102],"tags":[12,13,18,17,129,128,15701,96,95,8081,15699,15702,15703,109,15700,8079],"class_list":["post-28776","post","type-post","status-publish","format-standard","has-post-thumbnail","category-people","tag-be","tag-be-fr","tag-belgique","tag-belgium","tag-celebrities","tag-celebrity","tag-david-savard","tag-divertissement","tag-entertainment","tag-indefendable","tag-jean-francois-guevremont","tag-josee-deschenes","tag-michel-charrette","tag-people","tag-rita-biga","tag-sebastien-delorme"],"share_on_mastodon":{"url":"https:\/\/pubeurope.com\/@be_fr\/116176021726376993","error":""},"_links":{"self":[{"href":"https:\/\/www.europesays.com\/be-fr\/wp-json\/wp\/v2\/posts\/28776","targetHints":{"allow":["GET"]}}],"collection":[{"href":"https:\/\/www.europesays.com\/be-fr\/wp-json\/wp\/v2\/posts"}],"about":[{"href":"https:\/\/www.europesays.com\/be-fr\/wp-json\/wp\/v2\/types\/post"}],"author":[{"embeddable":true,"href":"https:\/\/www.europesays.com\/be-fr\/wp-json\/wp\/v2\/users\/2"}],"replies":[{"embeddable":true,"href":"https:\/\/www.europesays.com\/be-fr\/wp-json\/wp\/v2\/comments?post=28776"}],"version-history":[{"count":0,"href":"https:\/\/www.europesays.com\/be-fr\/wp-json\/wp\/v2\/posts\/28776\/revisions"}],"wp:featuredmedia":[{"embeddable":true,"href":"https:\/\/www.europesays.com\/be-fr\/wp-json\/wp\/v2\/media\/28777"}],"wp:attachment":[{"href":"https:\/\/www.europesays.com\/be-fr\/wp-json\/wp\/v2\/media?parent=28776"}],"wp:term":[{"taxonomy":"category","embeddable":true,"href":"https:\/\/www.europesays.com\/be-fr\/wp-json\/wp\/v2\/categories?post=28776"},{"taxonomy":"post_tag","embeddable":true,"href":"https:\/\/www.europesays.com\/be-fr\/wp-json\/wp\/v2\/tags?post=28776"}],"curies":[{"name":"wp","href":"https:\/\/api.w.org\/{rel}","templated":true}]}}